{"id":15373,"date":"2023-09-24T11:26:44","date_gmt":"2023-09-24T11:26:44","guid":{"rendered":"https:\/\/kraios.app\/news\/siyaset\/2023\/09\/24\/disisleri-bakani-fidan-ab-komisyonunun-icislerinden-sorumlu-uyesi-johansson-ile-gorustu\/"},"modified":"2023-09-24T11:26:44","modified_gmt":"2023-09-24T11:26:44","slug":"disisleri-bakani-fidan-ab-komisyonunun-icislerinden-sorumlu-uyesi-johansson-ile-gorustu","status":"publish","type":"post","link":"https:\/\/kraios.app\/news\/siyaset\/2023\/09\/24\/disisleri-bakani-fidan-ab-komisyonunun-icislerinden-sorumlu-uyesi-johansson-ile-gorustu\/","title":{"rendered":"D\u0131\u015fi\u015fleri Bakan\u0131 Fidan, AB Komisyonunun \u0130\u00e7i\u015flerinden Sorumlu \u00dcyesi Johansson ile g\u00f6r\u00fc\u015ft\u00fc"},"content":{"rendered":"<p>D\u0131\u015fi\u015fleri Bakan\u0131 Hakan Fidan, Avrupa Birli\u011fi (AB) Komisyonunun \u0130\u00e7i\u015flerinden Sorumlu \u00dcyesi Ylva Johansson ile New York&#8217;taki T\u00fcrkevi&#8217;nde g\u00f6r\u00fc\u015ft\u00fc.<\/p>\n","protected":false},"excerpt":{"rendered":"<p>D\u0131\u015fi\u015fleri Bakan\u0131 Hakan Fidan, Avrupa Birli\u011fi (AB) Komisyonunun \u0130\u00e7i\u015flerinden Sorumlu \u00dcyesi Ylva Johansson ile New York&#8217;taki T\u00fcrkevi&#8217;nde g\u00f6r\u00fc\u015ft\u00fc.<\/p>\n","protected":false},"author":1,"featured_media":15374,"comment_status":"","ping_status":"","sticky":false,"template":"","format":"standard","meta":[],"categories":[47],"tags":[],"_links":{"self":[{"href":"https:\/\/kraios.app\/news\/wp-json\/wp\/v2\/posts\/15373"}],"collection":[{"href":"https:\/\/kraios.app\/news\/wp-json\/wp\/v2\/posts"}],"about":[{"href":"https:\/\/kraios.app\/news\/wp-json\/wp\/v2\/types\/post"}],"author":[{"embeddable":true,"href":"https:\/\/kraios.app\/news\/wp-json\/wp\/v2\/users\/1"}],"replies":[{"embeddable":true,"href":"https:\/\/kraios.app\/news\/wp-json\/wp\/v2\/comments?post=15373"}],"version-history":[{"count":0,"href":"https:\/\/kraios.app\/news\/wp-json\/wp\/v2\/posts\/15373\/revisions"}],"wp:featuredmedia":[{"embeddable":true,"href":"https:\/\/kraios.app\/news\/wp-json\/wp\/v2\/media\/15374"}],"wp:attachment":[{"href":"https:\/\/kraios.app\/news\/wp-json\/wp\/v2\/media?parent=15373"}],"wp:term":[{"taxonomy":"category","embeddable":true,"href":"https:\/\/kraios.app\/news\/wp-json\/wp\/v2\/categories?post=15373"},{"taxonomy":"post_tag","embeddable":true,"href":"https:\/\/kraios.app\/news\/wp-json\/wp\/v2\/tags?post=15373"}],"curies":[{"name":"wp","href":"https:\/\/api.w.org\/{rel}","templated":true}]}}