{"id":15363,"date":"2023-09-24T11:12:37","date_gmt":"2023-09-24T11:12:37","guid":{"rendered":"https:\/\/kraios.app\/news\/siyaset\/2023\/09\/24\/secimler-sonrasinda-ulkemizin-ekonomik-istikrarina-olan-guvenin-pekistigini-musahede-ediyoruz\/"},"modified":"2023-09-24T11:12:37","modified_gmt":"2023-09-24T11:12:37","slug":"secimler-sonrasinda-ulkemizin-ekonomik-istikrarina-olan-guvenin-pekistigini-musahede-ediyoruz","status":"publish","type":"post","link":"https:\/\/kraios.app\/news\/siyaset\/2023\/09\/24\/secimler-sonrasinda-ulkemizin-ekonomik-istikrarina-olan-guvenin-pekistigini-musahede-ediyoruz\/","title":{"rendered":"Se\u00e7imler sonras\u0131nda \u00fclkemizin ekonomik istikrar\u0131na olan g\u00fcvenin peki\u015fti\u011fini m\u00fc\u015fahede ediyoruz"},"content":{"rendered":"<p><\/p>\n<div>\n<p>Cumhurba\u015fkan\u0131 <strong>Recep Tayyip Erdo\u011fan<\/strong>, &#8220;Amerika Birle\u015fik Devletleri, ge\u00e7ti\u011fimiz y\u0131l en fazla ihracat yapt\u0131\u011f\u0131m\u0131z 2&#8217;nci, en fazla ithalat yapt\u0131\u011f\u0131m\u0131z 5&#8217;inci \u00fclke oldu. 2022 y\u0131l\u0131 sonu itibar\u0131yla ikili ticaret hacmimiz y\u00fczde 15&#8217;in \u00fczerinde art\u0131\u015fla 32 milyar dolar\u0131 ge\u00e7ti. Ancak hedefimiz 100 milyar dolar\u0131 yakalamakt\u0131r.&#8221; dedi.<\/p>\n<p>Birle\u015fmi\u015f Milletler (BM) 78. Genel Kurulu&#8217;na kat\u0131lmak \u00fczere New York&#8217;ta bulunan Erdo\u011fan, T\u00fcrk-Amerikan \u0130\u015f Konseyince (<strong>TA\u0130K<\/strong>) d\u00fczenlenen yemekte i\u015f d\u00fcnyas\u0131 temsilcileriyle bir araya geldi.<\/p>\n<blockquote class=\"twitter-tweet\">\n<p dir=\"ltr\" lang=\"tr\"><a href=\"https:\/\/twitter.com\/hashtag\/Canl%C4%B1?src=hash&amp;ref_src=twsrc%5Etfw\">#Canl\u0131<\/a>: Cumhurba\u015fkan\u0131 Erdo\u011fan, New York&#8217;ta T\u00fcrk\u2013Amerikan \u0130\u015f Konseyi (TA\u0130K) yeme\u011finde konu\u015fuyor <a href=\"https:\/\/t.co\/jjuhwnGcA6\">https:\/\/t.co\/jjuhwnGcA6<\/a><\/p>\n<p>\u2014 Anadolu Ajans\u0131 (@anadoluajansi) <a href=\"https:\/\/twitter.com\/anadoluajansi\/status\/1704642911441461741?ref_src=twsrc%5Etfw\">September 20, 2023<\/a><\/p><\/blockquote>\n<p>Buradaki konu\u015fmas\u0131nda, i\u015f d\u00fcnyas\u0131 temsilcileriyle yeniden bir araya gelmekten memnuniyet duydu\u011funu dile getiren Erdo\u011fan, T\u00fcrkiye ve ABD&#8217;nin, NATO \u00e7er\u00e7evesinde uzun y\u0131llara dayanan m\u00fcttefiklik ili\u015fkileri bulundu\u011funa i\u015faret etti.<\/p>\n<p>Avrupa-Atlantik co\u011frafyas\u0131n\u0131n g\u00fcvenlik, bar\u0131\u015f ve istikrar\u0131na \u00f6nemli katk\u0131larda bulunan bu ortakl\u0131\u011f\u0131 g\u00fc\u00e7lendirerek s\u00fcrd\u00fcrmeyi arzu ettiklerini vurgulayan Erdo\u011fan, &#8220;Amerika ile ekonomik ve ticari faaliyetlerimiz, ikili ili\u015fkilerimizin \u00f6nemli bir boyutudur. \u0130kili ticaret hacmimiz son 10 y\u0131lda 1,5 kat\u0131na \u00e7\u0131kt\u0131. Amerika Birle\u015fik Devletleri, ge\u00e7ti\u011fimiz y\u0131l en fazla ihracat yapt\u0131\u011f\u0131m\u0131z 2&#8217;nci, en fazla ithalat yapt\u0131\u011f\u0131m\u0131z 5&#8217;inci \u00fclke oldu. 2022 y\u0131l\u0131 sonu itibar\u0131yla ikili ticaret hacmimiz y\u00fczde 15&#8217;in \u00fczerinde art\u0131\u015fla 32 milyar dolar\u0131 ge\u00e7ti.&#8221; ifadelerini kulland\u0131.<\/p>\n<p><img decoding=\"async\" alt=\"\" src=\"https:\/\/www.aa.com.tr\/uploads\/userFiles\/40b5e6df-807a-4c96-8fee-5e91cbea23a3\/2023%2FEyl%C3%BCl%2Fthi1.jpg\"\/><\/p>\n<h3>&#8220;Amerika ile ekonomik alandaki i\u015fbirli\u011fimizi de \u00e7e\u015fitlendirmeliyiz&#8221;<\/h3>\n<p>Cumhurba\u015fkan\u0131 Erdo\u011fan, ABD ile ticaret hacminde yakalanan bu art\u0131\u015f e\u011filiminin memnuniyet verici oldu\u011funu belirterek, &#8220;Ancak hedefimiz 100 milyar dolar\u0131 yakalamakt\u0131r. Bunun i\u00e7in kar\u015f\u0131l\u0131kl\u0131 olarak gayretlerimizi art\u0131rmam\u0131z gerekiyor. Bu ba\u011flamda sizlerden beklentimiz y\u00fcksektir. Amerika ile ili\u015fkilerimizi siyasi d\u00fczlemde ilerletirken, ekonomik alandaki i\u015fbirli\u011fimizi de \u00e7e\u015fitlendirmeliyiz.&#8221; de\u011ferlendirmesinde bulundu.<\/p>\n<p>T\u00fcrkiye ve ABD aras\u0131nda yeni teknolojilerden kritik sekt\u00f6rlere, inovasyondan imalata, yapay zekadan siber g\u00fcvenli\u011fe b\u00fcy\u00fck potansiyel bulundu\u011funa dikkati \u00e7eken Erdo\u011fan, enerji sekt\u00f6r\u00fcn\u00fcn de i\u015fbirli\u011finin ilerletilebilece\u011fi bir ba\u015fka kritik alan oldu\u011funu s\u00f6yledi.<\/p>\n<p>Cumhurba\u015fkan\u0131 Erdo\u011fan, \u015fu ifadeleri kulland\u0131:<\/p>\n<p>&#8220;T\u00fcrkiye olarak Karadeniz&#8217;deki tarihi ke\u015ffimizin ard\u0131ndan do\u011fal gaz ve petrol arama ile \u00fcretimine y\u00f6nelik \u00e7al\u0131\u015fmalar\u0131m\u0131z\u0131 h\u0131zland\u0131rd\u0131k. Biliyorsunuz, k\u0131sa s\u00fcre \u00f6nce \u0130stanbul Finans Merkezimizi hizmete a\u00e7t\u0131k. \u0130stanbul Finans Merkezi ile \u00fclkemizi finans ve kat\u0131l\u0131m finans alan\u0131nda global bir merkeze d\u00f6n\u00fc\u015ft\u00fcrmek istiyoruz. Merkez i\u00e7inde do\u011fal gazdan madenlere bir\u00e7ok \u00fcr\u00fcn\u00fcn pazarlamas\u0131n\u0131n, de\u011ferlendirmesinin yap\u0131laca\u011f\u0131 yeni bir yap\u0131 tesis edece\u011fiz. \u0130stanbul Finans Merkezini ayn\u0131 zamanda &#8216;enerji hub&#8217;\u0131m\u0131z haline getirmeyi arzu ediyoruz.&#8221;<\/p>\n<p><img decoding=\"async\" alt=\"\" src=\"https:\/\/www.aa.com.tr\/uploads\/userFiles\/40b5e6df-807a-4c96-8fee-5e91cbea23a3\/2023%2FEyl%C3%BCl%2Fthi2.jpg\"\/><\/p>\n<h3>&#8220;Detroit u\u00e7u\u015flar\u0131n\u0131n 15 Kas\u0131m&#8217;da ba\u015flamas\u0131 planlan\u0131yor&#8221;<\/h3>\n<p>T\u00fcrk Hava Yollar\u0131n\u0131n 121 \u00fclkeden 342 destinasyona u\u00e7u\u015f ger\u00e7ekle\u015ftirdi\u011fini, ABD&#8217;de 12 noktaya \u0130stanbul&#8217;dan do\u011frudan u\u00e7u\u015f yap\u0131ld\u0131\u011f\u0131n\u0131 anlatan Erdo\u011fan, &#8220;13&#8217;\u00fcnc\u00fc u\u00e7u\u015f noktas\u0131n\u0131 te\u015fkil edecek Detroit u\u00e7u\u015flar\u0131n\u0131n 15 Kas\u0131m&#8217;da ba\u015flamas\u0131 planlan\u0131yor.&#8221; dedi.<\/p>\n<p>Cumhurba\u015fkan\u0131 Erdo\u011fan, ABD ile turizm alan\u0131ndaki ili\u015fkilerin seyrinden de memnuniyet duyduklar\u0131n\u0131 vurgulayarak, salg\u0131n\u0131n etkisinin azalmas\u0131yla 2022&#8217;de 1 milyonun \u00fczerinde ABD&#8217;li turistin T\u00fcrkiye&#8217;de a\u011f\u0131rland\u0131\u011f\u0131n\u0131, gelecek d\u00f6nemde bu say\u0131n\u0131n daha da artmas\u0131n\u0131 \u00fcmit ettiklerini s\u00f6yledi.<\/p>\n<p><img decoding=\"async\" alt=\"\" src=\"https:\/\/www.aa.com.tr\/uploads\/userFiles\/40b5e6df-807a-4c96-8fee-5e91cbea23a3\/2023%2FEyl%C3%BCl%2Fthi3.jpg\"\/><\/p>\n<h3>&#8220;T\u00fcrkiye, Amerikan \u015firketleri i\u00e7in \u00f6nemli bir b\u00f6lgesel \u00fcretim ve hizmet \u00fcss\u00fc&#8221;<\/h3>\n<p>T\u00fcrkiye&#8217;nin son 21 y\u0131lda ekonomiden ticarete, savunma sanayisinden altyap\u0131 yat\u0131r\u0131mlar\u0131na b\u00fcy\u00fck bir ba\u015far\u0131 hikayesi yazd\u0131\u011f\u0131na dikkati \u00e7eken Erdo\u011fan, s\u00f6zlerini \u015f\u00f6yle s\u00fcrd\u00fcrd\u00fc:<\/p>\n<p>&#8220;Yapt\u0131\u011f\u0131m\u0131z reformlar sayesinde \u00fclkemiz son 20 y\u0131lda, 252 milyar dolar\u0131n \u00fczerinde uluslararas\u0131 do\u011frudan yat\u0131r\u0131m \u00e7ekti. T\u00fcrkiye&#8217;nin k\u00fcresel yat\u0131r\u0131mlardaki pay\u0131 2022&#8217;de y\u00fczde 1,03. Amerika Birle\u015fik Devletleri&#8217;nden T\u00fcrkiye&#8217;ye yakla\u015f\u0131k 14,4 milyar dolar do\u011frudan yat\u0131r\u0131m giri\u015fi oldu. \u00dclkemize yat\u0131r\u0131m yapan 2 bin 88 Amerikan firmas\u0131na ve Amerikal\u0131 giri\u015fimcilere T\u00fcrk ekonomisine duyduklar\u0131 g\u00fcven i\u00e7in \u00f6zellikle te\u015fekk\u00fcr ediyorum.<\/p>\n<p>T\u00fcrkiye, Amerikan \u015firketleri i\u00e7in \u00f6nemli bir b\u00f6lgesel \u00fcretim ve hizmet \u00fcss\u00fc konumundad\u0131r. Halihaz\u0131rda Amerikal\u0131lar dahil bir\u00e7ok uluslararas\u0131 \u015firket, T\u00fcrkiye&#8217;yi b\u00f6lgesel bir imalat, ihracat, y\u00f6netim, lojistik, m\u00fchendislik ve ara\u015ft\u0131rma geli\u015ftirme merkezi olarak tercih ediyor. Salg\u0131n sonras\u0131 d\u00f6nemde \u00fclkemizin bu konumu daha fazla \u00f6ne \u00e7\u0131km\u0131\u015ft\u0131r.&#8221;<\/p>\n<p><img decoding=\"async\" alt=\"\" src=\"https:\/\/www.aa.com.tr\/uploads\/userFiles\/40b5e6df-807a-4c96-8fee-5e91cbea23a3\/2023%2FEyl%C3%BCl%2Fthi4.jpg\"\/><\/p>\n<h3>&#8220;Se\u00e7imlerin tamamlanmas\u0131yla olumlu bir atmosfer yakalad\u0131\u011f\u0131m\u0131z\u0131 g\u00f6r\u00fcyoruz&#8221;<\/h3>\n<p>T\u00fcrk i\u015f \u00e7evrelerinin Amerikan ekonomisine yapt\u0131\u011f\u0131 katk\u0131lar\u0131n da az\u0131msanmayacak seviyeye ula\u015ft\u0131\u011f\u0131n\u0131 belirten Erdo\u011fan, T\u00fcrk firmalar\u0131n\u0131n ABD&#8217;deki do\u011frudan yat\u0131r\u0131mlar\u0131n\u0131n son 10 y\u0131lda yakla\u015f\u0131k 8,6 milyar dolar\u0131 buldu\u011funu bildirdi.<\/p>\n<p>Cumhurba\u015fkan\u0131 Erdo\u011fan, i\u015f d\u00fcnyas\u0131 temsilcilerinin gayretleriyle bu yat\u0131r\u0131m rakamlar\u0131n\u0131 kar\u015f\u0131l\u0131kl\u0131 olarak y\u00fckselteceklerinin alt\u0131n\u0131 \u00e7izerek, \u015f\u00f6yle devam etti:<\/p>\n<p>&#8220;\u00dclkemizdeki se\u00e7imlerin tamamlanmas\u0131yla birlikte olumlu bir atmosfer yakalad\u0131\u011f\u0131m\u0131z\u0131 g\u00f6r\u00fcyoruz. Y\u00fczde 90&#8217;lara ula\u015fan rekor kat\u0131l\u0131mla ve demokrasi \u015f\u00f6leni i\u00e7inde ger\u00e7ekle\u015fen 14 ve 28 May\u0131s se\u00e7imlerinde milletimizin tevecc\u00fch\u00fcne mazhar olduk. Cumhur \u0130ttifak\u0131 olarak Meclis \u00e7o\u011funlu\u011funu elde ederken Cumhurba\u015fkanl\u0131\u011f\u0131nda y\u00fczde 52,18 oy oran\u0131yla 5 sene daha milletimize hizmet etme imkan\u0131na kavu\u015ftuk. Se\u00e7imlerin \u00fczerinden bir hafta bile ge\u00e7meden h\u00fck\u00fcmetimizi kurduk. Kalk\u0131nma yolculu\u011fumuza, kald\u0131\u011f\u0131m\u0131z yerden ba\u015flad\u0131k. Ekonomi y\u00f6netimini, uluslararas\u0131 ekonomi \u00e7evrelerinin de \u00e7ok yak\u0131ndan tan\u0131d\u0131\u011f\u0131 ehil isimlerden se\u00e7tik. Se\u00e7imler sonras\u0131nda \u00fclkemizin ekonomik istikrar\u0131na olan g\u00fcvenin peki\u015fti\u011fini memnuniyetle m\u00fc\u015fahede ediyoruz.&#8221;<\/p>\n<p><img decoding=\"async\" alt=\"\" src=\"https:\/\/www.aa.com.tr\/uploads\/userFiles\/40b5e6df-807a-4c96-8fee-5e91cbea23a3\/2023%2FEyl%C3%BCl%2Fthi5.jpg\"\/><\/p>\n<h3>&#8220;T\u00fcrkiye, OECD \u00fcyeleri aras\u0131nda en y\u00fcksek oranda b\u00fcy\u00fcyen 2&#8217;nci \u00fclke&#8221;<\/h3>\n<p>T\u00fcrkiye&#8217;nin bir yandan 6 \u015eubat&#8217;taki Kahramanmara\u015f merkezli depremlerin yaralar\u0131n\u0131 sararken di\u011fer yandan ikinci \u00e7eyrekte y\u00fczde 3,8 b\u00fcy\u00fcme kaydetti\u011fini anlatan Erdo\u011fan, T\u00fcrkiye&#8217;nin b\u00f6ylelikle OECD \u00fcyeleri aras\u0131nda en y\u00fcksek oranda b\u00fcy\u00fcyen 2&#8217;nci, G20 \u00fclkeleri aras\u0131nda ise 3&#8217;\u00fcnc\u00fc \u00fclke olmay\u0131 ba\u015fard\u0131\u011f\u0131n\u0131 s\u00f6yledi.<\/p>\n<p>Cumhurba\u015fkan\u0131 Erdo\u011fan, T\u00fcrkiye&#8217;nin ihracatta 8 ayl\u0131k d\u00f6nemde 165 milyar dolar\u0131, y\u0131ll\u0131k bazda ise 253,5 milyar dolar\u0131 yakalad\u0131\u011f\u0131n\u0131 belirterek, turizmde de \u00f6nceki seneye g\u00f6re \u00e7ok daha yo\u011fun bir sezon ge\u00e7irildi\u011fine i\u015faret etti.<\/p>\n<p>\u0130stihdamda ise herhangi bir d\u00fc\u015f\u00fc\u015f\u00fcn s\u00f6z konusu olmad\u0131\u011f\u0131n\u0131 dile getiren Erdo\u011fan, y\u0131l\u0131n ilk 6 ay\u0131nda depreme ra\u011fmen net 220 bin istihdam art\u0131\u015f\u0131n\u0131n sa\u011fland\u0131\u011f\u0131n\u0131 kaydetti.<\/p>\n<p>D\u00fcnyada son 60-70 y\u0131l\u0131n zirvelerine \u00e7\u0131kan enflasyonun do\u011fal olarak T\u00fcrkiye&#8217;nin de sorunu oldu\u011funu s\u00f6yleyen Erdo\u011fan, bu kapsamda ge\u00e7en hafta 3 y\u0131l\u0131n yol haritas\u0131 mahiyetindeki Orta Vadeli Program&#8217;\u0131 kamuoyuyla payla\u015ft\u0131klar\u0131n\u0131 an\u0131msatt\u0131.<\/p>\n<p>B\u00fcy\u00fcme ve ticaretten fiyat istikrar\u0131 ve finansal istikrara, be\u015feri sermaye ve istihdamdan ye\u015fil ve dijital d\u00f6n\u00fc\u015f\u00fcme, afet y\u00f6netiminden kamu maliyesi ile i\u015f ve yat\u0131r\u0131m ortam\u0131na 7 temel alanda \u00f6ncelikli reform ad\u0131mlar\u0131n\u0131 belirlediklerini dile getiren Erdo\u011fan, \u015f\u00f6yle devam etti:<\/p>\n<p>&#8220;Ekonomik b\u00fcy\u00fcmeden kesinlikle taviz vermeyece\u011fiz. Para, maliye ve gelirler politikalar\u0131n\u0131n t\u00fcm ara\u00e7lar\u0131n\u0131 uygulayarak, enflasyonu art\u0131ran yap\u0131sal unsurlar\u0131n ortadan kald\u0131r\u0131lmas\u0131n\u0131 hedefliyoruz. Temel oda\u011f\u0131m\u0131z, yat\u0131r\u0131m\u0131, istihdam\u0131, \u00fcretimi ve ihracat\u0131 \u00f6nceleyen politikalar\u0131m\u0131z sayesinde s\u00fcrd\u00fcr\u00fclebilir bir b\u00fcy\u00fcme ikliminin tesisidir. Y\u00fcksek katma de\u011ferli \u00f6zel sekt\u00f6r yat\u0131r\u0131mlar\u0131n\u0131n \u00f6nc\u00fcl\u00fc\u011f\u00fcnde ortalama y\u00fczde 4,5 oran\u0131nda b\u00fcy\u00fcmeyi hedefliyoruz.&#8221;<\/p>\n<p>T\u00fcrkiye&#8217;nin sat\u0131n alma g\u00fcc\u00fcne g\u00f6re d\u00fcnyan\u0131n 11&#8217;inci, nominal olarak ise 17&#8217;nci b\u00fcy\u00fck ekonomisi oldu\u011funu bildiren Erdo\u011fan, &#8220;2026 sonunda tarihimizde ilk kez 1,3 trilyon dolar\u0131 a\u015fan bir ekonomik b\u00fcy\u00fckl\u00fck ve 14 bin 850 dolara \u00e7\u0131kan fert ba\u015f\u0131na milli gelire ula\u015faca\u011f\u0131z. 2026 y\u0131l\u0131nda 300 milyar dolar\u0131 a\u015fan ihracat ve 70 milyar dolar\u0131n \u00fczerinde turizm gelirine ula\u015faca\u011f\u0131z. Program d\u00f6neminde 2,7 milyon istihdam art\u0131\u015f\u0131, y\u0131ll\u0131k ortalamada da 900 bin istihdam art\u0131\u015f\u0131 hedefliyoruz.&#8221; diye konu\u015ftu.<\/p>\n<p><img decoding=\"async\" alt=\"\" src=\"https:\/\/www.aa.com.tr\/uploads\/userFiles\/40b5e6df-807a-4c96-8fee-5e91cbea23a3\/2023%2FEyl%C3%BCl%2Fthi6.jpg\"\/><\/p>\n<h3>&#8220;T\u00fcrkiye uluslararas\u0131 yat\u0131r\u0131mc\u0131lar i\u00e7in g\u00fcvenli liman olmay\u0131 s\u00fcrd\u00fcr\u00fcyor&#8221;<\/h3>\n<p>At\u0131lan ad\u0131mlara ba\u011fl\u0131 olarak d\u00f6viz kurunun dengeye kavu\u015ftu\u011funu belirten Erdo\u011fan, \u015funlar\u0131 kaydetti:<\/p>\n<p>&#8220;T\u00fcrkiye, siyasi istikrar\u0131, e\u011fitimli i\u015f g\u00fcc\u00fc, gen\u00e7 n\u00fcfusu, geni\u015f i\u00e7 pazar\u0131 ve b\u00f6lgesel pazarlara eri\u015fimiyle, stratejik konumu ve modern lojistik altyap\u0131s\u0131yla uluslararas\u0131 yat\u0131r\u0131mc\u0131lar i\u00e7in g\u00fcvenli liman olmay\u0131 s\u00fcrd\u00fcr\u00fcyor. B\u00f6lge \u00fclkeleriyle tesis etti\u011fimiz yak\u0131n diyalog sayesinde bu konumumuzu daha da per\u00e7inliyoruz. Ge\u00e7en ay Suudi Arabistan, Katar ve Birle\u015fik Arap Emirlikleri&#8217;ne yapt\u0131\u011f\u0131m\u0131z ziyarette toplam de\u011feri 50 milyar dolar\u0131 a\u015fan anla\u015fmalar imzalad\u0131k.<\/p>\n<p>Rusya-Ukrayna Sava\u015f\u0131&#8217;na \u00e7\u00f6z\u00fcm aray\u0131\u015flar\u0131m\u0131z\u0131 ilk g\u00fcnden itibaren s\u00fcrd\u00fcr\u00fcyoruz. \u0130srail ve Yunanistan ile aram\u0131zdaki meseleleri hal yoluna koyma y\u00f6n\u00fcnde g\u00fc\u00e7l\u00fc bir irade sergiledik. Bu ziyaretimizde her iki \u00fclkenin ba\u015fbakan\u0131yla bir araya gelerek, g\u00fcndemimizdeki konular\u0131 ele ald\u0131k. M\u0131s\u0131r ile yeniden g\u00fc\u00e7lenen diyalo\u011fumuza b\u00fcy\u00fck \u00f6nem atfediyoruz. Avrupa Birli\u011fi&#8217;ne tam \u00fcyelik hedefimizi \u00f6n\u00fcm\u00fcze \u00e7\u0131kar\u0131lan engellere ve 60 y\u0131ld\u0131r maruz kald\u0131\u011f\u0131m\u0131z haks\u0131zl\u0131klara ra\u011fmen halen koruyoruz.&#8221;<\/p>\n<p>&#8220;NATO&#8217;nun en b\u00fcy\u00fck 2&#8217;nci kara ordusuna sahip m\u00fcttefikiyiz.&#8221; diyen Erdo\u011fan, &#8220;T\u00fcrk d\u00fcnyas\u0131yla i\u015fbirli\u011fimiz hamdolsun giderek g\u00fc\u00e7leniyor. Afrika k\u0131tas\u0131ndaki mevcudiyetimiz kendini daha fazla hissettiriyor. D\u0131\u015f politikaya geni\u015f bir perspektiften yakla\u015farak \u00fclkemizin stratejik konumunun sa\u011flad\u0131\u011f\u0131 t\u00fcm avantajlar\u0131 en etkili \u015fekilde kullanmaya \u00e7al\u0131\u015f\u0131yoruz. Diyalog ve diplomasiye imkan tan\u0131nd\u0131\u011f\u0131nda t\u00fcm \u00fclkelerle ortak bir zeminde bula\u015fabilece\u011fimize inan\u0131yoruz.&#8221; ifadelerini kulland\u0131.<\/p>\n<h3>&#8220;Savunma sanayisi alan\u0131ndaki engellerin ortadan kald\u0131r\u0131lmas\u0131n\u0131 bekliyoruz&#8221;<\/h3>\n<p>ABD ile \u00e7elik ve al\u00fcminyum sekt\u00f6r\u00fcndeki ilave g\u00fcmr\u00fck vergileri gibi tek tarafl\u0131 uygulamalardan kaynaklanan sorunlar\u0131 a\u015fmay\u0131 \u00fcmit ettiklerini vurgulayan Erdo\u011fan, konu\u015fmas\u0131n\u0131 \u015fu s\u00f6zlerle tamamlad\u0131:<\/p>\n<p>&#8220;Ayn\u0131 \u015fekilde savunma sanayisi alan\u0131ndaki i\u015fbirli\u011fimizin geli\u015ftirilmesinin \u00f6n\u00fcne \u00e7\u0131kar\u0131lan engellerin de bir an evvel ortadan kald\u0131r\u0131lmas\u0131n\u0131 bekliyoruz. B\u00f6lgesinin istikrar abidesi olan T\u00fcrkiye&#8217;nin jeopolitik \u00f6neminin ve ekonomide sundu\u011fu f\u0131rsatlar\u0131n buralarda tan\u0131t\u0131lmas\u0131nda sizlere de \u00f6nemli g\u00f6revler d\u00fc\u015f\u00fcyor. T\u00fcrkiye-Amerika ili\u015fkilerinin ilerletilmesi i\u00e7in \u00f6zel sekt\u00f6r\u00fcn, siz de\u011ferli i\u015f d\u00fcnyas\u0131n\u0131n ve i\u015f konseylerinin \u00e7abalar\u0131n\u0131 her zaman takdirle kar\u015f\u0131l\u0131yoruz. Bu alandaki gayretlerinizin artarak s\u00fcrmesini temenni ediyoruz. Cumhurba\u015fkanl\u0131\u011f\u0131 Yat\u0131r\u0131m Ofisimizin yan\u0131 s\u0131ra b\u00fcy\u00fckel\u00e7iliklerimizin, konsolosluklar\u0131m\u0131z\u0131n, ticaret m\u00fc\u015favirliklerimizin ve devletimizin t\u00fcm kurumlar\u0131n\u0131n sizlere her t\u00fcrl\u00fc deste\u011fi vermeye haz\u0131r oldu\u011funu tekrar ifade ediyorum.&#8221;<\/p>\n<h3>Notlar<\/h3>\n<p>Cumhurba\u015fkan\u0131 Erdo\u011fan, TA\u0130K \u00fcyeleriyle bir araya geldi\u011fi yemek \u00f6ncesi T\u00fcrkevi \u00f6n\u00fcnde toplanan Ah\u0131ska T\u00fcrkleri ile bir s\u00fcre sohbet etti.<\/p>\n<p>Sohbet s\u0131ras\u0131nda, Erdo\u011fan&#8217;\u0131 g\u00f6rmek i\u00e7in Philadelphia&#8217;dan geldiklerini, 3 \u00e7ocu\u011fu ve 9 torunu oldu\u011funu anlatan bir kad\u0131n, &#8220;Geldi\u011finiz i\u00e7in te\u015fekk\u00fcr ederiz, \u00e7ok dua ediyoruz size. Aya\u011f\u0131n\u0131za ta\u015f de\u011fmesin.&#8221; dedi.<\/p>\n<p>Cumhurba\u015fkan\u0131 Erdo\u011fan da bunun \u00fczerine kad\u0131na te\u015fekk\u00fcrlerini ileterek, &#8220;Bizlere dua edin.&#8221; ifadesini kulland\u0131.<\/p>\n<p>                            <span class=\"detay-foto-editor\">&#13;<br \/>\n                                <a href=\"https:\/\/www.aa.com.tr\/tr\/p\/abonelik-talep-formu\/1001\" target=\"_blank\" style=\"font-size:12px; color:#444; text-decoration:none;\" rel=\"noopener\">&#13;<br \/>\n                                    Anadolu Ajans\u0131 web sitesinde, AA Haber Ak\u0131\u015f Sistemi (HAS) \u00fczerinden abonelere sunulan haberler, \u00f6zetlenerek yay\u0131mlanmaktad\u0131r. <b style=\"color:#1897F7\">Abonelik i\u00e7in l\u00fctfen ileti\u015fime ge\u00e7iniz.<\/b>&#13;<br \/>\n                                <\/a>&#13;<br \/>\n                            <\/span>\n                        <\/div>\n<p><script async src=\"\/\/platform.twitter.com\/widgets.js\" charset=\"utf-8\"><\/script><script>\n\t  window.fbAsyncInit = function() {\n\t\tFB.init({\n\t\t  appId: '1855843514662870',\n\t\t  status : true, \/\/ check login status\n\t\t  cookie : true, \/\/ enable cookies to allow the server to access the session\n\t\t  xfbml  : true  \/\/ parse XFBML\n\t\t});\n\t  };<\/p>\n<p>\t  (function() {\n\t\tvar e = document.createElement('script');\n\t\te.src=\"https:\/\/connect.facebook.net\/tr_TR\/all.js\";\n\t\te.async = true;\n\t\tdocument.getElementById('fb-root').appendChild(e);\n\t  }());\n    <\/script><\/p>\n","protected":false},"excerpt":{"rendered":"<p>Cumhurba\u015fkan\u0131 Recep Tayyip Erdo\u011fan, &#8220;Amerika Birle\u015fik Devletleri, ge\u00e7ti\u011fimiz y\u0131l en fazla ihracat yapt\u0131\u011f\u0131m\u0131z 2&#8217;nci, en fazla ithalat yapt\u0131\u011f\u0131m\u0131z 5&#8217;inci \u00fclke oldu. 2022 y\u0131l\u0131 sonu itibar\u0131yla ikili ticaret hacmimiz y\u00fczde 15&#8217;in \u00fczerinde art\u0131\u015fla 32 milyar dolar\u0131 ge\u00e7ti. Ancak hedefimiz 100 milyar dolar\u0131 yakalamakt\u0131r.&#8221; dedi. Birle\u015fmi\u015f Milletler (BM) 78. Genel Kurulu&#8217;na kat\u0131lmak \u00fczere New York&#8217;ta bulunan Erdo\u011fan, [&hellip;]<\/p>\n","protected":false},"author":1,"featured_media":15364,"comment_status":"","ping_status":"","sticky":false,"template":"","format":"standard","meta":[],"categories":[47],"tags":[],"_links":{"self":[{"href":"https:\/\/kraios.app\/news\/wp-json\/wp\/v2\/posts\/15363"}],"collection":[{"href":"https:\/\/kraios.app\/news\/wp-json\/wp\/v2\/posts"}],"about":[{"href":"https:\/\/kraios.app\/news\/wp-json\/wp\/v2\/types\/post"}],"author":[{"embeddable":true,"href":"https:\/\/kraios.app\/news\/wp-json\/wp\/v2\/users\/1"}],"replies":[{"embeddable":true,"href":"https:\/\/kraios.app\/news\/wp-json\/wp\/v2\/comments?post=15363"}],"version-history":[{"count":0,"href":"https:\/\/kraios.app\/news\/wp-json\/wp\/v2\/posts\/15363\/revisions"}],"wp:featuredmedia":[{"embeddable":true,"href":"https:\/\/kraios.app\/news\/wp-json\/wp\/v2\/media\/15364"}],"wp:attachment":[{"href":"https:\/\/kraios.app\/news\/wp-json\/wp\/v2\/media?parent=15363"}],"wp:term":[{"taxonomy":"category","embeddable":true,"href":"https:\/\/kraios.app\/news\/wp-json\/wp\/v2\/categories?post=15363"},{"taxonomy":"post_tag","embeddable":true,"href":"https:\/\/kraios.app\/news\/wp-json\/wp\/v2\/tags?post=15363"}],"curies":[{"name":"wp","href":"https:\/\/api.w.org\/{rel}","templated":true}]}}