{"id":15353,"date":"2023-09-24T11:01:06","date_gmt":"2023-09-24T11:01:06","guid":{"rendered":"https:\/\/kraios.app\/news\/siyaset\/2023\/09\/24\/cumhurbaskani-erdogan-ve-malezya-basbakani-enverden-ayrimciliga-karsi-ortak-aciklama\/"},"modified":"2023-09-24T11:01:06","modified_gmt":"2023-09-24T11:01:06","slug":"cumhurbaskani-erdogan-ve-malezya-basbakani-enverden-ayrimciliga-karsi-ortak-aciklama","status":"publish","type":"post","link":"https:\/\/kraios.app\/news\/siyaset\/2023\/09\/24\/cumhurbaskani-erdogan-ve-malezya-basbakani-enverden-ayrimciliga-karsi-ortak-aciklama\/","title":{"rendered":"Cumhurba\u015fkan\u0131 Erdo\u011fan ve Malezya Ba\u015fbakan\u0131 Enver&#8217;den ayr\u0131mc\u0131l\u0131\u011fa kar\u015f\u0131 ortak a\u00e7\u0131klama"},"content":{"rendered":"<p><\/p>\n<div>\n<p>Cumhurba\u015fkan\u0131 <strong>Recep Tayyip Erdo\u011fan<\/strong> ve Malezya Ba\u015fbakan\u0131 <strong>Enver \u0130brahim<\/strong>, ortak a\u00e7\u0131klamalar\u0131nda, son d\u00f6nemde baz\u0131 Avrupa \u00fclkelerinde ifade \u00f6zg\u00fcrl\u00fc\u011f\u00fc kisvesi alt\u0131nda Kur&#8217;an-\u0131 Kerim n\u00fcshalar\u0131n\u0131n yak\u0131ld\u0131\u011f\u0131 olaylar\u0131n yan\u0131 s\u0131ra \u0130slam&#8217;a ve M\u00fcsl\u00fcmanlara y\u00f6nelik istismar, nefret s\u00f6ylemi ve sald\u0131rganl\u0131\u011f\u0131 te\u015fvik eden pop\u00fclist s\u00f6ylemleri en g\u00fc\u00e7l\u00fc \u015fekilde k\u0131nad\u0131klar\u0131n\u0131 bildirdi.<\/p>\n<p>Cumhurba\u015fkanl\u0131\u011f\u0131 \u0130leti\u015fim Ba\u015fkanl\u0131\u011f\u0131ndan yap\u0131lan a\u00e7\u0131klamaya g\u00f6re, Birle\u015fmi\u015f Milletler (BM) 78. Genel Kurulu&#8217;na kat\u0131lmak \u00fczere New York&#8217;ta bulunan Cumhurba\u015fkan\u0131 Erdo\u011fan ve Malezya Ba\u015fbakan\u0131 Enver, &#8220;M\u00fcsl\u00fcmanlara ve Kutsallar\u0131na Kar\u015f\u0131 Artan Nefret, Ho\u015fg\u00f6r\u00fcs\u00fczl\u00fck, Ayr\u0131mc\u0131l\u0131k ve \u015eiddet Eylemleri&#8221;ne ili\u015fkin ortak a\u00e7\u0131klama yapt\u0131.<\/p>\n<p>BM Genel Kurulu&#8217;nun 78. Oturumunun \u00dcst D\u00fczey Oturumu marj\u0131nda 20 Eyl\u00fcl&#8217;de New York&#8217;ta bir araya gelindi\u011fi an\u0131msat\u0131lan ortak a\u00e7\u0131klamada, ba\u015fta Avrupa olmak \u00fczere d\u00fcnyan\u0131n bir\u00e7ok yerinde M\u00fcsl\u00fcmanlara ve kutsallar\u0131na kar\u015f\u0131 art\u0131\u015f e\u011filimindeki nefret, ho\u015fg\u00f6r\u00fcs\u00fczl\u00fck, ayr\u0131mc\u0131l\u0131k ve \u015fiddet eylemlerinin \u00fcrk\u00fct\u00fcc\u00fc boyutlara ula\u015ft\u0131\u011f\u0131 derin bir endi\u015feyle ifade edildi.<\/p>\n<p>M\u00fcsl\u00fcmanlara y\u00f6nelik yabanc\u0131 d\u00fc\u015fmanl\u0131\u011f\u0131, olumsuz profilleme, \u00f6nyarg\u0131yla \u015fekillenen,<br \/>karakterize olan yeni bir \u0131rk\u00e7\u0131l\u0131k bi\u00e7iminin ortaya \u00e7\u0131kt\u0131\u011f\u0131 kaydedilen a\u00e7\u0131klamada, \u0130slam \u0130\u015fbirli\u011fi Te\u015fkilat\u0131n\u0131n 21 Eyl\u00fcl&#8217;de New York&#8217;ta d\u00fczenlenecek Y\u0131ll\u0131k Koordinasyon Toplant\u0131s\u0131&#8217;nda, Kur&#8217;an-\u0131 Kerim n\u00fcshalar\u0131n\u0131n yak\u0131lmas\u0131n\u0131n \u00f6nlenmesi konusunun g\u00f6r\u00fc\u015f\u00fclece\u011fi belirtildi.<\/p>\n<p>Ter\u00f6rizm ve \u015fiddete varan a\u015f\u0131r\u0131c\u0131l\u0131\u011f\u0131n, herhangi bir din, millet, medeniyet veya etnik grupla ili\u015fkilendirilemeyece\u011fi ve ili\u015fkilendirilmemesi gerekti\u011fi vurgulanan a\u00e7\u0131klamada, 15 Mart&#8217;\u0131n &#8220;\u0130slam Kar\u015f\u0131tl\u0131\u011f\u0131yla M\u00fccadele Uluslararas\u0131 G\u00fcn\u00fc&#8221; kabul edilmesi hakk\u0131ndaki 76\/254 say\u0131l\u0131 Birle\u015fmi\u015f Milletler Genel Kurulu karar\u0131n\u0131n kabul\u00fc memnuniyetle kar\u015f\u0131land\u0131.<\/p>\n<h3>&#8220;Bu t\u00fcr eylemlerin bar\u0131\u015f i\u00e7in bir tehdit olu\u015fturdu\u011funun alt\u0131n\u0131 \u00e7iziyoruz&#8221;<\/h3>\n<p>Birle\u015fmi\u015f Milletler \u0130nsan Haklar\u0131 Konseyinin 53. oturumu s\u0131ras\u0131nda, Kur&#8217;an-\u0131 Kerim&#8217;e y\u00f6nelik tekrarlanan sayg\u0131s\u0131zl\u0131klarla kendini g\u00f6steren kas\u0131tl\u0131 ve aleni dini nefret eylemlerindeki endi\u015fe verici art\u0131\u015f\u0131n tart\u0131\u015f\u0131ld\u0131\u011f\u0131 ve kutsal kitaplar\u0131n yak\u0131lmas\u0131n\u0131 dini nefret olarak tan\u0131mlayan karar\u0131n kabul edildi\u011fi acil oturumun da memnuniyetle kar\u015f\u0131land\u0131\u011f\u0131 aktar\u0131lan a\u00e7\u0131klamada, BM Genel Kurulu&#8217;nun 25 Temmuz&#8217;da kabul etti\u011fi &#8220;Nefret S\u00f6ylemiyle M\u00fccadelede Dinler ve K\u00fclt\u00fcrler Aras\u0131 Diyalog ve Ho\u015fg\u00f6r\u00fcn\u00fcn Te\u015fvik Edilmesi&#8221;ne ili\u015fkin karar\u0131 an\u0131msat\u0131ld\u0131.<\/p>\n<p>Bu karar\u0131n, dinleri veya inan\u00e7lar\u0131 temelinde ki\u015filere y\u00f6nelik her t\u00fcrl\u00fc \u015fiddet eylemini ve dini sembollerine, kutsal kitaplar\u0131na, ibadet yerlerine, dini mekanlar\u0131na ve mabetlerine y\u00f6nelik eylemleri uluslararas\u0131 hukuka ayk\u0131r\u0131 olarak niteledi\u011fi vurgulanan a\u00e7\u0131klamada, \u015funlar kaydedildi:<\/p>\n<p>&#8220;\u0130slam \u0130\u015fbirli\u011fi Te\u015fkilat\u0131 D\u0131\u015fi\u015fleri Bakanlar\u0131 Konseyinin 31 Temmuz 2023 tarihli 18. Ola\u011fan\u00fcst\u00fc Oturumu&#8217;nda kabul edilen ve \u0130slam&#8217;\u0131 karalama kampanyas\u0131n\u0131n yo\u011funla\u015fmas\u0131n\u0131n yan\u0131 s\u0131ra \u0130slam dininin sembollerine kar\u015f\u0131 \u015fiddet, yabanc\u0131 d\u00fc\u015fmanl\u0131\u011f\u0131 eylemleri ve bunlarla ba\u011flant\u0131l\u0131 ho\u015fg\u00f6r\u00fcs\u00fczl\u00fc\u011f\u00fcn k\u0131\u015fk\u0131rt\u0131lmas\u0131ndan duyulan endi\u015feyi ifade eden karar\u0131 hat\u0131rlatarak, dini nefret, \u0131rk\u00e7\u0131l\u0131k, ayr\u0131mc\u0131l\u0131k ve yabanc\u0131 d\u00fc\u015fmanl\u0131\u011f\u0131 niteli\u011findeki bu t\u00fcr eylemlerin bar\u0131\u015f i\u00e7in bir tehdit olu\u015fturdu\u011funun ve \u015fiddet k\u00fclt\u00fcr\u00fcn\u00fc te\u015fvik etti\u011finin alt\u0131n\u0131 \u00e7iziyoruz.&#8221;<\/p>\n<h3>&#8220;Sald\u0131rganl\u0131\u011f\u0131 te\u015fvik eden pop\u00fclist s\u00f6ylemleri en g\u00fc\u00e7l\u00fc \u015fekilde k\u0131n\u0131yoruz&#8221;<\/h3>\n<p>&#8220;Son d\u00f6nemde baz\u0131 Avrupa \u00fclkelerinde ifade \u00f6zg\u00fcrl\u00fc\u011f\u00fc kisvesi alt\u0131nda Kur&#8217;an-\u0131 Kerim n\u00fcshalar\u0131n\u0131n yak\u0131ld\u0131\u011f\u0131 olaylar\u0131n yan\u0131 s\u0131ra \u0130slam&#8217;a ve M\u00fcsl\u00fcmanlara y\u00f6nelik istismar, nefret s\u00f6ylemi ve sald\u0131rganl\u0131\u011f\u0131 te\u015fvik eden pop\u00fclist s\u00f6ylemleri en g\u00fc\u00e7l\u00fc \u015fekilde k\u0131n\u0131yoruz.&#8221; ifadesi kullan\u0131lan a\u00e7\u0131klamada, \u015fu de\u011ferlendirmelere yer verildi:<\/p>\n<p>&#8220;Birle\u015fmi\u015f Milletler \u0130nsan Haklar\u0131 Konseyinin 16\/18 say\u0131l\u0131 karar\u0131n\u0131n tam ve etkili bir \u015fekilde uygulanmas\u0131 i\u00e7in en \u00fcst d\u00fczeyde siyasi taahh\u00fcd\u00fcn temel rol\u00fcn\u00fc bir kez daha hat\u0131rlat\u0131yor ve devletleri, din veya inanca dayal\u0131 \u015fiddete te\u015fvikin su\u00e7 say\u0131lmas\u0131n\u0131n \u00f6nemine \u00f6zel dikkat g\u00f6stermeye ve hesap verilebilirli\u011fi temin etmeye y\u00f6nelik acil ad\u0131mlar atmaya te\u015fvik ediyoruz. Dinler ve inan\u00e7lar\u0131n zenginli\u011fini ve insan haklar\u0131na sayg\u0131ya dayal\u0131 bir ho\u015fg\u00f6r\u00fc ve bar\u0131\u015f k\u00fclt\u00fcr\u00fcn\u00fc te\u015fvik etmek amac\u0131yla k\u00fcresel diyalo\u011fu canland\u0131rmaya y\u00f6nelik g\u00fc\u00e7lendirilmi\u015f \u00e7abalar hakk\u0131ndaki 76\/254 say\u0131l\u0131 Birle\u015fmi\u015f Milletler karar\u0131nda yer alan \u00e7a\u011fr\u0131y\u0131 yineliyor, h\u00fck\u00fcmetler de dahil olmak \u00fczere ilgili t\u00fcm payda\u015flara, ayr\u0131mc\u0131l\u0131k, yabanc\u0131 d\u00fc\u015fmanl\u0131\u011f\u0131, \u0131rk\u00e7\u0131l\u0131k ve nefret s\u00f6yleminin uluslararas\u0131 insan haklar\u0131na uygun olarak ele al\u0131nmas\u0131na y\u00f6nelik \u00e7abalar\u0131 art\u0131rmalar\u0131 y\u00f6n\u00fcnde \u00e7a\u011fr\u0131da bulunuyoruz.&#8221;<\/p>\n<p>                            <span class=\"detay-foto-editor\">&#13;<br \/>\n                                <a href=\"https:\/\/www.aa.com.tr\/tr\/p\/abonelik-talep-formu\/1001\" target=\"_blank\" style=\"font-size:12px; color:#444; text-decoration:none;\" rel=\"noopener\">&#13;<br \/>\n                                    Anadolu Ajans\u0131 web sitesinde, AA Haber Ak\u0131\u015f Sistemi (HAS) \u00fczerinden abonelere sunulan haberler, \u00f6zetlenerek yay\u0131mlanmaktad\u0131r. <b style=\"color:#1897F7\">Abonelik i\u00e7in l\u00fctfen ileti\u015fime ge\u00e7iniz.<\/b>&#13;<br \/>\n                                <\/a>&#13;<br \/>\n                            <\/span>\n                        <\/div>\n<p><script>\n\t  window.fbAsyncInit = function() {\n\t\tFB.init({\n\t\t  appId: '1855843514662870',\n\t\t  status : true, \/\/ check login status\n\t\t  cookie : true, \/\/ enable cookies to allow the server to access the session\n\t\t  xfbml  : true  \/\/ parse XFBML\n\t\t});\n\t  };<\/p>\n<p>\t  (function() {\n\t\tvar e = document.createElement('script');\n\t\te.src=\"https:\/\/connect.facebook.net\/tr_TR\/all.js\";\n\t\te.async = true;\n\t\tdocument.getElementById('fb-root').appendChild(e);\n\t  }());\n    <\/script><\/p>\n","protected":false},"excerpt":{"rendered":"<p>Cumhurba\u015fkan\u0131 Recep Tayyip Erdo\u011fan ve Malezya Ba\u015fbakan\u0131 Enver \u0130brahim, ortak a\u00e7\u0131klamalar\u0131nda, son d\u00f6nemde baz\u0131 Avrupa \u00fclkelerinde ifade \u00f6zg\u00fcrl\u00fc\u011f\u00fc kisvesi alt\u0131nda Kur&#8217;an-\u0131 Kerim n\u00fcshalar\u0131n\u0131n yak\u0131ld\u0131\u011f\u0131 olaylar\u0131n yan\u0131 s\u0131ra \u0130slam&#8217;a ve M\u00fcsl\u00fcmanlara y\u00f6nelik istismar, nefret s\u00f6ylemi ve sald\u0131rganl\u0131\u011f\u0131 te\u015fvik eden pop\u00fclist s\u00f6ylemleri en g\u00fc\u00e7l\u00fc \u015fekilde k\u0131nad\u0131klar\u0131n\u0131 bildirdi. Cumhurba\u015fkanl\u0131\u011f\u0131 \u0130leti\u015fim Ba\u015fkanl\u0131\u011f\u0131ndan yap\u0131lan a\u00e7\u0131klamaya g\u00f6re, Birle\u015fmi\u015f Milletler (BM) 78. [&hellip;]<\/p>\n","protected":false},"author":1,"featured_media":15354,"comment_status":"","ping_status":"","sticky":false,"template":"","format":"standard","meta":[],"categories":[47],"tags":[],"_links":{"self":[{"href":"https:\/\/kraios.app\/news\/wp-json\/wp\/v2\/posts\/15353"}],"collection":[{"href":"https:\/\/kraios.app\/news\/wp-json\/wp\/v2\/posts"}],"about":[{"href":"https:\/\/kraios.app\/news\/wp-json\/wp\/v2\/types\/post"}],"author":[{"embeddable":true,"href":"https:\/\/kraios.app\/news\/wp-json\/wp\/v2\/users\/1"}],"replies":[{"embeddable":true,"href":"https:\/\/kraios.app\/news\/wp-json\/wp\/v2\/comments?post=15353"}],"version-history":[{"count":0,"href":"https:\/\/kraios.app\/news\/wp-json\/wp\/v2\/posts\/15353\/revisions"}],"wp:featuredmedia":[{"embeddable":true,"href":"https:\/\/kraios.app\/news\/wp-json\/wp\/v2\/media\/15354"}],"wp:attachment":[{"href":"https:\/\/kraios.app\/news\/wp-json\/wp\/v2\/media?parent=15353"}],"wp:term":[{"taxonomy":"category","embeddable":true,"href":"https:\/\/kraios.app\/news\/wp-json\/wp\/v2\/categories?post=15353"},{"taxonomy":"post_tag","embeddable":true,"href":"https:\/\/kraios.app\/news\/wp-json\/wp\/v2\/tags?post=15353"}],"curies":[{"name":"wp","href":"https:\/\/api.w.org\/{rel}","templated":true}]}}