{"id":15333,"date":"2023-09-24T10:36:14","date_gmt":"2023-09-24T10:36:14","guid":{"rendered":"https:\/\/kraios.app\/news\/siyaset\/2023\/09\/24\/adalet-bakani-tunctan-kilicdaroglunun-veysel-sahin-hakkindaki-iddialarina-iliskin-aciklama\/"},"modified":"2023-09-24T10:36:14","modified_gmt":"2023-09-24T10:36:14","slug":"adalet-bakani-tunctan-kilicdaroglunun-veysel-sahin-hakkindaki-iddialarina-iliskin-aciklama","status":"publish","type":"post","link":"https:\/\/kraios.app\/news\/siyaset\/2023\/09\/24\/adalet-bakani-tunctan-kilicdaroglunun-veysel-sahin-hakkindaki-iddialarina-iliskin-aciklama\/","title":{"rendered":"Adalet Bakan\u0131 Tun\u00e7&#8217;tan, K\u0131l\u0131\u00e7daro\u011flu&#8217;nun &#8220;Veysel \u015eahin&#8221; hakk\u0131ndaki iddialar\u0131na ili\u015fkin a\u00e7\u0131klama"},"content":{"rendered":"<p><\/p>\n<div>\n<p><strong>Adalet Bakan\u0131 Y\u0131lmaz Tun\u00e7, <\/strong>sosyal medya hesab\u0131ndan yapt\u0131\u011f\u0131 a\u00e7\u0131klamada, &#8220;CHP Genel Ba\u015fkan\u0131 Kemal K\u0131l\u0131\u00e7daro\u011flu&#8217;nun ba\u011f\u0131ms\u0131z yarg\u0131 kararlar\u0131 \u00fczerinden Cumhurba\u015fkan\u0131 Recep Tayyip Erdo\u011fan&#8217;a y\u00f6nelik iftiralar\u0131n\u0131 ve hakaretlerini reddettiklerini&#8221; belirtti.<\/p>\n<p>A\u00e7\u0131klamas\u0131nda, &#8220;Kemal K\u0131l\u0131\u00e7daro\u011flu, iddias\u0131na konu etti\u011fi h\u00fck\u00fcml\u00fcn\u00fcn ald\u0131\u011f\u0131 cezadan m\u0131 rahats\u0131z olmu\u015ftur? Yoksa yarg\u0131lama s\u00fcrecinin itiraz a\u015famas\u0131ndaki iki karar aras\u0131nda &#8216;1-2 saat&#8217; ge\u00e7mi\u015f olmas\u0131na kar\u015f\u0131n yasa d\u0131\u015f\u0131 bahis ve su\u00e7 i\u015flemek amac\u0131yla \u00f6rg\u00fct kurmak su\u00e7lar\u0131ndan h\u00fck\u00fcml\u00fc \u015fahs\u0131n serbest b\u0131rak\u0131lmamas\u0131ndan m\u0131 rahats\u0131z olmu\u015ftur?&#8221; sorular\u0131n\u0131 y\u00f6nelten Tun\u00e7, T\u00fcrkiye Cumhuriyeti&#8217;nin bir hukuk devleti oldu\u011funu ifade etti.<\/p>\n<p>Yarg\u0131n\u0131n ba\u011f\u0131ms\u0131z ve tarafs\u0131z oldu\u011funu belirten Tun\u00e7, \u015fu de\u011ferlendirmelerde bulundu:<\/p>\n<p>&#8220;Yarg\u0131y\u0131 hedef alan sorumsuz a\u00e7\u0131klamalar ana muhalefet partisinin genel ba\u015fkan\u0131na yak\u0131\u015fmamaktad\u0131r. Bu seviyesiz ve sorumsuz tutumdan bir an \u00f6nce vazge\u00e7ilmelidir. Yarg\u0131 mensuplar\u0131 her su\u00e7la ve su\u00e7luyla hukuk i\u00e7erisinde Anayasa ve kanunlardan ald\u0131\u011f\u0131 g\u00fc\u00e7le m\u00fccadele etmeye devam edecektir. Ba\u011f\u0131ms\u0131z ve tarafs\u0131z yarg\u0131y\u0131 y\u0131pratmak, adalete g\u00fcveni sarsmak isteyen k\u00f6t\u00fc niyetlilere asla ge\u00e7it vermeyece\u011fiz. Bundan kimsenin \u015f\u00fcphesi olmas\u0131n.&#8221;<\/p>\n<h3>&#8220;K\u0131l\u0131\u00e7daro\u011flu&#8217;nun iddialar\u0131 ger\u00e7e\u011fi yans\u0131tmamaktad\u0131r&#8221;<\/h3>\n<p>Konuya ili\u015fkin Adalet Bakanl\u0131\u011f\u0131ndan yap\u0131lan a\u00e7\u0131klamada ise &#8220;K\u0131l\u0131\u00e7daro\u011flu&#8217;nun ba\u011f\u0131ms\u0131z ve tarafs\u0131z T\u00fcrk yarg\u0131s\u0131n\u0131 hedef alarak ortaya att\u0131\u011f\u0131 iddialar\u0131n ger\u00e7e\u011fi yans\u0131tmad\u0131\u011f\u0131&#8221; bildirildi.<\/p>\n<p>\u015eahin hakk\u0131nda \u00e7e\u015fitli su\u00e7lardan 13 y\u0131l 10 ay hapis cezas\u0131 verildi\u011fi ve Marmara 1 Nolu Kapal\u0131 Ceza \u0130nfaz Kurumu&#8217;nda infaz\u0131 devam ederken avukat\u0131n\u0131n itirazda bulundu\u011fu belirtilen a\u00e7\u0131klamada, bunun \u00fczerine Bak\u0131rk\u00f6y 14. A\u011f\u0131r Ceza Mahkemesince verilen de\u011fi\u015fik i\u015f karar\u0131na kar\u015f\u0131 Bak\u0131rk\u00f6y Cumhuriyet Ba\u015fsavc\u0131l\u0131\u011f\u0131nca itiraz edildi\u011fi bilgisi yer ald\u0131.<\/p>\n<p>\u0130tiraz\u0131n de\u011ferlendirilmesi sonucu ayn\u0131 mahkemece ilk karar\u0131n iptalinin kararla\u015ft\u0131r\u0131ld\u0131\u011f\u0131 aktar\u0131ld\u0131\u011f\u0131 kaydedilen a\u00e7\u0131klamada, &#8220;\u0130ddiaya konu olan h\u00fck\u00fcml\u00fcn\u00fcn 13 y\u0131l 10 ay kesinle\u015fmi\u015f hapis cezas\u0131n\u0131n infaz\u0131na devam edilmi\u015ftir.&#8221; ifadesine yer verildi.<\/p>\n<p>Bu safhada mahkemenin verdi\u011fi kararlar\u0131n yarg\u0131 s\u00fcre\u00e7lerinin bir par\u00e7as\u0131 oldu\u011fu an\u0131msat\u0131lan kararda, &#8220;yarg\u0131 mensuplar\u0131na y\u00f6nelik a\u00e7\u0131klamalar\u0131n yarg\u0131ya g\u00fcveni sarsmaya y\u00f6nelik oldu\u011fu&#8221; belirtildi.<\/p>\n<p>A\u00e7\u0131klamada, \u015funlar kaydedildi:<\/p>\n<p>&#8220;Yarg\u0131ya m\u00fcdahale edildi\u011fi \u015feklindeki beyanlar ba\u011f\u0131ms\u0131z ve tarafs\u0131z T\u00fcrk yarg\u0131s\u0131n\u0131 y\u0131pratmaya matuftur. Anayasa&#8217;n\u0131n 9&#8217;uncu maddesinde yer ald\u0131\u011f\u0131 \u00fczere; &#8216;Yarg\u0131 yetkisi T\u00fcrk milleti ad\u0131na ba\u011f\u0131ms\u0131z ve tarafs\u0131z mahkemelerce kullan\u0131l\u0131r.&#8217; Yine 138&#8217;inci maddeye g\u00f6re; &#8216;Hakimler, g\u00f6revlerinde ba\u011f\u0131ms\u0131zd\u0131rlar; Anayasa&#8217;ya, kanuna ve hukuka uygun olarak vicdani kanaatlerine g\u00f6re h\u00fck\u00fcm verirler. Hi\u00e7bir organ, makam, merci veya ki\u015fi, yarg\u0131 yetkisinin kullan\u0131lmas\u0131nda mahkemelere ve hakimlere emir ve talimat veremez; genelge g\u00f6nderemez; tavsiye ve telkinde bulunamaz.&#8217; Bu hakikati g\u00f6rmezden gelen ve millet ad\u0131na karar veren yarg\u0131 mensuplar\u0131na y\u00f6nelik a\u00e7\u0131klamalarla adalete g\u00fcveni sarsmaya \u00e7al\u0131\u015fanlar asla amac\u0131na ula\u015famayacakt\u0131r.&#8221;<\/p>\n<p>                            <span class=\"detay-foto-editor\">&#13;<br \/>\n                                <a href=\"https:\/\/www.aa.com.tr\/tr\/p\/abonelik-talep-formu\/1001\" target=\"_blank\" style=\"font-size:12px; color:#444; text-decoration:none;\" rel=\"noopener\">&#13;<br \/>\n                                    Anadolu Ajans\u0131 web sitesinde, AA Haber Ak\u0131\u015f Sistemi (HAS) \u00fczerinden abonelere sunulan haberler, \u00f6zetlenerek yay\u0131mlanmaktad\u0131r. <b style=\"color:#1897F7\">Abonelik i\u00e7in l\u00fctfen ileti\u015fime ge\u00e7iniz.<\/b>&#13;<br \/>\n                                <\/a>&#13;<br \/>\n                            <\/span>\n                        <\/div>\n<p><script>\n\t  window.fbAsyncInit = function() {\n\t\tFB.init({\n\t\t  appId: '1855843514662870',\n\t\t  status : true, \/\/ check login status\n\t\t  cookie : true, \/\/ enable cookies to allow the server to access the session\n\t\t  xfbml  : true  \/\/ parse XFBML\n\t\t});\n\t  };<\/p>\n<p>\t  (function() {\n\t\tvar e = document.createElement('script');\n\t\te.src=\"https:\/\/connect.facebook.net\/tr_TR\/all.js\";\n\t\te.async = true;\n\t\tdocument.getElementById('fb-root').appendChild(e);\n\t  }());\n    <\/script><\/p>\n","protected":false},"excerpt":{"rendered":"<p>Adalet Bakan\u0131 Y\u0131lmaz Tun\u00e7, sosyal medya hesab\u0131ndan yapt\u0131\u011f\u0131 a\u00e7\u0131klamada, &#8220;CHP Genel Ba\u015fkan\u0131 Kemal K\u0131l\u0131\u00e7daro\u011flu&#8217;nun ba\u011f\u0131ms\u0131z yarg\u0131 kararlar\u0131 \u00fczerinden Cumhurba\u015fkan\u0131 Recep Tayyip Erdo\u011fan&#8217;a y\u00f6nelik iftiralar\u0131n\u0131 ve hakaretlerini reddettiklerini&#8221; belirtti. A\u00e7\u0131klamas\u0131nda, &#8220;Kemal K\u0131l\u0131\u00e7daro\u011flu, iddias\u0131na konu etti\u011fi h\u00fck\u00fcml\u00fcn\u00fcn ald\u0131\u011f\u0131 cezadan m\u0131 rahats\u0131z olmu\u015ftur? Yoksa yarg\u0131lama s\u00fcrecinin itiraz a\u015famas\u0131ndaki iki karar aras\u0131nda &#8216;1-2 saat&#8217; ge\u00e7mi\u015f olmas\u0131na kar\u015f\u0131n yasa d\u0131\u015f\u0131 [&hellip;]<\/p>\n","protected":false},"author":1,"featured_media":15334,"comment_status":"","ping_status":"","sticky":false,"template":"","format":"standard","meta":[],"categories":[47],"tags":[],"_links":{"self":[{"href":"https:\/\/kraios.app\/news\/wp-json\/wp\/v2\/posts\/15333"}],"collection":[{"href":"https:\/\/kraios.app\/news\/wp-json\/wp\/v2\/posts"}],"about":[{"href":"https:\/\/kraios.app\/news\/wp-json\/wp\/v2\/types\/post"}],"author":[{"embeddable":true,"href":"https:\/\/kraios.app\/news\/wp-json\/wp\/v2\/users\/1"}],"replies":[{"embeddable":true,"href":"https:\/\/kraios.app\/news\/wp-json\/wp\/v2\/comments?post=15333"}],"version-history":[{"count":0,"href":"https:\/\/kraios.app\/news\/wp-json\/wp\/v2\/posts\/15333\/revisions"}],"wp:featuredmedia":[{"embeddable":true,"href":"https:\/\/kraios.app\/news\/wp-json\/wp\/v2\/media\/15334"}],"wp:attachment":[{"href":"https:\/\/kraios.app\/news\/wp-json\/wp\/v2\/media?parent=15333"}],"wp:term":[{"taxonomy":"category","embeddable":true,"href":"https:\/\/kraios.app\/news\/wp-json\/wp\/v2\/categories?post=15333"},{"taxonomy":"post_tag","embeddable":true,"href":"https:\/\/kraios.app\/news\/wp-json\/wp\/v2\/tags?post=15333"}],"curies":[{"name":"wp","href":"https:\/\/api.w.org\/{rel}","templated":true}]}}