{"id":15321,"date":"2023-09-24T10:24:14","date_gmt":"2023-09-24T10:24:14","guid":{"rendered":"https:\/\/kraios.app\/news\/siyaset\/2023\/09\/24\/mhp-yerel-secim-calismalarini-uc-ana-hedef-ekseninde-yurutecek\/"},"modified":"2023-09-24T10:24:14","modified_gmt":"2023-09-24T10:24:14","slug":"mhp-yerel-secim-calismalarini-uc-ana-hedef-ekseninde-yurutecek","status":"publish","type":"post","link":"https:\/\/kraios.app\/news\/siyaset\/2023\/09\/24\/mhp-yerel-secim-calismalarini-uc-ana-hedef-ekseninde-yurutecek\/","title":{"rendered":"MHP, yerel se\u00e7im \u00e7al\u0131\u015fmalar\u0131n\u0131 \u00fc\u00e7 ana hedef ekseninde y\u00fcr\u00fctecek"},"content":{"rendered":"<p><\/p>\n<div>\n<p>Edinilen bilgiye g\u00f6re MHP&#8217;de, Genel Ba\u015fkan Devlet Bah\u00e7eli&#8217;nin, temmuzda &#8220;2024&#8217;e Do\u011fru, Diyar Diyar Anadolu&#8221; temas\u0131yla yerel se\u00e7imlere haz\u0131rl\u0131k s\u00fcrecini ba\u015flatmas\u0131n\u0131n ard\u0131ndan \u00e7al\u0131\u015fmalara h\u0131z verildi.<\/p>\n<p>MHP, se\u00e7im stratejisini, &#8220;\u0130stikrar ve Hizmet \u0130\u00e7in, Uyumlu Y\u00f6netimle, Umutlu Gelece\u011fe&#8221; ve &#8220;Merkezden Yerele \u0130stikrar\u0131 Bozmadan Umuda Do\u011fru&#8221; sloganlar\u0131 \u00fczerine kurdu.<\/p>\n<p>Se\u00e7im stratejisinin ba\u015fl\u0131klar\u0131ndan ilkini &#8220;merkezi ve yerel y\u00f6netimin uyum i\u00e7erisinde \u00e7al\u0131\u015fmas\u0131&#8221; olarak belirleyen parti, Cumhur \u0130ttifak\u0131&#8217;n\u0131n Cumhurba\u015fkan\u0131 ve 28. D\u00f6nem Milletvekili Genel Se\u00e7imleri&#8217;nde elde etti\u011fi ba\u015far\u0131n\u0131n yerel se\u00e7imde de s\u00fcrd\u00fcr\u00fclmesini hedefliyor. MHP, b\u00f6ylece siyasi istikrar\u0131n peki\u015fece\u011fi ve vatanda\u015fa giden hizmetin kalitesinin artaca\u011f\u0131n\u0131 d\u00fc\u015f\u00fcn\u00fcyor.<\/p>\n<p>MHP&#8217;nin stratejisinde Cumhur \u0130ttifak\u0131&#8217;nda olmayan b\u00fcy\u00fck\u015fehirlerin kazan\u0131lmas\u0131 ikinci hedef olarak belirlenirken parti, 6 \u015eubat&#8217;taki Kahramanmara\u015f merkezli depremlerin etkiledi\u011fi 11 il ve il\u00e7elerinde ise ittifak\u0131n &#8220;mutlak zafer&#8221; elde etmesini ama\u00e7l\u0131yor.<\/p>\n<p>MHP&#8217;li belediye say\u0131s\u0131n\u0131 31 Mart 2024&#8217;te yap\u0131lacak se\u00e7imde art\u0131rmak isteyen parti, 2019 yerel se\u00e7imlerinde bir b\u00fcy\u00fck\u015fehir (Manisa), 10 il, 133 il\u00e7e ve 88 belde olmak \u00fczere 232 belediye kazanm\u0131\u015ft\u0131.<\/p>\n<h3>Depremden etkilenen illere \u00f6zel &#8220;Hep Yan\u0131nda&#8221; kampanyas\u0131<\/h3>\n<p>Bu arada MHP Genel Ba\u015fkan\u0131 Bah\u00e7eli, depremden etkilenen 11 ilde kampanya \u00e7al\u0131\u015fmalar\u0131n\u0131n depremzede vatanda\u015flar\u0131n hassasiyetleri g\u00f6zetilerek yap\u0131lmas\u0131 talimat\u0131n\u0131 verdi. MHP bu kapsamda depremden etkilenen illere \u00f6zel &#8220;Hep Yan\u0131nda&#8221; ana temas\u0131 ile kampanya \u00e7al\u0131\u015fmas\u0131 ba\u015flatt\u0131.<\/p>\n<p>Parti, kampanyada, depremzedelerin her zaman yanlar\u0131nda olacaklar\u0131 vurgusunu yaparak, &#8220;Verilecek Do\u011fru Karar, Yaralar\u0131 Cumhur Sarar&#8221;, &#8220;Dar Zaman\u0131nda T\u00fcm G\u00fcc\u00fcyle Yan\u0131nda&#8221;, &#8220;Yaralar\u0131 \u00d6zenle Saracak, G\u00fcvenli Gelece\u011fi Kuracak&#8221; ve &#8220;Beklentisiz Destek Kesintisiz Hizmet&#8221; sloganlar\u0131n\u0131 kullanacak.<\/p>\n<p>                            <span class=\"detay-foto-editor\">&#13;<br \/>\n                                <a href=\"https:\/\/www.aa.com.tr\/tr\/p\/abonelik-talep-formu\/1001\" target=\"_blank\" style=\"font-size:12px; color:#444; text-decoration:none;\" rel=\"noopener\">&#13;<br \/>\n                                    Anadolu Ajans\u0131 web sitesinde, AA Haber Ak\u0131\u015f Sistemi (HAS) \u00fczerinden abonelere sunulan haberler, \u00f6zetlenerek yay\u0131mlanmaktad\u0131r. <b style=\"color:#1897F7\">Abonelik i\u00e7in l\u00fctfen ileti\u015fime ge\u00e7iniz.<\/b>&#13;<br \/>\n                                <\/a>&#13;<br \/>\n                            <\/span>\n                        <\/div>\n<p><script>\n\t  window.fbAsyncInit = function() {\n\t\tFB.init({\n\t\t  appId: '1855843514662870',\n\t\t  status : true, \/\/ check login status\n\t\t  cookie : true, \/\/ enable cookies to allow the server to access the session\n\t\t  xfbml  : true  \/\/ parse XFBML\n\t\t});\n\t  };<\/p>\n<p>\t  (function() {\n\t\tvar e = document.createElement('script');\n\t\te.src=\"https:\/\/connect.facebook.net\/tr_TR\/all.js\";\n\t\te.async = true;\n\t\tdocument.getElementById('fb-root').appendChild(e);\n\t  }());\n    <\/script><\/p>\n","protected":false},"excerpt":{"rendered":"<p>Edinilen bilgiye g\u00f6re MHP&#8217;de, Genel Ba\u015fkan Devlet Bah\u00e7eli&#8217;nin, temmuzda &#8220;2024&#8217;e Do\u011fru, Diyar Diyar Anadolu&#8221; temas\u0131yla yerel se\u00e7imlere haz\u0131rl\u0131k s\u00fcrecini ba\u015flatmas\u0131n\u0131n ard\u0131ndan \u00e7al\u0131\u015fmalara h\u0131z verildi. MHP, se\u00e7im stratejisini, &#8220;\u0130stikrar ve Hizmet \u0130\u00e7in, Uyumlu Y\u00f6netimle, Umutlu Gelece\u011fe&#8221; ve &#8220;Merkezden Yerele \u0130stikrar\u0131 Bozmadan Umuda Do\u011fru&#8221; sloganlar\u0131 \u00fczerine kurdu. Se\u00e7im stratejisinin ba\u015fl\u0131klar\u0131ndan ilkini &#8220;merkezi ve yerel y\u00f6netimin uyum i\u00e7erisinde [&hellip;]<\/p>\n","protected":false},"author":1,"featured_media":15322,"comment_status":"","ping_status":"","sticky":false,"template":"","format":"standard","meta":[],"categories":[47],"tags":[],"_links":{"self":[{"href":"https:\/\/kraios.app\/news\/wp-json\/wp\/v2\/posts\/15321"}],"collection":[{"href":"https:\/\/kraios.app\/news\/wp-json\/wp\/v2\/posts"}],"about":[{"href":"https:\/\/kraios.app\/news\/wp-json\/wp\/v2\/types\/post"}],"author":[{"embeddable":true,"href":"https:\/\/kraios.app\/news\/wp-json\/wp\/v2\/users\/1"}],"replies":[{"embeddable":true,"href":"https:\/\/kraios.app\/news\/wp-json\/wp\/v2\/comments?post=15321"}],"version-history":[{"count":0,"href":"https:\/\/kraios.app\/news\/wp-json\/wp\/v2\/posts\/15321\/revisions"}],"wp:featuredmedia":[{"embeddable":true,"href":"https:\/\/kraios.app\/news\/wp-json\/wp\/v2\/media\/15322"}],"wp:attachment":[{"href":"https:\/\/kraios.app\/news\/wp-json\/wp\/v2\/media?parent=15321"}],"wp:term":[{"taxonomy":"category","embeddable":true,"href":"https:\/\/kraios.app\/news\/wp-json\/wp\/v2\/categories?post=15321"},{"taxonomy":"post_tag","embeddable":true,"href":"https:\/\/kraios.app\/news\/wp-json\/wp\/v2\/tags?post=15321"}],"curies":[{"name":"wp","href":"https:\/\/api.w.org\/{rel}","templated":true}]}}