{"id":15310,"date":"2023-09-24T10:12:16","date_gmt":"2023-09-24T10:12:16","guid":{"rendered":"https:\/\/kraios.app\/news\/siyaset\/2023\/09\/24\/disisleri-bakani-fidan-78-bm-genel-kurulu-kapsaminda-temaslarda-bulundu-2\/"},"modified":"2023-09-24T10:12:16","modified_gmt":"2023-09-24T10:12:16","slug":"disisleri-bakani-fidan-78-bm-genel-kurulu-kapsaminda-temaslarda-bulundu-2","status":"publish","type":"post","link":"https:\/\/kraios.app\/news\/siyaset\/2023\/09\/24\/disisleri-bakani-fidan-78-bm-genel-kurulu-kapsaminda-temaslarda-bulundu-2\/","title":{"rendered":"D\u0131\u015fi\u015fleri Bakan\u0131 Fidan, 78. BM Genel Kurulu kapsam\u0131nda temaslarda bulundu"},"content":{"rendered":"<p>D\u0131\u015fi\u015fleri Bakan\u0131 Fidan, 78. BM Genel Kurulu kapsam\u0131nda temaslarda bulundu<\/p>\n","protected":false},"excerpt":{"rendered":"<p>D\u0131\u015fi\u015fleri Bakan\u0131 Fidan, 78. BM Genel Kurulu kapsam\u0131nda temaslarda bulundu<\/p>\n","protected":false},"author":1,"featured_media":15311,"comment_status":"","ping_status":"","sticky":false,"template":"","format":"standard","meta":[],"categories":[47],"tags":[],"_links":{"self":[{"href":"https:\/\/kraios.app\/news\/wp-json\/wp\/v2\/posts\/15310"}],"collection":[{"href":"https:\/\/kraios.app\/news\/wp-json\/wp\/v2\/posts"}],"about":[{"href":"https:\/\/kraios.app\/news\/wp-json\/wp\/v2\/types\/post"}],"author":[{"embeddable":true,"href":"https:\/\/kraios.app\/news\/wp-json\/wp\/v2\/users\/1"}],"replies":[{"embeddable":true,"href":"https:\/\/kraios.app\/news\/wp-json\/wp\/v2\/comments?post=15310"}],"version-history":[{"count":0,"href":"https:\/\/kraios.app\/news\/wp-json\/wp\/v2\/posts\/15310\/revisions"}],"wp:featuredmedia":[{"embeddable":true,"href":"https:\/\/kraios.app\/news\/wp-json\/wp\/v2\/media\/15311"}],"wp:attachment":[{"href":"https:\/\/kraios.app\/news\/wp-json\/wp\/v2\/media?parent=15310"}],"wp:term":[{"taxonomy":"category","embeddable":true,"href":"https:\/\/kraios.app\/news\/wp-json\/wp\/v2\/categories?post=15310"},{"taxonomy":"post_tag","embeddable":true,"href":"https:\/\/kraios.app\/news\/wp-json\/wp\/v2\/tags?post=15310"}],"curies":[{"name":"wp","href":"https:\/\/api.w.org\/{rel}","templated":true}]}}