{"id":15280,"date":"2023-09-24T09:49:55","date_gmt":"2023-09-24T09:49:55","guid":{"rendered":"https:\/\/kraios.app\/news\/siyaset\/2023\/09\/24\/iki-ulkenin-enerji-yatirimlarini-basari-hikayesi-olarak-gormek-istiyoruz\/"},"modified":"2023-09-24T09:49:55","modified_gmt":"2023-09-24T09:49:55","slug":"iki-ulkenin-enerji-yatirimlarini-basari-hikayesi-olarak-gormek-istiyoruz","status":"publish","type":"post","link":"https:\/\/kraios.app\/news\/siyaset\/2023\/09\/24\/iki-ulkenin-enerji-yatirimlarini-basari-hikayesi-olarak-gormek-istiyoruz\/","title":{"rendered":"\u0130ki \u00fclkenin enerji yat\u0131r\u0131mlar\u0131n\u0131 ba\u015far\u0131 hikayesi olarak g\u00f6rmek istiyoruz"},"content":{"rendered":"<p><\/p>\n<div>\n<p>Zahiri, 16. EIF Gaziantep Enerji Fuar\u0131 kapsam\u0131nda AA muhabirine yapt\u0131\u011f\u0131 de\u011ferlendirmede, Cumhurba\u015fkan\u0131 Recep Tayyip Erdo\u011fan&#8217;\u0131n, K\u00f6rfez \u00fclkeleri turu kapsam\u0131nda BAE&#8217;yi ziyaret etti\u011fini ve iki \u00fclkenin do\u011fal kaynaklar alan\u0131nda Mutabakat Zapt\u0131 (MoU) imzaland\u0131\u011f\u0131n\u0131 an\u0131msatt\u0131.<\/p>\n<p>BAE ve T\u00fcrkiye&#8217;nin temiz enerji, enerji teknolojileri ve hidrojen alan\u0131nda i\u015fbirlikleri ve projeler \u00fczerinde \u00e7al\u0131\u015ft\u0131\u011f\u0131n\u0131 dile getiren Zahiri, depolama, boru hatt\u0131 ya da farkl\u0131 t\u00fcrde hidrojen projesi ve genel olarak temiz enerji i\u015fbirlikleri \u00fczerinde \u00e7al\u0131\u015fmalar\u0131n devam etti\u011fini anlatt\u0131.<\/p>\n<p><img decoding=\"async\" alt=\"\" src=\"https:\/\/www.aa.com.tr\/uploads\/userFiles\/54a427bf-71c5-4e63-a83d-6196709e92a3\/009_2023%2F004_2023%2F08_Eyl%C3%BCl%2F21%2F20230923_2_60390371_93015425.jpg\"\/><\/p>\n<p>Zahiri, BAE&#8217;nin muhtemel i\u015fbirliklerinde teknik ve finansal olarak katk\u0131 sunmaya haz\u0131r oldu\u011funu vurgulayarak, \u015f\u00f6yle konu\u015ftu:<\/p>\n<p>&#8220;T\u00fcrkiye b\u00f6lgede \u00f6nemli bir enerji oyuncusu. T\u00fcrkiye ve BAE aras\u0131nda baz\u0131 projeler zaten mevcutta devam ediyor. Biz de enerji sekt\u00f6r\u00fcndeki uzmanl\u0131\u011f\u0131m\u0131z\u0131 olduk\u00e7a iyi g\u00f6r\u00fcyoruz ve bunu T\u00fcrkiye ile payla\u015fmaya haz\u0131r\u0131z. \u00d6zellikle temiz enerji ve hidrojen konular\u0131nda temas halindeyiz. \u0130n\u015fallah, \u00e7\u0131kt\u0131lar\u0131n\u0131 \u00e7ok yak\u0131n bir zamanda alaca\u011f\u0131z. Yak\u0131n gelecekte iki \u00fclkenin enerji yat\u0131r\u0131mlar\u0131n\u0131 ba\u015far\u0131 hikayesi olarak g\u00f6rmek istiyoruz. Her iki \u00fclkenin de yarar\u0131na olacak t\u00fcm i\u015fbirli\u011fi olas\u0131l\u0131klar\u0131 dikkatle de\u011ferlendiriliyor. Bu etkinlik vesilesiyle de T\u00fcrk yat\u0131r\u0131mc\u0131lar\u0131 BAE\u2019ye yat\u0131r\u0131m yapmas\u0131 i\u00e7in davet ediyoruz. Ayn\u0131 zamanda BAE\u2019deki yat\u0131r\u0131mc\u0131lar\u0131n da T\u00fcrkiye\u2019de yat\u0131r\u0131m yapmas\u0131 i\u00e7in \u00e7a\u011fr\u0131da bulunuyoruz. B\u00fcy\u00fckel\u00e7ili\u011fimizin g\u00f6revlerinden biri de bu ba\u011flant\u0131y\u0131 ba\u015far\u0131l\u0131 bir \u015fekilde kurmak.&#8221;<\/p>\n<h3>&#8220;COP28&#8217;de gen\u00e7ler daha aktif rol alacak&#8221;<\/h3>\n<p>Zahiri, 30 Kas\u0131m-12 Aral\u0131k&#8217;ta Birle\u015fmi\u015f Milletler (BM) \u0130klim De\u011fi\u015fikli\u011fi \u00c7er\u00e7eve S\u00f6zle\u015fmesi 28. Taraflar Konferans\u0131&#8217;na (COP28) BAE&#8217;nin ev sahipli\u011fi yapaca\u011f\u0131n\u0131 an\u0131msatt\u0131.<\/p>\n<p><img decoding=\"async\" alt=\"\" src=\"https:\/\/www.aa.com.tr\/uploads\/userFiles\/54a427bf-71c5-4e63-a83d-6196709e92a3\/009_2023%2F004_2023%2F08_Eyl%C3%BCl%2F21%2F20230923_2_60390371_93015429.jpg\"\/><\/p>\n<p>BAE&#8217;nin petrol \u00fcretici \u00fclke olmas\u0131na ra\u011fmen yenilenebilir enerji ve iklim hedefleri oldu\u011funa i\u015faret eden Zahiri, \u015f\u00f6yle devam etti:<\/p>\n<p>&#8220;Bu y\u0131l COP etkinli\u011fini d\u00fczenliyoruz. Bu organizasyonda iklim de\u011fi\u015fikli\u011fi ile gezegenin korunmas\u0131na y\u00f6nelik bir\u00e7ok inisiyatifi g\u00f6rece\u011fiz. \u0130n\u015fallah bu organizasyonda Cumhurba\u015fkan\u0131 Recep Tayyip Erdo\u011fan\u2019\u0131 da a\u011f\u0131rlayaca\u011f\u0131z. D\u00fcnya bu organizasyonda in\u015fallah \u00e7ok ba\u015far\u0131l\u0131 sonu\u00e7lar\u0131 g\u00f6recek. Bu zirvede, \u00f6nceki zirvenin ilk de\u011ferlendirme sonu\u00e7lar\u0131 a\u00e7\u0131klanacak. Di\u011fer COP&#8217;lardan farkl\u0131 olarak gen\u00e7ler bu zirvede daha aktif rol alacak. Biliyorsunuz gen\u00e7ler neticede gelece\u011fe y\u00f6n verecekler. Bunun \u00f6neminin fark\u0131nday\u0131z.&#8221;<\/p>\n<p>Zahiri, BAE&#8217;nin klasik anlamda petrole ba\u011f\u0131ml\u0131 olmaktan \u00e7\u0131kmay\u0131 arzulad\u0131\u011f\u0131n\u0131 ve daha \u00e7ok yenilenebilir enerji kullan\u0131m\u0131na y\u00f6neldi\u011fini s\u00f6yledi.<\/p>\n<p>Uluslararas\u0131 Yenilenebilir Enerji Ajans\u0131\u2019n\u0131n merkezi BAE\u2019de bulundu\u011funu an\u0131msatan Zahiri, \u015funlar\u0131 kaydetti:<\/p>\n<p>&#8220;BAE&#8217;de g\u00fcne\u015f santrallerimiz var ve b\u00f6lgenin en b\u00fcy\u00fc\u011f\u00fc \u00f6zelli\u011fi ta\u015f\u0131yor. Biz sadece geleneksel enerji \u00fcretimiyle ilgilenmiyoruz. Yeni enerji teknolojilerinin kullan\u0131m\u0131 ve geli\u015ftirilmesinde de \u00e7abam\u0131z\u0131 devam ettiriyoruz. Plan\u0131m\u0131z asl\u0131nda klasik enerjiye ba\u011f\u0131ml\u0131 olmadan ya\u015famay\u0131 \u00f6\u011frenmek. Daha \u00e7ok yenilenebilir enerjiye dayal\u0131 bir enerji kullan\u0131m\u0131na ge\u00e7mek istiyoruz. Bu y\u00fczden h\u00fck\u00fcmetimiz petrole ba\u011f\u0131ml\u0131l\u0131\u011f\u0131 azaltma y\u00f6n\u00fcnde ad\u0131mlar at\u0131yor ve yenilenebilir enerji ve n\u00fckleer enerjiye ge\u00e7i\u015f y\u00f6n\u00fcnde \u00e7al\u0131\u015fmalar\u0131 h\u0131zland\u0131r\u0131yor. Bu ad\u0131mlar temiz enerjiye ge\u00e7i\u015f i\u00e7in \u00f6nemli ad\u0131mlar olarak de\u011ferlendiriliyor.&#8221;<\/p>\n<p><img decoding=\"async\" alt=\"\" src=\"https:\/\/www.aa.com.tr\/uploads\/userFiles\/54a427bf-71c5-4e63-a83d-6196709e92a3\/009_2023%2F004_2023%2F08_Eyl%C3%BCl%2F21%2F20230923_2_60390371_93015427.jpg\"\/><\/p>\n<h3>BAE ile T\u00fcrkiye aras\u0131ndaki ili\u015fkilerin 50. y\u0131l d\u00f6n\u00fcm\u00fc kutlan\u0131yor<\/h3>\n<p>Bu y\u0131l ili\u015fkilerin 50. y\u0131l d\u00f6n\u00fcm\u00fcn\u00fc kutlayan iki \u00fclkenin son d\u00f6nemde ikili ili\u015fkiler ve ticaret alan\u0131nda i\u015fbirlikleri art\u0131\u015f g\u00f6sterdi.<\/p>\n<p>Son iki y\u0131lda T\u00fcrkiye ile BAE aras\u0131nda 5 kez liderler d\u00fczeyinde ziyaret ger\u00e7ekle\u015fti. Erdo\u011fan&#8217;\u0131n son ziyaretinde de y\u00fcksek stratejik anla\u015fmalar imzaland\u0131 ve ili\u015fkilerin daha da y\u00fcksek seviyelere ula\u015faca\u011f\u0131 vurguland\u0131.<\/p>\n<p>\u00d6te yandan, T\u00fcrkiye \u0130hracat\u00e7\u0131lar Meclisi (T\u0130M) verilerine g\u00f6re, T\u00fcrkiye&#8217;nin BAE&#8217;ye ihracat\u0131, bu y\u0131l\u0131n ilk yar\u0131s\u0131nda ge\u00e7en y\u0131l\u0131n ayn\u0131 d\u00f6nemine k\u0131yasla y\u00fczde 21,2 artarak 2 milyar 29 milyon dolara \u00e7\u0131kt\u0131. BAE, T\u00fcrkiye&#8217;nin en fazla ihracat ger\u00e7ekle\u015ftirdi\u011fi 13. \u00fclke oldu.<\/p>\n<p>                            <span class=\"detay-foto-editor\">&#13;<br \/>\n                                <a href=\"https:\/\/www.aa.com.tr\/tr\/p\/abonelik-talep-formu\/1001\" target=\"_blank\" style=\"font-size:12px; color:#444; text-decoration:none;\" rel=\"noopener\">&#13;<br \/>\n                                    Anadolu Ajans\u0131 web sitesinde, AA Haber Ak\u0131\u015f Sistemi (HAS) \u00fczerinden abonelere sunulan haberler, \u00f6zetlenerek yay\u0131mlanmaktad\u0131r. <b style=\"color:#1897F7\">Abonelik i\u00e7in l\u00fctfen ileti\u015fime ge\u00e7iniz.<\/b>&#13;<br \/>\n                                <\/a>&#13;<br \/>\n                            <\/span>\n                        <\/div>\n<p><script>\n\t  window.fbAsyncInit = function() {\n\t\tFB.init({\n\t\t  appId: '1855843514662870',\n\t\t  status : true, \/\/ check login status\n\t\t  cookie : true, \/\/ enable cookies to allow the server to access the session\n\t\t  xfbml  : true  \/\/ parse XFBML\n\t\t});\n\t  };<\/p>\n<p>\t  (function() {\n\t\tvar e = document.createElement('script');\n\t\te.src=\"https:\/\/connect.facebook.net\/tr_TR\/all.js\";\n\t\te.async = true;\n\t\tdocument.getElementById('fb-root').appendChild(e);\n\t  }());\n    <\/script><\/p>\n","protected":false},"excerpt":{"rendered":"<p>Zahiri, 16. EIF Gaziantep Enerji Fuar\u0131 kapsam\u0131nda AA muhabirine yapt\u0131\u011f\u0131 de\u011ferlendirmede, Cumhurba\u015fkan\u0131 Recep Tayyip Erdo\u011fan&#8217;\u0131n, K\u00f6rfez \u00fclkeleri turu kapsam\u0131nda BAE&#8217;yi ziyaret etti\u011fini ve iki \u00fclkenin do\u011fal kaynaklar alan\u0131nda Mutabakat Zapt\u0131 (MoU) imzaland\u0131\u011f\u0131n\u0131 an\u0131msatt\u0131. BAE ve T\u00fcrkiye&#8217;nin temiz enerji, enerji teknolojileri ve hidrojen alan\u0131nda i\u015fbirlikleri ve projeler \u00fczerinde \u00e7al\u0131\u015ft\u0131\u011f\u0131n\u0131 dile getiren Zahiri, depolama, boru hatt\u0131 ya [&hellip;]<\/p>\n","protected":false},"author":1,"featured_media":15281,"comment_status":"","ping_status":"","sticky":false,"template":"","format":"standard","meta":[],"categories":[47],"tags":[],"_links":{"self":[{"href":"https:\/\/kraios.app\/news\/wp-json\/wp\/v2\/posts\/15280"}],"collection":[{"href":"https:\/\/kraios.app\/news\/wp-json\/wp\/v2\/posts"}],"about":[{"href":"https:\/\/kraios.app\/news\/wp-json\/wp\/v2\/types\/post"}],"author":[{"embeddable":true,"href":"https:\/\/kraios.app\/news\/wp-json\/wp\/v2\/users\/1"}],"replies":[{"embeddable":true,"href":"https:\/\/kraios.app\/news\/wp-json\/wp\/v2\/comments?post=15280"}],"version-history":[{"count":0,"href":"https:\/\/kraios.app\/news\/wp-json\/wp\/v2\/posts\/15280\/revisions"}],"wp:featuredmedia":[{"embeddable":true,"href":"https:\/\/kraios.app\/news\/wp-json\/wp\/v2\/media\/15281"}],"wp:attachment":[{"href":"https:\/\/kraios.app\/news\/wp-json\/wp\/v2\/media?parent=15280"}],"wp:term":[{"taxonomy":"category","embeddable":true,"href":"https:\/\/kraios.app\/news\/wp-json\/wp\/v2\/categories?post=15280"},{"taxonomy":"post_tag","embeddable":true,"href":"https:\/\/kraios.app\/news\/wp-json\/wp\/v2\/tags?post=15280"}],"curies":[{"name":"wp","href":"https:\/\/api.w.org\/{rel}","templated":true}]}}