{"id":15268,"date":"2023-09-24T09:37:59","date_gmt":"2023-09-24T09:37:59","guid":{"rendered":"https:\/\/kraios.app\/news\/siyaset\/2023\/09\/24\/turkiye-yuzyili-yolculugunun-en-onemli-gucu-genclerimizdir\/"},"modified":"2023-09-24T09:37:59","modified_gmt":"2023-09-24T09:37:59","slug":"turkiye-yuzyili-yolculugunun-en-onemli-gucu-genclerimizdir","status":"publish","type":"post","link":"https:\/\/kraios.app\/news\/siyaset\/2023\/09\/24\/turkiye-yuzyili-yolculugunun-en-onemli-gucu-genclerimizdir\/","title":{"rendered":"T\u00fcrkiye Y\u00fczy\u0131l\u0131 yolculu\u011funun en \u00f6nemli g\u00fcc\u00fc gen\u00e7lerimizdir"},"content":{"rendered":"<p><\/p>\n<div>\n<p>Gaziosmanpa\u015fa Belediyesi Farika Kitapl\u0131 Kahve &#8211; 2 Prof. Dr. Aziz Sancar Yerle\u015fkesi a\u00e7\u0131l\u0131\u015f t\u00f6reninde konu\u015fan Kurtulmu\u015f, T\u00fcrkiye&#8217;nin, imkanlar\u0131yla potansiyeliyle hedefiyle hep ileriye gitmeyi kendisine \u015fiar edinmi\u015f bir milletin vatan\u0131 oldu\u011funu belirtti.<\/p>\n<p>T\u00fcrkiye&#8217;yi daha ileriye, daha g\u00fc\u00e7l\u00fc yar\u0131nlara ta\u015f\u0131man\u0131n herkesin vazifesi oldu\u011funu aktaran Kurtulmu\u015f, &#8220;Cumhuriyetimizin ikinci asr\u0131na girmeye haz\u0131rland\u0131\u011f\u0131m\u0131z, 29 Ekim Cumhuriyet Bayram\u0131 ile kap\u0131s\u0131n\u0131 a\u00e7aca\u011f\u0131m\u0131z yeni bir d\u00f6nemin hemen ba\u015f\u0131nday\u0131z. T\u00fcrkiye Y\u00fczy\u0131l\u0131 olarak adland\u0131r\u0131lan, her alanda g\u00fc\u00e7l\u00fc, s\u00f6z\u00fc g\u00fc\u00e7l\u00fc, g\u00fcc\u00fc tesirli T\u00fcrkiye&#8217;nin y\u00fczy\u0131l\u0131n\u0131 kurmak boynumuzun borcudur. Bu hedef istikametinde her alanda \u00e7al\u0131\u015fmalar\u0131m\u0131z\u0131 s\u00fcrd\u00fcr\u00fcyoruz. T\u00fcrkiye Y\u00fczy\u0131l\u0131 yolculu\u011funun en \u00f6nemli g\u00fcc\u00fc gen\u00e7lerimizdir. T\u00fcrkiye&#8217;yi daha g\u00fc\u00e7l\u00fc bir \u00fclke olarak ileriye do\u011fru g\u00f6t\u00fcrecek, hedefi, birikimi, bilgisi, donan\u0131m\u0131 olan bir gen\u00e7li\u011fi yeti\u015ftirmek bu milletin en \u00f6nemli vazifelerinden birisidir.&#8221; ifadelerini kulland\u0131.<\/p>\n<h3>&#8220;K\u00fct\u00fcphaneler bizim gelene\u011fimizde kitaplar\u0131 sahiplenilen yerlerdir&#8221;<\/h3>\n<p>Ge\u00e7mi\u015fte b\u00fcy\u00fck medeniyetlerin merkezinde kitap ve gen\u00e7li\u011fin bulundu\u011funu vurgulayan Kurtulmu\u015f, gelecek y\u00fczy\u0131l\u0131n merkezinde de kitap ve gen\u00e7li\u011fin olaca\u011f\u0131n\u0131 s\u00f6yledi.<\/p>\n<p>Tarih boyunca ba\u015fta Anadolu olmak \u00fczere Semerkant&#8217;tan End\u00fcl\u00fcs&#8217;e kadar b\u00fct\u00fcn co\u011frafyalarda \u015fehirlerini kitab\u0131n, k\u00fct\u00fcphanelerin ve gen\u00e7li\u011fin etraf\u0131nda olu\u015fturmu\u015f olan bir millet olduklar\u0131n\u0131 ifade eden Kurtulmu\u015f, \u015f\u00f6yle konu\u015ftu:<\/p>\n<p>&#8220;Bu \u015fehre bakt\u0131\u011f\u0131m\u0131z zaman 6 as\u0131r d\u00fcnyada egemen olmu\u015f, s\u00f6z\u00fc g\u00fc\u00e7l\u00fc olmu\u015f, \u00fc\u00e7 k\u0131taya yedi iklime h\u00fck\u00fcmran olmu\u015f Osmanl\u0131 medeniyetinin merkezi olan \u0130stanbul&#8217;a bakt\u0131\u011f\u0131n\u0131zda bu dedi\u011fimizin ne anlama geldi\u011fini \u00e7ok iyi biliyoruz. Semerkant b\u00f6yleydi, Kahire b\u00f6yleydi, End\u00fcl\u00fcs b\u00f6yleydi, Ba\u011fdat b\u00f6yleydi, Konya b\u00f6yleydi, \u0130stanbul b\u00f6yleydi, Sivas b\u00f6yleydi. Yani medeniyetimizin b\u00fct\u00fcn \u015fehirlerinin merkezinde k\u00fct\u00fcphaneler vard\u0131r.&#8221;<\/p>\n<p><img decoding=\"async\" alt=\"\" src=\"https:\/\/www.aa.com.tr\/uploads\/userFiles\/c9f1ae26-3cf3-4ab4-9d72-230dedd01a4c\/AA-32223990.jpg\"\/><\/p>\n<p>Kurtulmu\u015f, k\u00fct\u00fcphanelerin gen\u00e7lerle gelece\u011fi bulu\u015fturan mekanlar oldu\u011funu vurgulayarak, k\u00fct\u00fcphanelerin sadece kitap okuman\u0131n de\u011fil kainat\u0131 okuman\u0131n da \u00f6\u011fretildi\u011fi yerler oldu\u011funu dile getirdi.<\/p>\n<p>K\u00fct\u00fcphanelerin iki \u00f6zelli\u011finin bulundu\u011funa i\u015faret eden Kurtulmu\u015f, \u015funlar\u0131 kaydetti:<\/p>\n<p>&#8220;Bunlardan birisi kitaplar\u0131 yaln\u0131zla\u015ft\u0131rmaz. Medeniyet tarihi bak\u0131m\u0131ndan en \u00f6nemli, en hazin hususlardan birisi kitaplar\u0131n yaln\u0131z kalmas\u0131d\u0131r. K\u00fct\u00fcphaneler bizim gelene\u011fimizde kitaplar\u0131 sahiplenilen yerlerdir. \u00d6rnek Beyaz\u0131t ve S\u00fcleymaniye k\u00fct\u00fcphaneleridir. K\u00fct\u00fcphaneler \u00f6nce kitaplar\u0131 \u015fenlendirir. \u0130kincisi kitaplar\u0131n aras\u0131nda duran insanlar da \u015fenlenir. Sadece kitap okumak de\u011fil, eskiler derdi, k\u00fct\u00fcphanelerin tozlu raflar\u0131ndaki o tozlar\u0131 yutmak bile insan\u0131n adam olmas\u0131, insan olmas\u0131, geli\u015fmesi i\u00e7in yeterlidir.&#8221;<\/p>\n<p>Kurtulmu\u015f, yerle\u015fkeye Prof. Dr. Aziz Sancar isminin verilmesinin de \u00f6nemli oldu\u011funu ifade ederek, gelecek d\u00f6nemlerde bu mekanlardan d\u00fcnyada say\u0131l\u0131 bilim insanlar\u0131n\u0131n \u00e7\u0131kaca\u011f\u0131na inand\u0131\u011f\u0131n\u0131 s\u00f6yledi.<\/p>\n<p><img decoding=\"async\" alt=\"\" src=\"https:\/\/www.aa.com.tr\/uploads\/userFiles\/c9f1ae26-3cf3-4ab4-9d72-230dedd01a4c\/AA-32223946.jpg\"\/><\/p>\n<h3>Hafta sonlar\u0131 10 binden fazla \u00f6\u011frenci k\u00fct\u00fcphaneleri kullan\u0131yor<\/h3>\n<p>Gaziosmanpa\u015fa Belediye Ba\u015fkan\u0131 Hasan Tahsin Usta da kitapl\u0131 kahvede 230 gencin ayn\u0131 anda ders \u00e7al\u0131\u015ft\u0131\u011f\u0131n\u0131 belirterek, 100 \u00e7ocu\u011fa da Masal \u00c7ocuk Evi&#8217;nde hizmet verdiklerini ifade etti.<\/p>\n<p>Nobel \u00f6d\u00fcll\u00fc T\u00fcrk bilim insan\u0131 Prof. Dr. Aziz Sancar ile g\u00f6r\u00fc\u015f\u00fcrek ad\u0131n\u0131 bu tesise verdiklerini dile getiren Usta, yapt\u0131klar\u0131 hizmetlerle Gaziosmanpa\u015fa&#8217;dan bir\u00e7ok akademisyen, bilim insan\u0131 ve b\u00fcrokrat\u0131n\u0131n \u00e7\u0131kaca\u011f\u0131na inand\u0131\u011f\u0131n\u0131 aktard\u0131.<\/p>\n<p>Usta, il\u00e7edeki t\u00fcm k\u00fct\u00fcphanelerde hafta sonlar\u0131 10 binin \u00fczerinde \u00f6\u011frencinin istifade etti\u011fini belirterek, gen\u00e7lerin sporla bilimle sanatla ilgilenmesini istediklerini kaydetti.<\/p>\n<p>Konu\u015fmalar\u0131n ard\u0131ndan TBMM Ba\u015fkan\u0131 Numan Kurtulmu\u015f&#8217;a, Gaziosmanpa\u015fa Belediye Ba\u015fkan\u0131 Hasan Tahsin Usta taraf\u0131ndan Kad\u0131n Koordinasyon Merkezi kursiyerlerinin haz\u0131rlad\u0131\u011f\u0131 Gaziosmanpa\u015fa&#8217;n\u0131n de\u011ferlerinin resmedildi\u011fi porselen tablo takdim edildi.<\/p>\n<p>Kurdele kesiminin ard\u0131ndan TBMM Ba\u015fkan\u0131 Kurtulmu\u015f ve beraberindekiler mekan\u0131 gezerek, \u00e7ocuklarla sohbet etti.<\/p>\n<p>A\u00e7\u0131l\u0131\u015fa \u0130stanbul Vali Yard\u0131mc\u0131s\u0131 Mustafa Kaya, Gaziosmanpa\u015fa Kaymakam\u0131 \u0130skender Y\u00f6nden, \u0130stanbul \u0130l K\u00fclt\u00fcr ve Turizm M\u00fcd\u00fcr\u00fc Co\u015fkun Y\u0131lmaz, \u0130l Milli E\u011fitim M\u00fcd\u00fcr\u00fc Murat M\u00fccahit Yent\u00fcr, AK Parti \u0130stanbul \u0130l Ba\u015fkan\u0131 Osman Nuri Kabaktepe, AK Parti&#8217;li baz\u0131 milletvekilleri, siyasi parti ve STK temsilcileri ile vatanda\u015flar kat\u0131ld\u0131.<\/p>\n<p>                            <span class=\"detay-foto-editor\">&#13;<br \/>\n                                <a href=\"https:\/\/www.aa.com.tr\/tr\/p\/abonelik-talep-formu\/1001\" target=\"_blank\" style=\"font-size:12px; color:#444; text-decoration:none;\" rel=\"noopener\">&#13;<br \/>\n                                    Anadolu Ajans\u0131 web sitesinde, AA Haber Ak\u0131\u015f Sistemi (HAS) \u00fczerinden abonelere sunulan haberler, \u00f6zetlenerek yay\u0131mlanmaktad\u0131r. <b style=\"color:#1897F7\">Abonelik i\u00e7in l\u00fctfen ileti\u015fime ge\u00e7iniz.<\/b>&#13;<br \/>\n                                <\/a>&#13;<br \/>\n                            <\/span>\n                        <\/div>\n<p><script>\n\t  window.fbAsyncInit = function() {\n\t\tFB.init({\n\t\t  appId: '1855843514662870',\n\t\t  status : true, \/\/ check login status\n\t\t  cookie : true, \/\/ enable cookies to allow the server to access the session\n\t\t  xfbml  : true  \/\/ parse XFBML\n\t\t});\n\t  };<\/p>\n<p>\t  (function() {\n\t\tvar e = document.createElement('script');\n\t\te.src=\"https:\/\/connect.facebook.net\/tr_TR\/all.js\";\n\t\te.async = true;\n\t\tdocument.getElementById('fb-root').appendChild(e);\n\t  }());\n    <\/script><\/p>\n","protected":false},"excerpt":{"rendered":"<p>Gaziosmanpa\u015fa Belediyesi Farika Kitapl\u0131 Kahve &#8211; 2 Prof. Dr. Aziz Sancar Yerle\u015fkesi a\u00e7\u0131l\u0131\u015f t\u00f6reninde konu\u015fan Kurtulmu\u015f, T\u00fcrkiye&#8217;nin, imkanlar\u0131yla potansiyeliyle hedefiyle hep ileriye gitmeyi kendisine \u015fiar edinmi\u015f bir milletin vatan\u0131 oldu\u011funu belirtti. T\u00fcrkiye&#8217;yi daha ileriye, daha g\u00fc\u00e7l\u00fc yar\u0131nlara ta\u015f\u0131man\u0131n herkesin vazifesi oldu\u011funu aktaran Kurtulmu\u015f, &#8220;Cumhuriyetimizin ikinci asr\u0131na girmeye haz\u0131rland\u0131\u011f\u0131m\u0131z, 29 Ekim Cumhuriyet Bayram\u0131 ile kap\u0131s\u0131n\u0131 a\u00e7aca\u011f\u0131m\u0131z [&hellip;]<\/p>\n","protected":false},"author":1,"featured_media":15269,"comment_status":"","ping_status":"","sticky":false,"template":"","format":"standard","meta":[],"categories":[47],"tags":[],"_links":{"self":[{"href":"https:\/\/kraios.app\/news\/wp-json\/wp\/v2\/posts\/15268"}],"collection":[{"href":"https:\/\/kraios.app\/news\/wp-json\/wp\/v2\/posts"}],"about":[{"href":"https:\/\/kraios.app\/news\/wp-json\/wp\/v2\/types\/post"}],"author":[{"embeddable":true,"href":"https:\/\/kraios.app\/news\/wp-json\/wp\/v2\/users\/1"}],"replies":[{"embeddable":true,"href":"https:\/\/kraios.app\/news\/wp-json\/wp\/v2\/comments?post=15268"}],"version-history":[{"count":0,"href":"https:\/\/kraios.app\/news\/wp-json\/wp\/v2\/posts\/15268\/revisions"}],"wp:featuredmedia":[{"embeddable":true,"href":"https:\/\/kraios.app\/news\/wp-json\/wp\/v2\/media\/15269"}],"wp:attachment":[{"href":"https:\/\/kraios.app\/news\/wp-json\/wp\/v2\/media?parent=15268"}],"wp:term":[{"taxonomy":"category","embeddable":true,"href":"https:\/\/kraios.app\/news\/wp-json\/wp\/v2\/categories?post=15268"},{"taxonomy":"post_tag","embeddable":true,"href":"https:\/\/kraios.app\/news\/wp-json\/wp\/v2\/tags?post=15268"}],"curies":[{"name":"wp","href":"https:\/\/api.w.org\/{rel}","templated":true}]}}