{"id":15244,"date":"2023-09-24T09:13:37","date_gmt":"2023-09-24T09:13:37","guid":{"rendered":"https:\/\/kraios.app\/news\/siyaset\/2023\/09\/24\/turkiye-hollandada-kuran-i-kerime-yonelik-saldirilari-en-guclu-sekilde-lanetledi\/"},"modified":"2023-09-24T09:13:37","modified_gmt":"2023-09-24T09:13:37","slug":"turkiye-hollandada-kuran-i-kerime-yonelik-saldirilari-en-guclu-sekilde-lanetledi","status":"publish","type":"post","link":"https:\/\/kraios.app\/news\/siyaset\/2023\/09\/24\/turkiye-hollandada-kuran-i-kerime-yonelik-saldirilari-en-guclu-sekilde-lanetledi\/","title":{"rendered":"T\u00fcrkiye, Hollanda&#039;da Kur&#039;an-\u0131 Kerim&#039;e y\u00f6nelik sald\u0131r\u0131lar\u0131 en g\u00fc\u00e7l\u00fc \u015fekilde lanetledi"},"content":{"rendered":"<p>D\u0131\u015fi\u015fleri Bakanl\u0131\u011f\u0131, Hollanda&#8217;n\u0131n Lahey kentinde, T\u00fcrkiye&#8217;nin Lahey B\u00fcy\u00fckel\u00e7ili\u011finin yan\u0131 s\u0131ra Pakistan, Endonezya ve Danimarka&#8217;n\u0131n Lahey B\u00fcy\u00fckel\u00e7ilikleri \u00f6n\u00fcnde de Kur&#8217;an-\u0131 Kerim&#8217;e y\u00f6nelik sald\u0131r\u0131lar\u0131 lanetledi.<\/p>\n","protected":false},"excerpt":{"rendered":"<p>D\u0131\u015fi\u015fleri Bakanl\u0131\u011f\u0131, Hollanda&#8217;n\u0131n Lahey kentinde, T\u00fcrkiye&#8217;nin Lahey B\u00fcy\u00fckel\u00e7ili\u011finin yan\u0131 s\u0131ra Pakistan, Endonezya ve Danimarka&#8217;n\u0131n Lahey B\u00fcy\u00fckel\u00e7ilikleri \u00f6n\u00fcnde de Kur&#8217;an-\u0131 Kerim&#8217;e y\u00f6nelik sald\u0131r\u0131lar\u0131 lanetledi.<\/p>\n","protected":false},"author":1,"featured_media":15245,"comment_status":"","ping_status":"","sticky":false,"template":"","format":"standard","meta":[],"categories":[47],"tags":[],"_links":{"self":[{"href":"https:\/\/kraios.app\/news\/wp-json\/wp\/v2\/posts\/15244"}],"collection":[{"href":"https:\/\/kraios.app\/news\/wp-json\/wp\/v2\/posts"}],"about":[{"href":"https:\/\/kraios.app\/news\/wp-json\/wp\/v2\/types\/post"}],"author":[{"embeddable":true,"href":"https:\/\/kraios.app\/news\/wp-json\/wp\/v2\/users\/1"}],"replies":[{"embeddable":true,"href":"https:\/\/kraios.app\/news\/wp-json\/wp\/v2\/comments?post=15244"}],"version-history":[{"count":0,"href":"https:\/\/kraios.app\/news\/wp-json\/wp\/v2\/posts\/15244\/revisions"}],"wp:featuredmedia":[{"embeddable":true,"href":"https:\/\/kraios.app\/news\/wp-json\/wp\/v2\/media\/15245"}],"wp:attachment":[{"href":"https:\/\/kraios.app\/news\/wp-json\/wp\/v2\/media?parent=15244"}],"wp:term":[{"taxonomy":"category","embeddable":true,"href":"https:\/\/kraios.app\/news\/wp-json\/wp\/v2\/categories?post=15244"},{"taxonomy":"post_tag","embeddable":true,"href":"https:\/\/kraios.app\/news\/wp-json\/wp\/v2\/tags?post=15244"}],"curies":[{"name":"wp","href":"https:\/\/api.w.org\/{rel}","templated":true}]}}