{"id":15232,"date":"2023-09-24T09:01:27","date_gmt":"2023-09-24T09:01:27","guid":{"rendered":"https:\/\/kraios.app\/news\/siyaset\/2023\/09\/24\/turkiye-yuzyilini-hep-birlikte-insa-edecegiz-2\/"},"modified":"2023-09-24T09:01:27","modified_gmt":"2023-09-24T09:01:27","slug":"turkiye-yuzyilini-hep-birlikte-insa-edecegiz-2","status":"publish","type":"post","link":"https:\/\/kraios.app\/news\/siyaset\/2023\/09\/24\/turkiye-yuzyilini-hep-birlikte-insa-edecegiz-2\/","title":{"rendered":"T\u00fcrkiye Y\u00fczy\u0131l\u0131&#8217;n\u0131 hep birlikte in\u015fa edece\u011fiz"},"content":{"rendered":"<p><\/p>\n<div>\n<p>Y\u0131lmaz, K\u0131r\u015fehir&#8217;de 36. Ahilik Haftas\u0131 Kutlama T\u00f6reni&#8217;ne kat\u0131ld\u0131.<\/p>\n<p>Buradaki konu\u015fmas\u0131nda Pir Ahi Evran Veli ba\u015fta olmak \u00fczere t\u00fcm ahi esnaf ve sanatkarlar\u0131n\u0131 rahmetle anarak Ahilik Haftas\u0131&#8217;n\u0131n adeta bir esnaf bayram\u0131na d\u00f6n\u00fc\u015ft\u00fc\u011f\u00fcne i\u015faret eden Y\u0131lmaz, her y\u0131l d\u00fczenlenen bu etkinlikleri, \u00f6zellikle Ahilik de\u011ferlerini gelecek nesillere aktarmas\u0131 a\u00e7\u0131s\u0131ndan k\u0131ymetli buldu\u011funu dile getirdi.<\/p>\n<p>Cumhurba\u015fkan\u0131 Yard\u0131mc\u0131s\u0131 Y\u0131lmaz, 13. y\u00fczy\u0131lda Pir Ahi Evran Veli taraf\u0131ndan kurulan Ahilik te\u015fkilat\u0131n\u0131n, ticaret, zanaat ve mesle\u011fin ahlak ve do\u011frulukla kurumsalla\u015fm\u0131\u015f hali oldu\u011funu, Ahili\u011fin, Sel\u00e7uklu d\u00f6neminde T\u00fcrk- \u0130slam medeniyetlerini kayna\u015ft\u0131ran ba\u011f, Osmanl\u0131&#8217;y\u0131 cihan devleti yapan s\u0131r, \u0130stiklal Harbi&#8217;nin arkas\u0131ndaki \u00f6zveri oldu\u011funu s\u00f6yledi.<\/p>\n<p><img decoding=\"async\" alt=\"\" src=\"https:\/\/www.aa.com.tr\/uploads\/userFiles\/c9f1ae26-3cf3-4ab4-9d72-230dedd01a4c\/AA-32225529.jpg\"\/><\/p>\n<h3><span style=\"font-size:1em;\">&#8220;Ahi, her ortamda ve her \u00e7a\u011fda, denge ve d\u00fczeni tutturand\u0131r&#8221;<\/span><\/h3>\n<p>Ahili\u011fin insanl\u0131\u011fa sunulan bir ya\u015fam nizam\u0131 oldu\u011funu, \u00f6z\u00fcnde adalet, merhamet, ehliyet-liyakat, helal kazan\u00e7, dayan\u0131\u015fma, kul hakk\u0131na riayet, d\u00fcr\u00fcstl\u00fck, kaliteli \u00fcretim, yard\u0131mla\u015fma ve Hakk&#8217;\u0131n r\u0131zas\u0131n\u0131 kazanmak i\u00e7in \u00e7ok \u00e7al\u0131\u015fma anlay\u0131\u015f\u0131n\u0131n bulundu\u011funu anlatan Y\u0131lmaz, \u015f\u00f6yle konu\u015ftu:<\/p>\n<p>&#8220;Ahi, birlik ve beraberlikten g\u00fc\u00e7 al\u0131r, haramdan sak\u0131n\u0131r. \u00c7al\u0131\u015fmay\u0131 ibadet sayar. Ahi, cefakar Anadolu kad\u0131n\u0131d\u0131r. E\u015fine, karde\u015fine, babas\u0131na ve medeniyetimize omuz verir. Ahi g\u00f6n\u00fclleri fetheder, vatan\u0131 can\u0131ndan, mal\u0131ndan \u00f6nce gelir. Esnaf\u0131n piri Ahi Evran-\u0131 Veli&#8217;nin ifadeleriyle &#8216;Ahilik, bir insan bilimidir. Ahi, her \u015feyde, her ortamda ve her \u00e7a\u011fda, denge ve d\u00fczeni tutturand\u0131r. Ahi, da\u011f\u0131tan de\u011fil toparlayand\u0131r, y\u0131kan de\u011fil yapand\u0131r.&#8217;<\/p>\n<p>Ahi Evran, Ahilik de\u011ferlerinin &#8216;her \u015feyde, her ortamda ve her \u00e7a\u011fda&#8217; ge\u00e7erlili\u011fini ifade ederek Ahili\u011fin \u00f6z\u00fcn\u00fcn durum, zaman ve mekandan ba\u011f\u0131ms\u0131z oldu\u011funu, ilkelerin evrenselli\u011fini vurgulam\u0131\u015ft\u0131r. Bug\u00fcn de esnaf ve sanatkarlar\u0131m\u0131z, bu zaman\u0131n ahileri olarak g\u00fcn\u00fcm\u00fcz\u00fcn Gaziyan-i Rum&#8217;lar\u0131 konumundad\u0131r. Ticaretin yaln\u0131zca kar etmek ve zenginlik edinmek olmad\u0131\u011f\u0131n\u0131, helalinden kazanman\u0131n, r\u0131zka bereket katman\u0131n ve Allah&#8217;\u0131n r\u0131zas\u0131na nail olman\u0131n bir vesilesi oldu\u011fu bilinciyle \u00e7al\u0131\u015fan esnaf\u0131m\u0131zla gurur, onur duyuyoruz. Esnaf\u0131m\u0131z kadim ahilik gelene\u011fini ya\u015fatt\u0131\u011f\u0131 s\u00fcrece bug\u00fcn de\u011fil her g\u00fcn Ahilik bayram\u0131, esnaf bayram\u0131 olacakt\u0131r.&#8221;<\/p>\n<p><img decoding=\"async\" alt=\"\" src=\"https:\/\/www.aa.com.tr\/uploads\/userFiles\/c9f1ae26-3cf3-4ab4-9d72-230dedd01a4c\/AA-32225526.jpg\"\/><\/p>\n<h3>&#8220;Esnaf\u0131m\u0131z\u0131 gelece\u011fe yeni ko\u015fullar i\u00e7inde ta\u015f\u0131maya kararl\u0131y\u0131z&#8221;<\/h3>\n<p>Esnaf ve zanaatkarlar\u0131 sadece ekonomik akt\u00f6rler de\u011fil toplumsal birlik ve beraberli\u011fin \u00e7imentosu olarak g\u00f6rd\u00fc\u011f\u00fcn\u00fc vurgulayan Y\u0131lmaz, T\u00fcrkiye&#8217;nin geli\u015fmesinin, b\u00fcy\u00fcmesinin, hedeflerine do\u011fru ad\u0131m ad\u0131m yol almas\u0131n\u0131n k\u00f6klerinin esnaf \u00e7al\u0131\u015fkanl\u0131\u011f\u0131na ve ahlak\u0131na uzand\u0131\u011f\u0131na dikkati \u00e7ekti.<\/p>\n<p>&#8220;Biz esnaf\u0131m\u0131z\u0131 bu anlamda gelece\u011fe mutlaka yeni ko\u015fullar i\u00e7inde ta\u015f\u0131maya kararl\u0131y\u0131z.&#8221; diyen Y\u0131lmaz, Cumhurba\u015fkan\u0131 Recep Tayyip Erdo\u011fan&#8217;\u0131n liderli\u011finde esnaf ve zanaatkarlar\u0131n bug\u00fcn\u00fcn \u015fartlar\u0131nda aktif olarak g\u00f6revini icra etmesi i\u00e7in yap\u0131lan \u00e7al\u0131\u015fmalar\u0131 an\u0131msatt\u0131.<\/p>\n<p>Esnaf ve Sanatkarlar Meslek Kurulu\u015flar\u0131 Kanunu, Esnaf Ahilik Sand\u0131\u011f\u0131, Esnaf ve Sanatkarlar Destek Sistemi, sanayi siteleri i\u00e7in TOK\u0130 imkanlar\u0131, Kovid-19 d\u00f6neminde sa\u011flanan destekler gibi esnaf\u0131n yan\u0131nda olacak \u00e7al\u0131\u015fmalar yapt\u0131klar\u0131n\u0131 aktaran Y\u0131lmaz, &#8220;Kazanc\u0131 basit usulde tespit edilen m\u00fckelleflerin, yani pek \u00e7o\u011fu esnaf ve sanatkarlardan olu\u015fan 850- 900 bin civar\u0131nda insan\u0131m\u0131z\u0131n ticari kazan\u00e7lar\u0131n\u0131n gelir vergisinden istisna edilmesini sa\u011flad\u0131k. 31 A\u011fustos tarihi itibariyle bu y\u0131l i\u00e7erisinde 132 milyar lira civar\u0131nda kredi kulland\u0131rd\u0131k.&#8221; ifadelerini kulland\u0131.<\/p>\n<h3>&#8220;Ahilikten elde etti\u011fimiz mirasla gelece\u011fe y\u00fcr\u00fcyece\u011fiz&#8221;<\/h3>\n<p>Orta Vadeli Program\u0131 da (OVP) esnaf ile isti\u015fare i\u00e7inde ve ortak ak\u0131lla haz\u0131rlad\u0131klar\u0131n\u0131 belirten Y\u0131lmaz, programla afetin yaralar\u0131n\u0131 sarmay\u0131, enflasyonda yeniden tek haneli rakamlara ula\u015fmay\u0131, b\u00fcy\u00fcme ve istihdam art\u0131\u015f\u0131n\u0131 devam ettirmeyi ve kal\u0131c\u0131 sosyal refah\u0131 g\u00fc\u00e7lendirmeyi hedeflediklerini kaydetti.<\/p>\n<p>Y\u0131lmaz, b\u00fct\u00fcn bu politikalar\u0131 g\u00fc\u00e7l\u00fc bir sosyal irade, sosyal ve siyasal sahiplenme ve liderlikle ba\u015faracaklar\u0131n\u0131 ifade ederek, \u015f\u00f6yle devam etti:<\/p>\n<p>&#8220;\u00d6zellikle gen\u00e7lerimize, \u00e7ocuklar\u0131m\u0131za bu anlamda seslenmek istiyorum; hi\u00e7bir \u015fekilde k\u0131sa vadeli i\u015flere bakmamalar\u0131, \u00e7ok \u00e7al\u0131\u015fmalar\u0131 laz\u0131m. Kestirmeden elde edilen hi\u00e7bir \u015feyin k\u0131ymeti yok ama \u00e7al\u0131\u015farak, ter d\u00f6kerek, u\u011fra\u015farak elde etti\u011finiz her kazan\u0131m kal\u0131c\u0131 kazan\u0131md\u0131r. \u0130n\u015fallah \u00e7ocuklar\u0131m\u0131zla, gen\u00e7lerimizle birlikte T\u00fcrkiye Y\u00fczy\u0131l\u0131&#8217;na y\u00fcr\u00fcyece\u011fiz. T\u00fcrkiye Y\u00fczy\u0131l\u0131 ayn\u0131 zamanda Ahili\u011fin, karde\u015fli\u011fin, birli\u011fin, beraberli\u011fin y\u00fczy\u0131l\u0131d\u0131r. Hi\u00e7birimiz, hi\u00e7bir siyasi parti, g\u00f6r\u00fc\u015f ve kesim tek ba\u015f\u0131na T\u00fcrkiye Y\u00fczy\u0131l\u0131&#8217;n\u0131 in\u015fa edemez. T\u00fcrkiye Y\u00fczy\u0131l\u0131&#8217;n\u0131 hep birlikte in\u015fa edece\u011fiz. K\u0131r\u015fehir&#8217;den ald\u0131\u011f\u0131m\u0131z bu ruhla, ahilikten elde etti\u011fimiz mirasla gelece\u011fe y\u00fcr\u00fcyece\u011fiz in\u015fallah.&#8221;<\/p>\n<p>T\u00f6rende \u015fed ku\u015fanacak i\u015f insanlar\u0131n\u0131 da tebrik eden Y\u0131lmaz, gelecek nesillere \u00f6rnek olmalar\u0131n\u0131 diledi.<\/p>\n<h3>&#8220;Ahiler, bug\u00fcn de milletimizin birlik, beraberlik ve karde\u015fli\u011finin teminat\u0131d\u0131r&#8221;<\/h3>\n<p>Programda, Cumhurba\u015fkan\u0131 Recep Tayyip Erdo\u011fan&#8217;\u0131n g\u00f6nderdi\u011fi mesaj da okundu.<\/p>\n<p>Cumhurba\u015fkan\u0131 Erdo\u011fan mesaj\u0131nda, Ahilik Haftas\u0131&#8217;n\u0131n hay\u0131rlara vesile olmas\u0131n\u0131 diledi.<\/p>\n<p>Bug\u00fcn \u015fed ku\u015fananlar\u0131 kutlayan Erdo\u011fan, onlara ustal\u0131klar\u0131n\u0131n bu ilk g\u00fcn\u00fcnde ba\u015far\u0131lar temenni etti.<\/p>\n<p>Ahili\u011fin kurucusu olan Ahi Evran&#8217;\u0131n, hem g\u00f6n\u00fcl d\u00fcnyas\u0131n\u0131 ayd\u0131nlatan nasihatleri hem kaleme ald\u0131\u011f\u0131 eserleri hem de \u00f6rnek hayat\u0131yla milletin, \u00f6zellikle esnaf\u0131n kutup y\u0131ld\u0131zlar\u0131ndan biri oldu\u011funu belirten Erdo\u011fan, &#8220;Ya\u015fad\u0131\u011f\u0131m\u0131z co\u011frafyan\u0131n M\u00fcsl\u00fcman T\u00fcrk yurdu olmas\u0131na \u00f6nc\u00fcl\u00fck eden Ahiler, bug\u00fcn de milletimizin birlik, beraberlik ve karde\u015fli\u011finin teminat\u0131d\u0131r. T\u0131pk\u0131 8 as\u0131r oldu\u011fu gibi bug\u00fcn de &#8216;Ahi, da\u011f\u0131tan de\u011fil toparlayan, y\u0131kan de\u011fil yapand\u0131r&#8217; d\u00fcsturu bize rehberlik etmektedir.&#8221; ifadelerini kulland\u0131.<\/p>\n<p>S\u0131n\u0131rs\u0131z t\u00fcketimin \u00f6zendirildi\u011fi ve insan\u0131n giderek bencille\u015fti\u011fi bir \u00e7a\u011fda, Ahili\u011fin as\u0131rlard\u0131r payla\u015fmay\u0131 ve dayan\u0131\u015fmay\u0131 \u00f6\u011f\u00fctleyen ilkelerine daha s\u0131k\u0131 sahip \u00e7\u0131k\u0131lmas\u0131 gerekti\u011fini vurgulayan Erdo\u011fan, mesaj\u0131nda \u015funlar\u0131 kaydetti:<\/p>\n<p>&#8220;Y\u00fczy\u0131llar\u0131n i\u00e7inden s\u00fcz\u00fcl\u00fcp gelen bu k\u00fclt\u00fcr\u00fc ne kadar g\u00fc\u00e7l\u00fc ya\u015fat\u0131rsak, milli kimli\u011fimizi o derece muhafaza etme imkan\u0131na kavu\u015furuz. Di\u011fer t\u00fcrl\u00fc, ne pahas\u0131na olursa olsun t\u00fcketme pe\u015finde ko\u015fan vah\u015fi kapitalizmin toplumumuzu i\u00e7eriden \u00e7\u00f6kertmesinin \u00f6n\u00fcne ge\u00e7emeyiz. Ahilik gelene\u011finin, in\u015fallah siz karde\u015flerimin de samimi gayretleriyle, daha nice y\u0131llar boyunca T\u00fcrkiye&#8217;nin muhkem bir kalesi olarak mevcudiyetini s\u00fcrd\u00fcrece\u011fine inan\u0131yorum. T\u00fcrk ekonomisine ve milli kimli\u011fimizin korunmas\u0131na yapt\u0131\u011f\u0131n\u0131z katk\u0131lar i\u00e7in her birinize \u015f\u00fckranlar\u0131m\u0131 sunuyorum. Bu vesileyle Ahilik Te\u015fkilat\u0131n\u0131n kurucusu Ahi Evran&#8217;\u0131 ve sekiz as\u0131rd\u0131r bu topraklarda Ahilik gelene\u011fini s\u00fcrd\u00fcren t\u00fcm esnaf ve sanatkarlar\u0131m\u0131z\u0131 rahmetle yad ediyorum. B\u00fct\u00fcn esnaf ve sanatkar karde\u015flerime Rabbim&#8217;den kolayl\u0131klar ve bereketli kazan\u00e7lar niyaz ediyorum. Ticaret Bakanl\u0131\u011f\u0131m\u0131za ve bu anlaml\u0131 faaliyetlerin d\u00fczenlenmesinde g\u00f6rev alan herkese te\u015fekk\u00fcr ediyorum.&#8221;<\/p>\n<p>Konu\u015fmalar\u0131n ard\u0131ndan Y\u0131lmaz, \u015fed ku\u015fand\u0131r\u0131lan y\u0131l\u0131n Ahisi Ferhat Murat Baykal\u0131, y\u0131l\u0131n kalfas\u0131 Levent \u00c7akmak ve y\u0131l\u0131n \u00e7\u0131ra\u011f\u0131 Emre G\u00fcl\u015fen&#8217;e \u00f6d\u00fcllerini verdi.<\/p>\n<p>Daha sonra Ticaret Bakan\u0131 \u00d6mer Bolat&#8217;a Ahilik Hizmet \u00f6d\u00fcl\u00fcn\u00fc takdim eden Y\u0131lmaz&#8217;a, \u015fed ku\u015fand\u0131r\u0131ld\u0131 ve Ahilik Onur \u00d6d\u00fcl\u00fc verildi.<\/p>\n<p>T\u00fcrk Y\u0131ld\u0131zlar\u0131&#8217;n\u0131n g\u00f6steri yapt\u0131\u011f\u0131 t\u00f6rende, Jandarma Genel Komutanl\u0131\u011f\u0131 Mehteran B\u00f6l\u00fc\u011f\u00fc de konser verdi.<\/p>\n<p>                            <span class=\"detay-foto-editor\">&#13;<br \/>\n                                <a href=\"https:\/\/www.aa.com.tr\/tr\/p\/abonelik-talep-formu\/1001\" target=\"_blank\" style=\"font-size:12px; color:#444; text-decoration:none;\" rel=\"noopener\">&#13;<br \/>\n                                    Anadolu Ajans\u0131 web sitesinde, AA Haber Ak\u0131\u015f Sistemi (HAS) \u00fczerinden abonelere sunulan haberler, \u00f6zetlenerek yay\u0131mlanmaktad\u0131r. <b style=\"color:#1897F7\">Abonelik i\u00e7in l\u00fctfen ileti\u015fime ge\u00e7iniz.<\/b>&#13;<br \/>\n                                <\/a>&#13;<br \/>\n                            <\/span>\n                        <\/div>\n<p><script>\n\t  window.fbAsyncInit = function() {\n\t\tFB.init({\n\t\t  appId: '1855843514662870',\n\t\t  status : true, \/\/ check login status\n\t\t  cookie : true, \/\/ enable cookies to allow the server to access the session\n\t\t  xfbml  : true  \/\/ parse XFBML\n\t\t});\n\t  };<\/p>\n<p>\t  (function() {\n\t\tvar e = document.createElement('script');\n\t\te.src=\"https:\/\/connect.facebook.net\/tr_TR\/all.js\";\n\t\te.async = true;\n\t\tdocument.getElementById('fb-root').appendChild(e);\n\t  }());\n    <\/script><\/p>\n","protected":false},"excerpt":{"rendered":"<p>Y\u0131lmaz, K\u0131r\u015fehir&#8217;de 36. Ahilik Haftas\u0131 Kutlama T\u00f6reni&#8217;ne kat\u0131ld\u0131. Buradaki konu\u015fmas\u0131nda Pir Ahi Evran Veli ba\u015fta olmak \u00fczere t\u00fcm ahi esnaf ve sanatkarlar\u0131n\u0131 rahmetle anarak Ahilik Haftas\u0131&#8217;n\u0131n adeta bir esnaf bayram\u0131na d\u00f6n\u00fc\u015ft\u00fc\u011f\u00fcne i\u015faret eden Y\u0131lmaz, her y\u0131l d\u00fczenlenen bu etkinlikleri, \u00f6zellikle Ahilik de\u011ferlerini gelecek nesillere aktarmas\u0131 a\u00e7\u0131s\u0131ndan k\u0131ymetli buldu\u011funu dile getirdi. Cumhurba\u015fkan\u0131 Yard\u0131mc\u0131s\u0131 Y\u0131lmaz, 13. y\u00fczy\u0131lda [&hellip;]<\/p>\n","protected":false},"author":1,"featured_media":15233,"comment_status":"","ping_status":"","sticky":false,"template":"","format":"standard","meta":[],"categories":[47],"tags":[],"_links":{"self":[{"href":"https:\/\/kraios.app\/news\/wp-json\/wp\/v2\/posts\/15232"}],"collection":[{"href":"https:\/\/kraios.app\/news\/wp-json\/wp\/v2\/posts"}],"about":[{"href":"https:\/\/kraios.app\/news\/wp-json\/wp\/v2\/types\/post"}],"author":[{"embeddable":true,"href":"https:\/\/kraios.app\/news\/wp-json\/wp\/v2\/users\/1"}],"replies":[{"embeddable":true,"href":"https:\/\/kraios.app\/news\/wp-json\/wp\/v2\/comments?post=15232"}],"version-history":[{"count":0,"href":"https:\/\/kraios.app\/news\/wp-json\/wp\/v2\/posts\/15232\/revisions"}],"wp:featuredmedia":[{"embeddable":true,"href":"https:\/\/kraios.app\/news\/wp-json\/wp\/v2\/media\/15233"}],"wp:attachment":[{"href":"https:\/\/kraios.app\/news\/wp-json\/wp\/v2\/media?parent=15232"}],"wp:term":[{"taxonomy":"category","embeddable":true,"href":"https:\/\/kraios.app\/news\/wp-json\/wp\/v2\/categories?post=15232"},{"taxonomy":"post_tag","embeddable":true,"href":"https:\/\/kraios.app\/news\/wp-json\/wp\/v2\/tags?post=15232"}],"curies":[{"name":"wp","href":"https:\/\/api.w.org\/{rel}","templated":true}]}}