{"id":15220,"date":"2023-09-24T08:50:25","date_gmt":"2023-09-24T08:50:25","guid":{"rendered":"https:\/\/kraios.app\/news\/siyaset\/2023\/09\/24\/bugun-kuresel-esitsizlikleri-cozmek-icin-her-imkani-seferber-eden-bir-turkiye-var\/"},"modified":"2023-09-24T08:50:25","modified_gmt":"2023-09-24T08:50:25","slug":"bugun-kuresel-esitsizlikleri-cozmek-icin-her-imkani-seferber-eden-bir-turkiye-var","status":"publish","type":"post","link":"https:\/\/kraios.app\/news\/siyaset\/2023\/09\/24\/bugun-kuresel-esitsizlikleri-cozmek-icin-her-imkani-seferber-eden-bir-turkiye-var\/","title":{"rendered":"Bug\u00fcn k\u00fcresel e\u015fitsizlikleri \u00e7\u00f6zmek i\u00e7in her imkan\u0131 seferber eden bir T\u00fcrkiye var"},"content":{"rendered":"<p><\/p>\n<div>\n<p>D\u0131\u015fi\u015fleri Bakan\u0131 <strong>Hakan Fidan<\/strong>, &#8220;Bug\u00fcn Ukrayna sava\u015f\u0131 ba\u015fta olmak \u00fczere bar\u0131\u015f i\u00e7in ara buluculuk yapan, g\u0131da krizini \u00f6nleyen, <strong>Karadeniz Tah\u0131l Giri\u015fimi<\/strong> i\u00e7in \u00e7ok katmanl\u0131 ve \u00e7ok payda\u015fl\u0131 bir \u00e7aba g\u00f6steren, b\u00f6lgesel ekonomik ve siyasi i\u015fbirli\u011fi modelleri geli\u015ftiren, k\u00fcresel adaletsizlikleri ve e\u015fitsizlikleri \u00e7\u00f6zmek i\u00e7in her t\u00fcrl\u00fc imkan\u0131 seferber eden bir T\u00fcrkiye var.&#8221; dedi.<\/p>\n<p>Fidan, Birle\u015fmi\u015f Milletler (<strong>BM<\/strong>) 78. Genel Kurulu&#8217;nun ard\u0131ndan New York T\u00fcrkevi&#8217;nde bas\u0131n mensuplar\u0131na de\u011ferlendirmelerde bulundu, sorular\u0131 yan\u0131tlad\u0131.<\/p>\n<p>Bakan Fidan, BM Genel Kurulu s\u0131ras\u0131nda diplomasinin kalbinin New York&#8217;ta att\u0131\u011f\u0131n\u0131 belirterek, &#8220;<strong>T\u00fcrkiye<\/strong>&#8216;miz ise bu diplomasi trafi\u011finin tam merkezinde yer ald\u0131. T\u00fcrkevi, Say\u0131n Cumhurba\u015fkan\u0131&#8217;m\u0131z\u0131n liderli\u011finde, T\u00fcrk d\u0131\u015f politikas\u0131n\u0131n geldi\u011fi a\u015faman\u0131n v\u00fccut buldu\u011fu bir mekana d\u00f6n\u00fc\u015fm\u00fc\u015ft\u00fcr.&#8221; diye konu\u015ftu. <\/p>\n<p>Genel Kurul&#8217;un bu y\u0131lki temas\u0131 olan &#8220;Herkes i\u00e7in bar\u0131\u015f, refah, geli\u015fim ve s\u00fcrd\u00fcr\u00fclebilirlik&#8221; konular\u0131nda T\u00fcrkiye&#8217;nin \u00f6nc\u00fc rol\u00fcn\u00fc \u00fcstlendi\u011fini vurgulayan Fidan, &#8220;Bug\u00fcn Ukrayna sava\u015f\u0131 ba\u015fta olmak \u00fczere bar\u0131\u015f i\u00e7in ara buluculuk yapan, g\u0131da krizini \u00f6nleyen, Karadeniz Tah\u0131l Giri\u015fimi i\u00e7in \u00e7ok katmanl\u0131 ve \u00e7ok payda\u015fl\u0131 bir \u00e7aba g\u00f6steren, b\u00f6lgesel ekonomik ve siyasi i\u015fbirli\u011fi modelleri geli\u015ftiren, k\u00fcresel adaletsizlikleri ve e\u015fitsizlikleri \u00e7\u00f6zmek i\u00e7in her t\u00fcrl\u00fc imkan\u0131 seferber eden bir T\u00fcrkiye var.&#8221; ifadesini kulland\u0131. <\/p>\n<p>Fidan, New York&#8217;ta Ukrayna, Karaba\u011f, Suriye, iklim de\u011fi\u015fikli\u011fi gibi stratejik \u00f6nem ta\u015f\u0131yan bir\u00e7ok g\u00f6r\u00fc\u015fme yapt\u0131\u011f\u0131n\u0131 ve toplant\u0131lara kat\u0131ld\u0131\u011f\u0131n\u0131, g\u00f6r\u00fc\u015fmelerin odak noktas\u0131n\u0131n Rusya ve Ukrayna ba\u011flam\u0131ndaki geli\u015fmeler ba\u015fta olmak \u00fczere b\u00f6lgedeki bar\u0131\u015f ve g\u00fcvenli\u011fi yak\u0131ndan ilgilendiren konular oldu\u011funu dile getirdi.<\/p>\n<p><img decoding=\"async\" alt=\"\" src=\"https:\/\/www.aa.com.tr\/uploads\/userFiles\/40b5e6df-807a-4c96-8fee-5e91cbea23a3\/2023%2FEyl%C3%BCl%2Fhafidd1.jpg\"\/><\/p>\n<h3>Azerbaycan&#8217;\u0131n antiter\u00f6r operasyonu<\/h3>\n<p>Bakan Fidan, Azerbaycan&#8217;\u0131n 19 Eyl\u00fcl&#8217;de ba\u015flatt\u0131\u011f\u0131 antiter\u00f6r operasyonuna de\u011finerek, temaslar\u0131nda Azerbaycan&#8217;\u0131n &#8220;hakl\u0131 davas\u0131nda daima yan\u0131nda olduklar\u0131n\u0131&#8221; yinelediklerini s\u00f6yledi.<\/p>\n<p>Bu konuda BM G\u00fcvenlik Konseyinde tertiplenen toplant\u0131ya da kat\u0131ld\u0131klar\u0131n\u0131 belirten Fidan, Karaba\u011f operasyonunun &#8220;G\u00fcney Kafkasya&#8217;da istikrar ve normalle\u015fme i\u00e7in yeni bir f\u0131rsat penceresi aralad\u0131\u011f\u0131n\u0131&#8221; vurgulad\u0131.<\/p>\n<p>Fidan, &#8220;Bu f\u0131rsat penceresini vakit varken Ermenistan&#8217;\u0131n daha iyi de\u011ferlendirmesi gerekti\u011fini d\u00fc\u015f\u00fcn\u00fcyoruz. Kom\u015fu co\u011frafyam\u0131zda bar\u0131\u015f, istikrar ve refah\u0131n hakim k\u0131l\u0131nmas\u0131 i\u00e7in var g\u00fcc\u00fcm\u00fczle \u00e7al\u0131\u015fmaya devam edece\u011fiz.&#8221; dedi.<\/p>\n<p><img decoding=\"async\" alt=\"\" src=\"https:\/\/www.aa.com.tr\/uploads\/userFiles\/40b5e6df-807a-4c96-8fee-5e91cbea23a3\/2023%2FEyl%C3%BCl%2Fhfz1.jpg\"\/><\/p>\n<h3>Blinken ile g\u00f6r\u00fc\u015fme &#8220;samimi ve yap\u0131c\u0131&#8221;<\/h3>\n<p>ABD D\u0131\u015fi\u015fleri Bakan\u0131 Antony Blinken ile g\u00f6r\u00fc\u015fmesinin samimi ve yap\u0131c\u0131 oldu\u011funu dile getiren Fidan, g\u00f6r\u00fc\u015fmede, ili\u015fkilerin daha \u00fcst seviyeye \u00e7\u0131kar\u0131lmas\u0131 i\u00e7in ileride at\u0131labilecek somut ad\u0131mlar\u0131 ele ald\u0131klar\u0131n\u0131 ifade etti.<\/p>\n<p>Fidan, &#8220;S\u0131r de\u011fil; Amerika ile anla\u015fmazl\u0131klar\u0131m\u0131z\u0131n oldu\u011fu baz\u0131 konular var. Bunlar\u0131 ciddi m\u00fcttefiklik ili\u015fkisi i\u00e7inde ve kar\u015f\u0131l\u0131kl\u0131 sayg\u0131 temelinde ele almaktay\u0131z. Elbette, \u0130sve\u00e7&#8217;in NATO&#8217;ya kat\u0131l\u0131m s\u00fcreci, Karadeniz Tah\u0131l Giri\u015fimi ve Karaba\u011f gibi b\u00f6lgesel konular\u0131 da masaya yat\u0131rd\u0131k.&#8221; diye konu\u015ftu.<\/p>\n<p>Finlandiya ile \u00f6nc\u00fcl\u00fc\u011f\u00fcn\u00fc yapt\u0131klar\u0131 &#8220;Bar\u0131\u015f \u0130\u00e7in Ara Buluculuk Giri\u015fimi Dostlar Grubu&#8217;nun 13. Toplant\u0131s\u0131&#8217;n\u0131&#8221; ger\u00e7ekle\u015ftirdiklerini s\u00f6yleyen Fidan, &#8220;Karadeniz Tah\u0131l Giri\u015fimi \u00f6rne\u011finde oldu\u011fu gibi ara buluculu\u011fun ve diplomasinin hala \u00f6nem arz etti\u011fini, sorunlara bar\u0131\u015f\u00e7\u0131l \u00e7\u00f6z\u00fcm\u00fcn temel \u00f6nceli\u011fimiz olmas\u0131 gerekti\u011fini hat\u0131rlatma imkan\u0131m\u0131z oldu.&#8221; ifadesini kulland\u0131.<\/p>\n<p>Fidan, Medeniyetler \u0130ttifak\u0131 Dostlar Grubu Bakanlar Toplant\u0131s\u0131&#8217;n\u0131 yapt\u0131klar\u0131na i\u015faret ederek, 18 y\u0131l \u00f6nce \u0130spanya ile ba\u015flat\u0131lan giri\u015fimin ne kadar yerinde bir ad\u0131m oldu\u011funun g\u00f6r\u00fcld\u00fc\u011f\u00fcn\u00fc ve bu giri\u015fimin i\u015flevini yitirmeden s\u00fcrmesi gerekti\u011fini vurgulad\u0131.<\/p>\n<h3>&#8220;Avrupa&#8217;da ya\u015fayan M\u00fcsl\u00fcmanlar, arkalar\u0131nda \u0130slam d\u00fcnyas\u0131n\u0131 g\u00fc\u00e7l\u00fc \u015fekilde g\u00f6rmek istiyor&#8221;<\/h3>\n<p>Irk\u00e7\u0131l\u0131k ve yabanc\u0131 d\u00fc\u015fmanl\u0131\u011f\u0131n\u0131n uzun zamandan beri g\u00f6r\u00fclmemi\u015f seviyelere \u00e7\u0131kt\u0131\u011f\u0131na dikkati \u00e7eken Fidan, &#8220;Avrupa&#8217;da kutsal kitab\u0131m\u0131z Kur&#8217;an-\u0131 Kerim&#8217;e y\u00f6nelik al\u00e7ak sald\u0131r\u0131lar ve \u0130slam kar\u015f\u0131t\u0131 eylemler adeta bir salg\u0131n haline geldi.&#8221; diye konu\u015ftu.<\/p>\n<p>Fidan, \u0130slam \u0130\u015fbirli\u011fi Te\u015fkilat\u0131b\u00fcnyesinde yap\u0131lan toplant\u0131lar\u0131n g\u00fcndeminde \u0130slamofobiyle m\u00fccadele alan\u0131nda at\u0131lacak ad\u0131mlar\u0131n oldu\u011funu ve k\u00fcresel adaletsizlikle m\u00fccadele i\u00e7in ortak bir bildiri yay\u0131nlad\u0131klar\u0131n\u0131 hat\u0131rlatarak, Filistin sorununun k\u00fcresel adaletsizliklerin ba\u015f\u0131nda geldi\u011fini s\u00f6yledi.<\/p>\n<p>\u0130slam kar\u015f\u0131t\u0131 eylemler, nefret s\u00f6ylemleri ve ayr\u0131mc\u0131l\u0131k nedeniyle Avrupa&#8217;da ya\u015fayan M\u00fcsl\u00fcmanlar\u0131n endi\u015feli oldu\u011funu belirten Fidan, Avrupa&#8217;da ya\u015fayan M\u00fcsl\u00fcmanlar\u0131n, arkalar\u0131nda \u0130slam d\u00fcnyas\u0131n\u0131 g\u00fc\u00e7l\u00fc \u015fekilde g\u00f6rmek istediklerini dile getirdi.<\/p>\n<p>Fidan, T\u00fcrkiye&#8217;nin bu durumla m\u00fccadelede \u00f6nc\u00fc ve etkin rol oynad\u0131\u011f\u0131n\u0131n alt\u0131n\u0131 \u00e7izerek, &#8220;BM ve G-20&#8217;de kabul edilen ve kutsal kitaplara sald\u0131r\u0131lar\u0131 k\u0131nayan kararlar, ayr\u0131ca, \u0130sve\u00e7 ve Danimarka&#8217;n\u0131n mevzuat de\u011fi\u015fikli\u011fine gitmeye karar vermesi, \u0130slam d\u00fcnyas\u0131n\u0131n ortak hareket etti\u011finde sonu\u00e7 alabilece\u011fini g\u00f6sterdi.&#8221; dedi.<\/p>\n<p>Bakan Fidan, Meksika, Endonezya, G\u00fcney Kore, T\u00fcrkiye ve Avusturalya&#8217;n\u0131n olu\u015fturdu\u011fu MIKTA&#8217;n\u0131n 24. D\u0131\u015fi\u015fleri Bakanlar\u0131 Toplant\u0131s\u0131&#8217;n\u0131 da ger\u00e7ekle\u015ftirdiklerini belirterek, bu toplant\u0131da G20 Yeni Delhi Zirvesi&#8217;nde bir araya gelen MIKTA \u00fclkelerinin liderlerinin ele ald\u0131\u011f\u0131 konular\u0131n takibini yapt\u0131klar\u0131n\u0131 s\u00f6yledi.<\/p>\n<h3>&#8220;PKK\/YPG ve DEA\u015e dahil t\u00fcm ter\u00f6r \u00f6rg\u00fctlerine alan b\u0131rakmayaca\u011f\u0131z&#8221;<\/h3>\n<p>T\u00fcrk Devletleri Te\u015fkilat\u0131 Gayriresmi D\u0131\u015fi\u015fleri Bakanlar\u0131 Toplant\u0131s\u0131&#8217;na ili\u015fkin de de\u011ferlendirme yapan Fidan, &#8220;T\u00fcrk d\u00fcnyas\u0131 olarak yat\u0131r\u0131mlar\u0131m\u0131z i\u00e7in ortak fon kurdu\u011fumuz, sivil koruma mekanizmas\u0131 tasarlad\u0131\u011f\u0131m\u0131z, &#8216;turan&#8217; ad\u0131n\u0131 ta\u015f\u0131yan (TURANSEZ) \u00f6zel ekonomi b\u00f6lgesi a\u00e7aca\u011f\u0131m\u0131z g\u00fcnleri g\u00f6rmekteyiz.&#8221; ifadesini kulland\u0131.<\/p>\n<p>Fidan, Suriye konusunun uluslararas\u0131 g\u00fcndemdeki yerini korudu\u011funu ve istikrars\u0131zl\u0131k \u00fcreten kriz halinin devam etti\u011fini belirterek, Rusya D\u0131\u015fi\u015fleri Bakan\u0131 Sergey Lavrov ve \u0130ranl\u0131 mevkida\u015f\u0131 H\u00fcseyin Emir Abdullahiyan ile Astana D\u0131\u015fi\u015fleri Bakanlar\u0131 Toplant\u0131s\u0131&#8217;nda bu meselelerin g\u00f6r\u00fc\u015f\u00fcld\u00fc\u011f\u00fcn\u00fc hat\u0131rlatt\u0131.<\/p>\n<p>BM Genel Sekreterinin Suriye \u00d6zel Temsilcisi Geir Pedersen&#8217;in de toplant\u0131ya kat\u0131ld\u0131\u011f\u0131n\u0131 s\u00f6yleyen Fidan, &#8220;\u0130nsani yard\u0131mlar\u0131n devam\u0131, siyasi s\u00fcrecin canland\u0131r\u0131lmas\u0131, ate\u015fkes ihlalleri ve ba\u015fta PKK ve DEA\u015e olmak \u00fczere ter\u00f6r \u00f6rg\u00fctlerinin yaratt\u0131\u011f\u0131 g\u00fcvenlik sorunlar\u0131n\u0131 ele ald\u0131k.&#8221; diye konu\u015ftu.<\/p>\n<p>Bakan Fidan, &#8220;T\u00fcrkiye olarak, PKK\/YPG ve DEA\u015e dahil t\u00fcm ter\u00f6r \u00f6rg\u00fctlerine ve bu t\u00fcr ma\u015falar \u00fczerinden b\u00f6lgemizde emperyal tasar\u0131mlar yapan \u00e7evrelere asla alan ve zemin b\u0131rakmayaca\u011f\u0131z.&#8221; dedi.<\/p>\n<p>D\u0131\u015fi\u015fleri Bakan\u0131 Fidan, Azerbaycan&#8217;\u0131n 19 Eyl\u00fcl&#8217;de ba\u015flatt\u0131\u011f\u0131 antiter\u00f6r operasyonuna ili\u015fkin, &#8220;Azerbaycan&#8217;\u0131n yapt\u0131\u011f\u0131 counter-terror (antiter\u00f6r) operasyonu art\u0131k ba\u015fka \u00e7arenin kalmad\u0131\u011f\u0131n\u0131 g\u00f6steren operasyondu.&#8221; dedi.<\/p>\n<p>Fidan, Birle\u015fmi\u015f Milletler (BM) 78. Genel Kurulu&#8217;nun ard\u0131ndan New York T\u00fcrkevi&#8217;nde bas\u0131n mensuplar\u0131na de\u011ferlendirmelerde bulundu ve sorular\u0131 yan\u0131tlad\u0131.<\/p>\n<h3>&#8220;(Azerbaycan&#8217;\u0131n Karaba\u011f&#8217;a antiter\u00f6r operasyonu) Art\u0131k ba\u015fka \u00e7arenin kalmad\u0131\u011f\u0131n\u0131 g\u00f6steren operasyondu&#8221;<\/h3>\n<p>Bakan Fidan, de\u011ferlendirmesinin ard\u0131ndan bas\u0131n mensuplar\u0131n\u0131n g\u00fcndeme ili\u015fkin sorular\u0131n\u0131 yan\u0131tlad\u0131.<\/p>\n<p>Azerbaycan&#8217;\u0131n 19 Eyl\u00fcl&#8217;de ba\u015flatt\u0131\u011f\u0131 antiter\u00f6r operasyonuna ili\u015fkin soruya yan\u0131t veren Fidan, &#8220;Azerbaycan&#8217;\u0131n yapt\u0131\u011f\u0131 counter-terror (antiter\u00f6r) operasyonu art\u0131k ba\u015fka \u00e7arenin kalmad\u0131\u011f\u0131n\u0131 g\u00f6steren operasyondu.&#8221; dedi.<\/p>\n<p>Azerbaycan-Ermenistan aras\u0131ndaki ate\u015fkes mutabakat\u0131ndan sonra \u00fczerinde anla\u015f\u0131lan konular\u0131n bir k\u0131sm\u0131n\u0131n Ermenistan taraf\u0131ndan hayata ge\u00e7irilmedi\u011fini vurgulayan Fidan, &#8220;Zengezur Koridoru&#8217;nun a\u00e7\u0131lmas\u0131&#8221; ve &#8220;Karaba\u011f&#8217;daki Ermeni etnik n\u00fcfusunun ya\u015fad\u0131\u011f\u0131 b\u00f6lgede Azerbaycan egemenli\u011finin pratikte tesis edilmesi&#8221; konular\u0131n\u0131n Azerbaycan&#8217;\u0131n &#8220;uzun s\u00fcredir sab\u0131rla bekledi\u011fi&#8221; konular oldu\u011funu aktard\u0131.<\/p>\n<p>Fidan, uluslararas\u0131 toplumun ve g\u00f6r\u00fc\u015fmelerin bir netice \u00fcretmemesi nedeniyle Azerbaycan&#8217;\u0131n &#8220;gerekeni yapma zorunlulu\u011funu&#8221; hissetti\u011fini belirterek, Azerbaycan&#8217;\u0131n bu hareketi yapmadaki zorunlulu\u011funu ve gereklili\u011fini g\u00f6r\u00fc\u015ft\u00fc\u011f\u00fc ilgili muhataplara ilettiklerini s\u00f6yledi.<\/p>\n<p>S\u00f6z konusu harekat\u0131n k\u0131sa s\u00fcren bir harekat oldu\u011funu kaydeden Fidan, &#8220;Sivil n\u00fcfusa dokunmayan, belli silahl\u0131 unsurlar\u0131n tasfiyesini hedef alan, Azerbaycan&#8217;\u0131n b\u00f6lgedeki yasal egemenli\u011finin yolunu a\u00e7an noktasal bir faaliyet oldu. Bunu da t\u00fcm taraflara anlatt\u0131k.&#8221; ifadelerini kulland\u0131.<\/p>\n<p>Fidan, \u00f6te yandan baz\u0131 taraflar\u0131n bu konuda &#8220;ciddi bir \u00f6n yarg\u0131 i\u00e7inde oldu\u011funu&#8221; belirterek, Azerbaycan&#8217;\u0131n yapt\u0131\u011f\u0131 harekat\u0131n &#8220;sebeplerini ve nedenlerini anlamadan \u00e7ok ciddi su\u00e7lamalar getirildi\u011fini ve \u00e7ok ileri iddialar\u0131n ortaya koyuldu\u011funu&#8221; g\u00f6rd\u00fcklerini dile getirdi.<\/p>\n<h3>&#8220;(BM reformu) \u00f6nemli olan bu tart\u0131\u015fman\u0131n ba\u015flat\u0131lmas\u0131yd\u0131 ve devam etmesi&#8221;<\/h3>\n<p>Bakan Fidan, BM G\u00fcvenlik Konseyi reformuna ili\u015fkin soruya yan\u0131t\u0131nda ise bu konuyu T\u00fcrkiye&#8217;nin Cumhurba\u015fkan\u0131 Recep Tayyip Erdo\u011fan&#8217;\u0131n liderli\u011finde uzun zamand\u0131r dile getirdi\u011fini hat\u0131rlatarak, &#8220;Var olan realitenin art\u0131k bir s\u00f6yleme d\u00f6n\u00fc\u015ft\u00fc\u011f\u00fc, bu s\u00f6ylemin politikaya, politikan\u0131n da art\u0131k uygulamaya ge\u00e7mesini bekledi\u011fimiz bir a\u015famaya geldik.&#8221; dedi.<\/p>\n<p>Bu konuda \u015fu ana dek ortaya \u00e7\u0131kan s\u00f6ylemlerin hakl\u0131l\u0131\u011f\u0131n\u0131n neredeyse t\u00fcm d\u00fcnya taraf\u0131ndan kabul edildi\u011fini kaydeden Fidan, &#8220;Bunun b\u00fct\u00fcn \u00fclkeler taraf\u0131ndan kabul edilen bir politikaya d\u00f6n\u00fc\u015fmesi i\u00e7in \u00e7ok sa\u011fl\u0131kl\u0131 tart\u0131\u015fmalar\u0131n yap\u0131lmas\u0131 gerekiyor. Bu konuda ciddi \u00e7abalara ihtiya\u00e7 var. \u00d6zellikle BM G\u00fcvenlik Konseyi&#8217;ndeki \u00fclkelerin bu konuda samimi olmalar\u0131 gerekiyor. D\u00fcnyadaki d\u00fczenin yeniden tesis edilmesi, daha kal\u0131c\u0131 bar\u0131\u015f\u0131n ve adil bir ya\u015fam\u0131n m\u00fcmk\u00fcn olmas\u0131 i\u00e7in Birle\u015fmi\u015f Milletler reformunun yap\u0131lmas\u0131 \u015fart.&#8221; diye konu\u015ftu.<\/p>\n<p>Fidan, bu konudaki tart\u0131\u015fmalar\u0131n halen devam etti\u011fini ve hen\u00fcz \u00fczerinde mutab\u0131k kal\u0131nm\u0131\u015f bir perspektif \u00e7er\u00e7evesinin olmad\u0131\u011f\u0131n\u0131 belirterek, &#8220;Ama \u00f6nemli olan bu tart\u0131\u015fman\u0131n ba\u015flat\u0131lmas\u0131yd\u0131 ve devam etmesi. Ben \u00f6n\u00fcm\u00fczdeki yak\u0131n gelecekte birka\u00e7 y\u0131l i\u00e7erisinde \u00e7ok sa\u011fl\u0131kl\u0131 kabul edilmi\u015f, genel kabul g\u00f6ren form\u00fcllerin ortaya \u00e7\u0131kaca\u011f\u0131n\u0131 d\u00fc\u015f\u00fcn\u00fcyorum.&#8221; ifadelerini kulland\u0131.<\/p>\n<h3>&#8220;Rusya ve Ukrayna, tah\u0131l anla\u015fmas\u0131n\u0131 genel sava\u015f \u00e7abalar\u0131n\u0131n bir par\u00e7as\u0131 olarak g\u00f6rme e\u011filimindeler&#8221;<\/h3>\n<p>Fidan, ABD ile jeostratejik, ekonomi, g\u00fcvenlik, Rusya-Ukrayna sava\u015f\u0131 ve tah\u0131l anla\u015fmas\u0131 konular\u0131n\u0131n g\u00fcndemde oldu\u011funu belirterek, T\u00fcrkiye&#8217;nin tah\u0131l anla\u015fmas\u0131n\u0131n yeniden hayata ge\u00e7irilmesi konusunda yo\u011fun bir diplomasi trafi\u011fi ger\u00e7ekle\u015ftirdi\u011fini hat\u0131rlatt\u0131.<\/p>\n<p>ABD ve di\u011fer m\u00fcttefik \u00fclkelerin T\u00fcrkiye&#8217;nin y\u00f6netti\u011fi bu diplomasi trafi\u011finin neticelerini ve detaylar\u0131n\u0131 \u00f6\u011frenmek istediklerini kaydeden Fidan, \u015f\u00f6yle devam etti:<\/p>\n<p>&#8220;Yeni d\u00f6nemde \u015fu izlenimimiz var, gerek Rusya taraf\u0131, gerek Ukrayna taraf\u0131 art\u0131k muhtemel bir tah\u0131l anla\u015fmas\u0131n\u0131 d\u00fcnya g\u0131da g\u00fcvenli\u011fine katk\u0131da bulunan bir \u00e7er\u00e7eveden ziyade iki \u00fclkenin genel sava\u015f \u00e7abalar\u0131n\u0131n ve faaliyetlerinin bir par\u00e7as\u0131 olarak g\u00f6rme e\u011filimindeler. Tabii bu bizim i\u015fimizi biraz daha yeni d\u00f6nemde zorla\u015ft\u0131ran bir konu. Ama Birle\u015fmi\u015f Milletlerle olan temaslar\u0131m\u0131z olsun, taraflarla olan temaslar\u0131m\u0131z olsun, Avrupal\u0131lar, Amerikal\u0131lar da dahil olmak \u00fczere bu konuda yo\u011fun ad\u0131m atmaya devam edece\u011fiz.&#8221;<\/p>\n<h3>&#8220;\u00d6zellikle bat\u0131l\u0131 baz\u0131 m\u00fcttefiklerimizin Ermenistan&#8217;\u0131 y\u00f6nlendirirken, daha isabetli tavsiyelerde bulunmalar\u0131 gerekiyor&#8221;<\/h3>\n<p>Fidan, ABD&#8217;li mevkida\u015f\u0131 Blinken&#8217;la Karaba\u011f meselesini de g\u00f6r\u00fc\u015ft\u00fcklerini belirterek, &#8220;Bu noktada belli arg\u00fcmanlar\u0131m\u0131z\u0131n ikna edici oldu\u011fu kanaatindeyim. B\u00f6lgede at\u0131lmas\u0131 gereken ad\u0131mlar var. \u00d6zellikle bat\u0131l\u0131 baz\u0131 m\u00fcttefiklerimizin Ermenistan&#8217;\u0131 y\u00f6nlendirirken, tavsiye verirken daha isabetli tavsiyelerde bulunmalar\u0131 gerekiyor. Yoksa belli tavsiyeler b\u00f6lgenin ger\u00e7ekli\u011fine uygun olmayan, d\u0131\u015far\u0131dan verilen tavsiyeler destekler maalesef \u00e7\u00f6z\u00fcm yerine, istikrar yerine daha fazla kaosu ve g\u00f6zya\u015f\u0131n\u0131 getirmekte.&#8221; de\u011ferlendirmesinde bulundu.<\/p>\n<h3>&#8220;Yunan taraf\u0131n\u0131 da son derece yap\u0131c\u0131 bir \u015fekilde konuya yakla\u015ft\u0131\u011f\u0131n\u0131 g\u00f6rmekteyiz&#8221;<\/h3>\n<p>T\u00fcrkiye ve Yunanistan aras\u0131nda liderler d\u00fczeyinde yap\u0131lan g\u00f6r\u00fc\u015fmelerde al\u0131nan bir karar\u0131n oldu\u011funu, her iki liderin de pozitif ajandayla konuya yakla\u015ft\u0131klar\u0131n\u0131 belirten Fidan, T\u00fcrkiye-Yunanistan aras\u0131ndaki sorunlar\u0131n kar\u015f\u0131l\u0131kl\u0131 sayg\u0131ya ve iyi niyete dayal\u0131 bir \u015fekilde \u00e7\u00f6z\u00fclmesi konusunda bir irade oldu\u011funu s\u00f6yledi.<\/p>\n<p>Fidan, \u015funlar\u0131 kaydetti:<\/p>\n<p>&#8220;Ege&#8217;deki gerginli\u011fin t\u0131rmanmamas\u0131 iki \u00fclke aras\u0131ndaki \u00f6zellikle Ege Denizi merkezli ekonomik potansiyellerin ortaya \u00e7\u0131kart\u0131lmas\u0131, iki \u00fclke aras\u0131ndaki gerek devletten devlete gerek halktan halka temas\u0131n artt\u0131r\u0131lmas\u0131, \u015firketlerin ortak faaliyetler y\u00fcr\u00fctmesi gibi \u00e7ok \u00e7e\u015fitli ba\u015fl\u0131klarda i\u015fbirli\u011fi alanlar\u0131 var. Ben say\u0131n meslekta\u015f\u0131mla da bu konular\u0131 yo\u011fun bir \u015fekilde g\u00f6r\u00fc\u015fmekteyim. Pozitif g\u00fcndemin artt\u0131r\u0131lmas\u0131, ilerletilmesi ve \u00e7e\u015fitlendirilmesi konusunda her iki tarafta neler yapabilir? Onu ortaya koyuyoruz. Yunan taraf\u0131n\u0131 da, son derece yap\u0131c\u0131 ve iyi niyetli bir \u015fekilde konuya yakla\u015ft\u0131\u011f\u0131n\u0131 an itibariyle g\u00f6rmekteyiz. Ben \u00f6n\u00fcm\u00fczdeki g\u00fcnlerde bu yakla\u015f\u0131m\u0131n daha somut sonu\u00e7lar \u00fcretece\u011fini a\u00e7\u0131k\u00e7as\u0131 d\u00fc\u015f\u00fcn\u00fcyorum. Say\u0131n Cumhurba\u015fkan\u0131m\u0131z\u0131n Selanik&#8217;e Aral\u0131k&#8217;ta yapaca\u011f\u0131 ziyaret esnas\u0131nda da bizim bu \u00e7al\u0131\u015fmalar\u0131m\u0131z\u0131n somutla\u015fm\u0131\u015f halini g\u00f6rece\u011fimizi d\u00fc\u015f\u00fcn\u00fcyorum.&#8221;<\/p>\n<h3>Fidan 78. BM Genel Kurulu kapsam\u0131nda mevkida\u015flar\u0131yla bir araya geldi<\/h3>\n<p>Fidan, 78. BM Genel Kurulu kapsam\u0131nda New York&#8217;ta Endonezya D\u0131\u015fi\u015fleri Bakan\u0131 Retno Marsudi ve Avustralya D\u0131\u015fi\u015fleri Bakan\u0131 Penny Wong ile de bir araya geldi.<\/p>\n<blockquote class=\"twitter-tweet\">\n<p dir=\"ltr\" lang=\"tr\">Bakan\u0131m\u0131z\u00a0<a href=\"https:\/\/twitter.com\/HakanFidan?ref_src=twsrc%5Etfw\">@HakanFidan<\/a>,\u00a0<a href=\"https:\/\/twitter.com\/hashtag\/T%C3%BCrkevi?src=hash&amp;ref_src=twsrc%5Etfw\">#T\u00fcrkevi<\/a>\u2019nde\u00a0<a href=\"https:\/\/twitter.com\/hashtag\/Avustralya?src=hash&amp;ref_src=twsrc%5Etfw\">#Avustralya<\/a>\u00a0D\u0131\u015fi\u015fleri Bakan\u0131 Penny Wong\u2019la g\u00f6r\u00fc\u015ft\u00fc.&#x1f1f9;&#x1f1f7;&#x1f1e6;&#x1f1fa;<a href=\"https:\/\/twitter.com\/hashtag\/UNGA78?src=hash&amp;ref_src=twsrc%5Etfw\">#UNGA78<\/a><a href=\"https:\/\/twitter.com\/hashtag\/NewYork?src=hash&amp;ref_src=twsrc%5Etfw\">#NewYork<\/a>\u00a0<a href=\"https:\/\/t.co\/oNRNAYD0ZB\">pic.twitter.com\/oNRNAYD0ZB<\/a><\/p>\n<p>\u2014 T.C. D\u0131\u015fi\u015fleri Bakanl\u0131\u011f\u0131 (@TC_Disisleri)\u00a0<a href=\"https:\/\/twitter.com\/TC_Disisleri\/status\/1705599965366521956?ref_src=twsrc%5Etfw\">September 23, 2023<\/a><\/p><\/blockquote>\n<p>Bakanl\u0131\u011f\u0131n X sosyal medya platformundan yap\u0131lan a\u00e7\u0131klamaya g\u00f6re, Fidan, 78. BM Genel Kurulu marj\u0131nda New York&#8217;ta Marsudi ve Wong ile g\u00f6r\u00fc\u015ft\u00fc.<\/p>\n<p>Fidan, T\u00fcrkiye, Meksika, Endonezya, G\u00fcney Kore ve Avustralya&#8217;dan olu\u015fan k\u0131talar aras\u0131 gayriresmi isti\u015fare ve e\u015f g\u00fcd\u00fcm platformu MIKTA&#8217;n\u0131n D\u0131\u015fi\u015fleri Bakanlar\u0131 toplant\u0131s\u0131na kat\u0131ld\u0131.<\/p>\n<p>Marsudi ile g\u00f6r\u00fc\u015fmesinde Fidan, savunma sanayii i\u015fbirli\u011fi, ticaret ve ekonomi ba\u015fta olmak \u00fczere ikili ili\u015fkiler ve Karadeniz Tah\u0131l Giri\u015fimi ele al\u0131nd\u0131.<\/p>\n<blockquote class=\"twitter-tweet\">\n<p dir=\"ltr\" lang=\"tr\">Bakan\u0131m\u0131z\u00a0<a href=\"https:\/\/twitter.com\/HakanFidan?ref_src=twsrc%5Etfw\">@HakanFidan<\/a>,\u00a0<a href=\"https:\/\/twitter.com\/hashtag\/BM?src=hash&amp;ref_src=twsrc%5Etfw\">#BM<\/a>\u00a0Genel Kurulu marj\u0131nda\u00a0<a href=\"https:\/\/twitter.com\/hashtag\/NewYork?src=hash&amp;ref_src=twsrc%5Etfw\">#NewYork<\/a>\u2019ta\u00a0<a href=\"https:\/\/twitter.com\/hashtag\/Endonezya?src=hash&amp;ref_src=twsrc%5Etfw\">#Endonezya<\/a>\u00a0D\u0131\u015fi\u015fleri Bakan\u0131 Retno Marsudi\u2019yle biraraya geldi.<\/p>\n<p>G\u00f6r\u00fc\u015fmede, savunma sanayii i\u015fbirli\u011fi, ticaret ve ekonomi ba\u015fta olmak \u00fczere ikili ili\u015fkiler ve Karadeniz Tah\u0131l Giri\u015fimi ele al\u0131nd\u0131.&#x1f1f9;&#x1f1f7;&#x1f1ee;&#x1f1e9;<a href=\"https:\/\/twitter.com\/hashtag\/UNGA78?src=hash&amp;ref_src=twsrc%5Etfw\">#UNGA78<\/a>\u00a0<a href=\"https:\/\/t.co\/qHM1q6WywR\">pic.twitter.com\/qHM1q6WywR<\/a><\/p>\n<p>\u2014 T.C. D\u0131\u015fi\u015fleri Bakanl\u0131\u011f\u0131 (@TC_Disisleri)\u00a0<a href=\"https:\/\/twitter.com\/TC_Disisleri\/status\/1705598644773065082?ref_src=twsrc%5Etfw\">September 23, 2023<\/a><\/p><\/blockquote>\n<p>Bakan Fidan, 78. BM Genel Kurulu marj\u0131nda daha \u00f6nce de farkl\u0131 \u00fclkelerden temsilcilerle ve mevkida\u015flar\u0131yla temaslarda bulunmu\u015ftu.<\/p>\n<p>Bakanl\u0131ktan yap\u0131lan bilgilendirmeye g\u00f6re ise Fidan, NATO Genel Sekreteri Jens Stoltenberg ile telefonda g\u00f6r\u00fc\u015ft\u00fc.<\/p>\n<p>                            <span class=\"detay-foto-editor\">&#13;<br \/>\n                                <a href=\"https:\/\/www.aa.com.tr\/tr\/p\/abonelik-talep-formu\/1001\" target=\"_blank\" style=\"font-size:12px; color:#444; text-decoration:none;\" rel=\"noopener\">&#13;<br \/>\n                                    Anadolu Ajans\u0131 web sitesinde, AA Haber Ak\u0131\u015f Sistemi (HAS) \u00fczerinden abonelere sunulan haberler, \u00f6zetlenerek yay\u0131mlanmaktad\u0131r. <b style=\"color:#1897F7\">Abonelik i\u00e7in l\u00fctfen ileti\u015fime ge\u00e7iniz.<\/b>&#13;<br \/>\n                                <\/a>&#13;<br \/>\n                            <\/span>\n                        <\/div>\n<p><script async src=\"\/\/platform.twitter.com\/widgets.js\" charset=\"utf-8\"><\/script><script>\n\t  window.fbAsyncInit = function() {\n\t\tFB.init({\n\t\t  appId: '1855843514662870',\n\t\t  status : true, \/\/ check login status\n\t\t  cookie : true, \/\/ enable cookies to allow the server to access the session\n\t\t  xfbml  : true  \/\/ parse XFBML\n\t\t});\n\t  };<\/p>\n<p>\t  (function() {\n\t\tvar e = document.createElement('script');\n\t\te.src=\"https:\/\/connect.facebook.net\/tr_TR\/all.js\";\n\t\te.async = true;\n\t\tdocument.getElementById('fb-root').appendChild(e);\n\t  }());\n    <\/script><\/p>\n","protected":false},"excerpt":{"rendered":"<p>D\u0131\u015fi\u015fleri Bakan\u0131 Hakan Fidan, &#8220;Bug\u00fcn Ukrayna sava\u015f\u0131 ba\u015fta olmak \u00fczere bar\u0131\u015f i\u00e7in ara buluculuk yapan, g\u0131da krizini \u00f6nleyen, Karadeniz Tah\u0131l Giri\u015fimi i\u00e7in \u00e7ok katmanl\u0131 ve \u00e7ok payda\u015fl\u0131 bir \u00e7aba g\u00f6steren, b\u00f6lgesel ekonomik ve siyasi i\u015fbirli\u011fi modelleri geli\u015ftiren, k\u00fcresel adaletsizlikleri ve e\u015fitsizlikleri \u00e7\u00f6zmek i\u00e7in her t\u00fcrl\u00fc imkan\u0131 seferber eden bir T\u00fcrkiye var.&#8221; dedi. Fidan, Birle\u015fmi\u015f Milletler [&hellip;]<\/p>\n","protected":false},"author":1,"featured_media":15221,"comment_status":"","ping_status":"","sticky":false,"template":"","format":"standard","meta":[],"categories":[47],"tags":[],"_links":{"self":[{"href":"https:\/\/kraios.app\/news\/wp-json\/wp\/v2\/posts\/15220"}],"collection":[{"href":"https:\/\/kraios.app\/news\/wp-json\/wp\/v2\/posts"}],"about":[{"href":"https:\/\/kraios.app\/news\/wp-json\/wp\/v2\/types\/post"}],"author":[{"embeddable":true,"href":"https:\/\/kraios.app\/news\/wp-json\/wp\/v2\/users\/1"}],"replies":[{"embeddable":true,"href":"https:\/\/kraios.app\/news\/wp-json\/wp\/v2\/comments?post=15220"}],"version-history":[{"count":0,"href":"https:\/\/kraios.app\/news\/wp-json\/wp\/v2\/posts\/15220\/revisions"}],"wp:featuredmedia":[{"embeddable":true,"href":"https:\/\/kraios.app\/news\/wp-json\/wp\/v2\/media\/15221"}],"wp:attachment":[{"href":"https:\/\/kraios.app\/news\/wp-json\/wp\/v2\/media?parent=15220"}],"wp:term":[{"taxonomy":"category","embeddable":true,"href":"https:\/\/kraios.app\/news\/wp-json\/wp\/v2\/categories?post=15220"},{"taxonomy":"post_tag","embeddable":true,"href":"https:\/\/kraios.app\/news\/wp-json\/wp\/v2\/tags?post=15220"}],"curies":[{"name":"wp","href":"https:\/\/api.w.org\/{rel}","templated":true}]}}