{"id":15158,"date":"2023-09-22T07:46:11","date_gmt":"2023-09-22T07:46:11","guid":{"rendered":"https:\/\/kraios.app\/news\/siyaset\/2023\/09\/22\/enflasyonla-ilgili-olumlu-gelismeleri-onumuzdeki-yilin-ilk-ceyreginde-gormeye-baslariz\/"},"modified":"2023-09-22T07:46:11","modified_gmt":"2023-09-22T07:46:11","slug":"enflasyonla-ilgili-olumlu-gelismeleri-onumuzdeki-yilin-ilk-ceyreginde-gormeye-baslariz","status":"publish","type":"post","link":"https:\/\/kraios.app\/news\/siyaset\/2023\/09\/22\/enflasyonla-ilgili-olumlu-gelismeleri-onumuzdeki-yilin-ilk-ceyreginde-gormeye-baslariz\/","title":{"rendered":"Enflasyonla ilgili olumlu geli\u015fmeleri \u00f6n\u00fcm\u00fczdeki y\u0131l\u0131n ilk \u00e7eyre\u011finde g\u00f6rmeye ba\u015flar\u0131z"},"content":{"rendered":"<p><\/p>\n<div>\n<p>Cumhurba\u015fkan\u0131 Recep Tayyip Erdo\u011fan, Birle\u015fmi\u015f Milletler (BM) 78. Genel Kurulu&#8217;na ili\u015fkin &#8220;Genel Kurul&#8217;a hitab\u0131m\u0131zda insanl\u0131\u011f\u0131 g\u00fcvenli ve m\u00fcreffeh bir gelece\u011fe kavu\u015fturmak i\u00e7in at\u0131lmas\u0131 gereken ad\u0131mlara dikkat \u00e7ektim. Uluslararas\u0131 bar\u0131\u015f ve g\u00fcvenli\u011fin korunmas\u0131 a\u00e7\u0131s\u0131ndan \u00f6nem ta\u015f\u0131yan uluslararas\u0131 meselelere dair T\u00fcrkiye&#8217;nin g\u00f6r\u00fc\u015flerini dile getirdim.&#8221; dedi.<\/p>\n<p>Cumhurba\u015fkan\u0131 Erdo\u011fan, ABD ziyareti sonunda New York&#8217;taki T\u00fcrkevi&#8217;nde gazetecilerle ger\u00e7ekle\u015ftirdi\u011fi s\u00f6yle\u015fide, BM 78. Genel Kurulu genel g\u00f6r\u00fc\u015fmelerine kat\u0131lmak \u00fczere ger\u00e7ekle\u015ftirdikleri New York ziyaretlerini tamamlad\u0131klar\u0131n\u0131, son derece verimli, yo\u011fun bir ziyaret oldu\u011funu belirtti.<\/p>\n<p>Ziyaret s\u0131ras\u0131nda, Genel Kurul&#8217;a hitab\u0131n yan\u0131nda bir\u00e7ok temas ger\u00e7ekle\u015ftirdiklerini ve \u00e7e\u015fitli etkinliklere i\u015ftirak ettiklerini belirten Erdo\u011fan, &#8220;Genel Kurul g\u00f6r\u00fc\u015fmeleri \u00f6ncesinde, 17 Eyl\u00fcl g\u00fcn\u00fc Ah\u0131ska T\u00fcrkleri karde\u015flerimizle bir araya gelerek, vatanda\u015fl\u0131\u011fa ge\u00e7en karde\u015flerimize kimliklerini teslim ettik. T\u00fcrk-Amerikan Ulusal Y\u00f6nlendirme Komitesi&#8217;nin toplant\u0131s\u0131nda burada ya\u015fayan vatanda\u015flar\u0131m\u0131zla hasret giderdik. 18 Eyl\u00fcl g\u00fcn\u00fc d\u00fc\u015f\u00fcnce kurulu\u015fu temsilcileriyle yapt\u0131\u011f\u0131m\u0131z toplant\u0131da uluslararas\u0131 g\u00fcndemi me\u015fgul eden meseleler hakk\u0131nda fikir al\u0131\u015fveri\u015finde bulunduk.&#8221; ifadelerini kulland\u0131.<\/p>\n<p><iframe loading=\"lazy\" frameborder=\"no\" height=\"180\" scrolling=\"no\" seamless=\"\" src=\"https:\/\/share.transistor.fm\/e\/f9579800\" width=\"100%\"><\/iframe><\/p>\n<p>E\u015fi Emine Erdo\u011fan&#8217;\u0131n \u00f6nc\u00fcl\u00fc\u011f\u00fcnde d\u00fcnya \u00f6l\u00e7e\u011finde bir harekete d\u00f6n\u00fc\u015fen &#8220;K\u00fcresel S\u0131f\u0131r At\u0131k \u0130yi Niyet Beyan\u0131na&#8221; imza att\u0131\u011f\u0131n\u0131 an\u0131msatan Cumhurba\u015fkan\u0131 Erdo\u011fan, \u015f\u00f6yle devam etti:<\/p>\n<p>&#8220;Ayn\u0131 g\u00fcn Amerikan Ticaret Odas\u0131n\u0131n deste\u011fiyle d\u00fczenlenen 2023 Concordia Zirvesi&#8217;ne hitap ederek, i\u015f d\u00fcnyas\u0131n\u0131n temsilcilerini kabul ettim. Biliyorsunuz, bu y\u0131l Genel Kurul genel g\u00f6r\u00fc\u015fmeleri &#8216;G\u00fcvenin Yeniden Tesisi ve K\u00fcresel Dayan\u0131\u015fman\u0131n Yeniden Canland\u0131r\u0131lmas\u0131&#8217; temas\u0131yla yap\u0131ld\u0131. 19 Eyl\u00fcl&#8217;deki a\u00e7\u0131l\u0131\u015f oturumunda Genel Kurul&#8217;a hitab\u0131m\u0131zda insanl\u0131\u011f\u0131 g\u00fcvenli ve m\u00fcreffeh bir gelece\u011fe kavu\u015fturmak i\u00e7in at\u0131lmas\u0131 gereken ad\u0131mlara dikkat \u00e7ektim. Uluslararas\u0131 bar\u0131\u015f ve g\u00fcvenli\u011fin korunmas\u0131 a\u00e7\u0131s\u0131ndan \u00f6nem ta\u015f\u0131yan uluslararas\u0131 meselelere dair T\u00fcrkiye&#8217;nin g\u00f6r\u00fc\u015flerini dile getirdim.<\/p>\n<p>K\u00fcresel lobiler taraf\u0131ndan her ge\u00e7en g\u00fcn daha \u00e7ok sald\u0131r\u0131ya u\u011frayan aile kurumunun korunmas\u0131na verdi\u011fimiz \u00f6nemi ifade ettim. &#8216;D\u00fcnya Be\u015ften B\u00fcy\u00fckt\u00fcr&#8217; \u00e7a\u011fr\u0131m\u0131z\u0131 bu sene g\u00fc\u00e7l\u00fc bir \u015fekilde tekrar vurgulad\u0131k. Bu \u00e7a\u011fr\u0131m\u0131za verilen deste\u011fin artt\u0131\u011f\u0131n\u0131 g\u00f6r\u00fcyor, bundan da insanl\u0131k ad\u0131na memnuniyet duyuyoruz. Son olarak BM Genel Sekteri Say\u0131n Guterres de benzer ifadelerle Birle\u015fmi\u015f Milletlerin reform ihtiyac\u0131ndan bahsetti. K\u00fcresel sistemin sorunlar\u0131n\u0131 \u00e7\u00f6zme kabiliyeti kaybolduk\u00e7a, bu tespitimizin hakl\u0131l\u0131\u011f\u0131 da \u00e7ok net bir \u015fekilde g\u00f6r\u00fclmektedir.&#8221;<\/p>\n<p><img decoding=\"async\" alt=\"\" src=\"https:\/\/www.aa.com.tr\/uploads\/userFiles\/c9f1ae26-3cf3-4ab4-9d72-230dedd01a4c\/AA-32210088.jpg\"\/><\/p>\n<h3>&#8220;G\u00f6r\u00fc\u015fmelerde hem \u00fclkemizdeki yat\u0131r\u0131m imkanlar\u0131n\u0131 hem ticari i\u015f birliklerini ele ald\u0131k&#8221;<\/h3>\n<p>Cumhurba\u015fkan\u0131 Erdo\u011fan, New York ziyareti boyunca bir\u00e7ok kabul ve g\u00f6r\u00fc\u015fme ger\u00e7ekle\u015ftirdiklerini hat\u0131rlatarak, &#8220;Bu \u00e7er\u00e7evede G\u00fcrcistan Ba\u015fbakan\u0131 Say\u0131n Gariba\u015fvili, SpaceX ve Tesla&#8217;n\u0131n kurucusu Elon Musk, Cezayir Cumhurba\u015fkan\u0131 Say\u0131n Tebbun, NATO Genel Sekreteri Say\u0131n Stoltenberg, Polonya Cumhurba\u015fkan\u0131 Say\u0131n Duda, \u0130talya Ba\u015fbakan\u0131 Say\u0131n Meloni, \u0130srail Ba\u015fbakan\u0131 Say\u0131n Netanyahu, Yunanistan Ba\u015fbakan\u0131 Say\u0131n Mi\u00e7otakis, G\u00fcney Afrika Cumhurba\u015fkan\u0131 Say\u0131n Ramaphosa ve Malezya Ba\u015fbakan\u0131 Say\u0131n Enver \u0130brahim ile son derece verimli ve samimi g\u00f6r\u00fc\u015fmelerimiz oldu. Bu g\u00f6r\u00fc\u015fmelerde hem \u00fclkemizdeki yat\u0131r\u0131m imkanlar\u0131n\u0131 hem ticari i\u015f birliklerini hem de g\u00fcndemimizdeki di\u011fer meseleleri ele ald\u0131k.&#8221; dedi.<\/p>\n<p>Amerikan Yahudi Toplumu \u00c7at\u0131 Kurulu\u015flar\u0131 ile de bir araya gelerek, \u0130slam d\u00fc\u015fmanl\u0131\u011f\u0131 ve antisemitizimle m\u00fccadelede at\u0131labilecek ortak ad\u0131mlar\u0131 de\u011ferlendirdiklerini s\u00f6yleyen Erdo\u011fan, 2021&#8217;de a\u00e7\u0131l\u0131\u015f\u0131 ger\u00e7ekle\u015ftirilen T\u00fcrkevi&#8217;nin bu y\u0131l da d\u00fcnya liderleriyle g\u00f6r\u00fc\u015fmelere ev sahipli\u011fi yapt\u0131\u011f\u0131n\u0131 belirtti.<\/p>\n<p>Erdo\u011fan, ziyareti kapsam\u0131nda Amerikan medya kurulu\u015flar\u0131yla m\u00fclakatlar\u0131 oldu\u011funu bildirerek, yapt\u0131klar\u0131 g\u00f6r\u00fc\u015fme ve temaslar\u0131n ba\u015fta \u00fclke ve millet olmak \u00fczere t\u00fcm insanl\u0131k i\u00e7in hay\u0131rlara vesile olmas\u0131n\u0131 diledi.<\/p>\n<p>T\u00fcrkiye Y\u00fczy\u0131l\u0131 vizyonu ile Cumhurba\u015fkan\u0131 Erdo\u011fan&#8217;\u0131n BM&#8217;deki mesajlar\u0131n\u0131 i\u00e7eren reklamlar\u0131n Times Meydan\u0131&#8217;nda g\u00f6sterildi\u011fi hat\u0131rlat\u0131larak, &#8220;\u00c7ok da be\u011fenildi, \u00e7ok da konu\u015fuldu. Adeta biz de burada y\u00fcz\u00fcnc\u00fc y\u0131l\u0131m\u0131z\u0131n gururunu ya\u015fam\u0131\u015f olduk. Sizden hem genel bir de\u011ferlendirme alarak hem de y\u00fcz\u00fcnc\u00fc y\u0131la dair mesajlar\u0131n\u0131zla ba\u015flayabilir miyiz?&#8221; sorusuna kar\u015f\u0131l\u0131k Erdo\u011fan, \u015funlar\u0131 s\u00f6yledi:<\/p>\n<p>&#8220;Ke\u015fke ben de g\u00f6rme imkan\u0131n\u0131 yakalayabilseydim ama sizden bunu duymu\u015f olmak beni ayr\u0131ca mutlu etti. \u0130leti\u015fim Ba\u015fkanl\u0131\u011f\u0131m\u0131z 100. y\u0131l\u0131m\u0131z\u0131 burada da tan\u0131tmak i\u00e7in \u00e7al\u0131\u015fmalar yapt\u0131. Led ekranlarda T\u00fcrkiye Y\u00fczy\u0131l\u0131 temal\u0131 animasyonlar haz\u0131rlad\u0131k. O meydana giden herkes T\u00fcrkiye Y\u00fczy\u0131l\u0131 ile ilgili bu ilanlar\u0131 g\u00f6rd\u00fc. New York sokaklar\u0131nda da arkalar\u0131nda elektronik panolar ta\u015f\u0131yan kamyonlar var biliyorsunuz. Onlarda da 100. y\u0131l\u0131m\u0131za dair ilanlar yer ald\u0131. Bu \u00e7al\u0131\u015fmalar 100. y\u0131l gururumuzun d\u00fcnyaya duyurulmas\u0131 i\u00e7in son derece \u00f6nemli. Biz de onlar\u0131 g\u00f6rmek isterdik ancak T\u00fcrkevi&#8217;nde yo\u011fun g\u00f6r\u00fc\u015fme trafi\u011fimiz vard\u0131. Buraya liderler birbiri ard\u0131nca geldi. ABD&#8217;de b\u00f6ylesi \u00f6nemli bir konumda b\u00f6yle bir T\u00fcrkevi&#8217;ne sahip olmak da gurur verici. G\u00f6r\u00fc\u015ft\u00fc\u011f\u00fcm b\u00fct\u00fcn liderler, &#8216;bizim de b\u00f6yle bir yerimiz olsa&#8217; diyorlard\u0131.<\/p>\n<p>Liderlerle yapt\u0131\u011f\u0131m\u0131z g\u00f6r\u00fc\u015fmede konumu ve manzaras\u0131 itibar\u0131yla T\u00fcrkevi&#8217;nin hakikaten cazibesi onlar\u0131 da cezbediyor. Bu vesileyle merhum Demirel&#8217;e de \u0130hsan Sabri \u00c7a\u011flayangil&#8217;e de Allah&#8217;tan rahmet diliyorum. \u00c7\u00fcnk\u00fc onlar buran\u0131n ilk ad\u0131mlar\u0131n\u0131 att\u0131lar. Daha sonra biz de yan taraftaki yeri sat\u0131n almak suretiyle ikisini birle\u015ftirdik ve buray\u0131 ald\u0131k. Burada Say\u0131n Mevl\u00fct \u00c7avu\u015fo\u011flu&#8217;nun da eme\u011fi oldu ve b\u00f6ylece 32-33 katl\u0131 bir T\u00fcrkevi&#8217;ne sahip olduk. Birle\u015fmi\u015f Milletler binas\u0131n\u0131n tam kar\u015f\u0131s\u0131nda, burada bu t\u00fcr yerleri bulmak hele hele Amerika&#8217;da kolay de\u011fil. Ama Allah&#8217;a hamdolsun bize b\u00f6yle bir yeri l\u00fctfetti. \u015eu anda burada b\u00fct\u00fcn bu g\u00f6r\u00fc\u015fmelerimizi \u00e7ok rahat yap\u0131yoruz. Eskiden gelirdik, Birle\u015fmi\u015f Milletlerde bir yer verirlerse verirler ve orada i\u015fte g\u00f6r\u00fc\u015fmelerimizi odalarda vesaire yapmaya gayret ederdik. Ama \u015fimdi art\u0131k evimizde, rahatl\u0131kla bu g\u00f6r\u00fc\u015fmeleri yap\u0131yoruz. Mutluyuz, memnunuz ve gururluyuz. O meydandaki durumu da ke\u015fke g\u00f6rebilseydik.&#8221;<\/p>\n<h3>&#8220;Karaba\u011f&#8217;daki \u00e7apulcu Ermeni tak\u0131m\u0131yla alakal\u0131 bir konu&#8221;<\/h3>\n<p>Azerbaycan&#8217;\u0131n Karaba\u011f&#8217;daki ayr\u0131l\u0131k\u00e7\u0131 Ermeni g\u00fc\u00e7lerine y\u00f6nelik ba\u015flatt\u0131\u011f\u0131 anti-ter\u00f6r operasyonunun 24 saat ge\u00e7meden ba\u015far\u0131yla tamamland\u0131\u011f\u0131 hat\u0131rlat\u0131larak, Ermenistan Ba\u015fbakan\u0131 Nikol Pa\u015finyan&#8217;\u0131n yapt\u0131klar\u0131 ve uygulad\u0131klar\u0131 aras\u0131nda bir tutars\u0131zl\u0131k olup olmad\u0131\u011f\u0131 sorulan Cumhurba\u015fkan\u0131 Erdo\u011fan, Pa\u015finyan&#8217;\u0131n Cumhurba\u015fkanl\u0131\u011f\u0131 G\u00f6reve Ba\u015flama T\u00f6reni&#8217;ne kat\u0131lmas\u0131n\u0131n \u00f6nemli bir geli\u015fme oldu\u011funu s\u00f6yledi.<\/p>\n<p>Karaba\u011f&#8217;daki operasyonun Ermenistan Devleti ve Pa\u015finyan ile alakal\u0131 olmad\u0131\u011f\u0131n\u0131 s\u00f6yleyen Erdo\u011fan, \u015funlar\u0131 belirtti:<\/p>\n<p>&#8220;Bu bir yerde Karaba\u011f&#8217;daki \u00e7apulcu Ermeni tak\u0131m\u0131yla alakal\u0131 bir konudur. Onlar\u0131n da malum kendilerine g\u00f6re bir cumhurba\u015fkanl\u0131\u011f\u0131 se\u00e7imi yapma giri\u015fimi ciddi manada hem Pa\u015finyan&#8217;\u0131 hem de Azerbaycan&#8217;\u0131 rahats\u0131z etti. \u00c7\u00fcnk\u00fc Azerbaycan bu olaya &#8216;halen devam eden bir s\u00fcreci bunlar ate\u015fliyor&#8217; diye bakt\u0131. Bu arada bir de tabii karde\u015flerimizi bunlar\u0131n \u015fehit etme giri\u015fimi, olay\u0131 \u00e7ok daha farkl\u0131 bir yere do\u011fru ta\u015f\u0131d\u0131. Uyar\u0131lar yap\u0131ld\u0131 ama b\u00fct\u00fcn bu uyar\u0131lara ra\u011fmen bunlar kendilerine \u00e7ekid\u00fczen vermediler. Tam aksine s\u00fcreci devam ettirdiler. Devam ettirince Azerbaycan da ad\u0131m\u0131n\u0131 att\u0131 ve s\u00fcreci fazla uzatmadan oradaki operasyonlar\u0131n\u0131 tamamlad\u0131lar.<\/p>\n<p>Operasyonu tamamlad\u0131ktan sonra da yakla\u015f\u0131k 90 \u00f6nemli noktay\u0131 vurduklar\u0131n\u0131 bana s\u00f6ylediler ve 90 noktay\u0131 vurmalar\u0131 zaten bunlar\u0131n i\u015fini bitirdi. Ve &#8216;b\u00fct\u00fcn ara\u00e7, gere\u00e7, m\u00fchimmat, \u015fu, bu vesaire bunlar\u0131 vereceksiniz&#8217; dediler ve onlar\u0131 vermeye ba\u015flad\u0131klar\u0131 gibi bir di\u011fer taraftan da \u00e7ekilmeleri gerekli olan yerlerden de \u00e7ekilme s\u00f6z\u00fcn\u00fc ald\u0131lar ve \u00e7ekilmeye de ba\u015flad\u0131lar. Milli Savunma Bakan\u0131m\u0131z Ya\u015far G\u00fcler g\u00f6r\u00fc\u015fmelerini yapt\u0131 ve bug\u00fcn ben de \u0130lham garda\u015f\u0131mla g\u00f6r\u00fc\u015fmelerimi yapt\u0131m. O da bu noktada hem Birle\u015fmi\u015f Milletler Genel Kurulu&#8217;nda yapt\u0131\u011f\u0131m konu\u015fmadan dolay\u0131 te\u015fekk\u00fcrlerini bana iletti hem de &#8216;art\u0131k orada bir daha bunlar herhalde nefes alamazlar&#8217; dedi. &#8216;\u0130\u015fi \u015fu anda bitirdik. Bir s\u0131k\u0131nt\u0131 yok.&#8217; dedi ve noktay\u0131 koyduk.&#8221;<\/p>\n<h3>&#8220;(Musk) \u0130zmir&#8217;e gelirse gen\u00e7lerimizi \u00e7ok \u00e7ok cezbeden bir \u0130zmir TEKNOFEST&#8217;i olur&#8221;<\/h3>\n<p>New York&#8217;taki g\u00f6r\u00fc\u015fmelerinde en dikkati \u00e7ekenlerden birinin Elon Musk ile yapt\u0131\u011f\u0131 g\u00f6r\u00fc\u015fme oldu\u011fu ifade edilerek, buna ili\u015fkin de\u011ferlendirmesi sorulan Cumhurba\u015fkan\u0131 Erdo\u011fan, \u015funlar\u0131 dile getirdi:<\/p>\n<p>&#8220;Musk ile gerek Tesla&#8217;n\u0131n T\u00fcrkiye&#8217;de yat\u0131r\u0131m yapmas\u0131 gerekse uzay \u00e7al\u0131\u015fmalar\u0131nda m\u00fc\u015fterek ad\u0131m atma konular\u0131n\u0131 g\u00f6r\u00fc\u015ft\u00fck. Arkada\u015flar\u0131m\u0131zla bir \u00e7al\u0131\u015fma in\u015fallah yapacaklar. Ben kendisini \u0130zmir TEKNOFEST&#8217;e davet ettim. \u0130zmir TEKNOFEST&#8217;e de b\u00fcy\u00fck ihtimalle gelecek. Yan\u0131nda genel m\u00fcd\u00fcr\u00fc de vard\u0131 ona da talimat\u0131 verdi ve \u00f6zellikle de Efes&#8217;e vurgu yapt\u0131. &#8216;Ben \u0130zmir&#8217;in methini duydum ve \u0130zmir TEKNOFEST&#8217;e kat\u0131lmaya \u00e7al\u0131\u015faca\u011f\u0131m.&#8217; dedi. Arkada\u015flar\u0131m\u0131z da kendileriyle irtibat halinde olacaklar. \u0130n\u015fallah \u0130zmir&#8217;e gelirse gen\u00e7lerimizi \u00e7ok \u00e7ok cezbeden bir \u0130zmir TEKNOFEST&#8217;i olur.<\/p>\n<p>T\u00fcrkiye&#8217;nin \u0130HA ve S\u0130HA&#8217;lar\u0131n\u0131 takip etti\u011fini ve ba\u015far\u0131l\u0131 buldu\u011funu anlatt\u0131. \u00dclkemizin son y\u0131llarda teknoloji alan\u0131nda elde etti\u011fi ba\u015far\u0131lar\u0131n fark\u0131nda ve bilincinde. Bu da yat\u0131r\u0131mlar\u0131n\u0131 T\u00fcrkiye&#8217;ye ta\u015f\u0131mas\u0131 i\u00e7in itici g\u00fc\u00e7 olacakt\u0131r. Sadece Musk de\u011fil, bu konulardaki ba\u015far\u0131lar\u0131m\u0131z\u0131 art\u0131k b\u00fct\u00fcn d\u00fcnya takdir ediyor. Ak\u0131nc\u0131m\u0131z, Kaan\u0131m\u0131z, K\u0131z\u0131lelmam\u0131z, ATAK&#8217;tan H\u00fcrk\u00fc\u015f&#8217;a var\u0131ncaya kadar her ad\u0131m \u00e7ok yak\u0131ndan izleniyor ve ses getiriyor. Sadece savunma sanayi sekt\u00f6r\u00fcnde olanlar de\u011fil, \u00fclkelerin halklar\u0131na var\u0131ncaya kadar att\u0131\u011f\u0131m\u0131z ad\u0131mlar\u0131n ne kadar ilgiyle izlendi\u011fini g\u00f6rmek bizi memnun ediyor. Azerbaycan&#8217;da ger\u00e7ekle\u015ftirilen TEKNOFEST&#8217;te yerli ve milli teknolojilerimizin ne kadar bilindi\u011fini ve milletimizi gururland\u0131rd\u0131\u011f\u0131na \u015fahit olduk.&#8221;<\/p>\n<p>Musk&#8217;a ziyaretinde hediye etti\u011fi kitaplar\u0131n sosyal medyada en \u00e7ok konu\u015fulan hadiselerden biri oldu\u011fu ve kitaplarla alakal\u0131 aralar\u0131nda bir sohbet ge\u00e7ip ge\u00e7medi\u011fi sorusuna Erdo\u011fan, \u015fu yan\u0131t\u0131 verdi:<\/p>\n<p>&#8220;Biz kendisine d\u00f6rt kitap hediye ettik. O koltu\u011funun alt\u0131na iki tanesini s\u0131k\u0131\u015ft\u0131rabilmi\u015f. &#8216;Daha Adil Bir D\u00fcnya M\u00fcmk\u00fcn&#8217; ve &#8216;BM Reformu: Uluslararas\u0131 \u0130\u015f Birli\u011fine Yeni Bir Yakla\u015f\u0131m&#8217; kitaplar\u0131m\u0131z elinde. Biliyorsunuz &#8216;Daha Adil Bir D\u00fcnya M\u00fcmk\u00fcn&#8217; kitab\u0131m\u0131zda, &#8216;D\u00fcnya Be\u015ften B\u00fcy\u00fckt\u00fcr&#8217; felsefesi ile yola \u00e7\u0131km\u0131\u015f, d\u00fcnyan\u0131n gelece\u011fini etkileyecek alanlarda insanl\u0131\u011f\u0131n kaderinin yaln\u0131z be\u015f \u00fclkenin insaf\u0131na b\u0131rak\u0131lmas\u0131n\u0131n do\u011fru olmad\u0131\u011f\u0131n\u0131 vurgulam\u0131\u015ft\u0131m. &#8220;BM Reformu: Uluslararas\u0131 \u0130\u015f Birli\u011fine Yeni Bir Yakla\u015f\u0131m&#8221; kitab\u0131m\u0131zda ise bizim neden BM reformu yap\u0131lmas\u0131n\u0131 istedi\u011fimizi, somut gerek\u00e7eler ve \u00f6nerilerin \u0131\u015f\u0131\u011f\u0131nda anlat\u0131yoruz. Biz o kitaplara yazd\u0131\u011f\u0131m\u0131z her tespitin, her \u00f6nerinin k\u0131ymetinin uluslararas\u0131 toplum taraf\u0131ndan anla\u015f\u0131laca\u011f\u0131ndan eminiz. Biz t\u00fcm \u00f6nerilerimizde ve ad\u0131mlar\u0131m\u0131zda samimiyiz \u00e7\u00fcnk\u00fc.&#8221;<\/p>\n<p>&#8220;Birle\u015fmi\u015f Milletler Genel Kurulu&#8217;ndaki konu\u015fman\u0131z dikkat \u00e7ekici bir konu\u015fmayd\u0131. Bu konu\u015fman\u0131n b\u00fct\u00fcn d\u00fcnya medyas\u0131 taraf\u0131ndan ilgiyle kar\u015f\u0131lanmas\u0131 ve sosyal medyada yank\u0131 bulmas\u0131yla ilgili ne d\u00fc\u015f\u00fcn\u00fcyorsunuz?&#8221; sorusu \u00fczerine, &#8220;Dersimizi \u00e7al\u0131\u015ft\u0131k. Buraya gelirken yan gelip yatmad\u0131k. Hangi konular \u00fczerinde duraca\u011f\u0131z? Bunlar\u0131 \u00e7al\u0131\u015ft\u0131k. Liderlerle g\u00f6r\u00fc\u015fmeyi yaparken hepsinin s\u00f6yledi\u011fi \u015fu oldu, &#8216;Yani de\u011finmedik konu b\u0131rakmad\u0131n.&#8217; Malezya Ba\u015fbakan\u0131 Enver \u0130brahim de &#8216;Cuma g\u00fcn\u00fc ben de bunun devam\u0131n\u0131 yapaca\u011f\u0131m.&#8217; dedi.&#8221; \u015feklinde konu\u015ftu.<\/p>\n<p>D\u00fcnyan\u0131n bir\u00e7ok s\u0131k\u0131nt\u0131s\u0131n\u0131n oldu\u011funu, de\u011finilmesi gereken konular bulundu\u011funu belirten Erdo\u011fan, \u015funlar\u0131 kaydetti:<\/p>\n<p>&#8220;Bu konular noktas\u0131nda da mesela \u00e7ok arzu ederdim ama dinleyemedim, Brezilya Devlet Ba\u015fkan\u0131 Lula&#8217;n\u0131n konu\u015fmas\u0131 da be\u011fenilmi\u015f. Birle\u015fmi\u015f Milletler Genel Kurulu bu sene de\u011fi\u015fen d\u00fcnya iklimi i\u00e7erisinde dikkatleri \u00fczerine \u00e7ekmesi gereken bir Milletler Genel Kurulu. Bu konuda da T\u00fcrkiye olarak bizim mesajlar\u0131m\u0131z \u00f6nem arz ediyor. Bunu da ba\u015farmam\u0131z gerekiyor. E\u011fer bunu ba\u015farabildiysek, bu konuda d\u00fcnyaya mesajlar\u0131m\u0131z\u0131 verebildiysek ne mutlu bize.&#8221;<\/p>\n<p>\u00c7\u0131kt\u0131klar\u0131 b\u00fct\u00fcn k\u00fcrs\u00fclerde ger\u00e7e\u011fi ve do\u011fruyu anlatt\u0131klar\u0131n\u0131, hakk\u0131 savunduklar\u0131n\u0131 dile getiren Erdo\u011fan, BM Genel Kurulunda kurduklar\u0131 her c\u00fcmleyi milletten ald\u0131klar\u0131 istikametle olu\u015fturduklar\u0131n\u0131 belirtti.<\/p>\n<p>Erdo\u011fan, &#8220;Onlar\u0131n bize g\u00f6sterdi\u011fi hedefe y\u00fcr\u00fcmek noktas\u0131nda hi\u00e7bir zaman teredd\u00fct etmedik. Sosyal medyadaki ilgi de bizim a\u00e7\u0131m\u0131zdan \u015fa\u015f\u0131rt\u0131c\u0131 de\u011fil. Her zaman milletimizin deste\u011fini hissettik, her mecrada bu deste\u011fin hakk\u0131n\u0131 vermek i\u00e7in m\u00fccadele ettik. M\u00fccadelemiz s\u00fcr\u00fcyor.&#8221; dedi.<\/p>\n<h3>&#8220;Program\u0131m\u0131z\u0131n en \u00f6nemli ayaklar\u0131ndan biri yabanc\u0131 yat\u0131r\u0131m\u0131n \u00fclkemize \u00e7ekilmesi&#8221;<\/h3>\n<p>&#8220;A\u00e7\u0131klanan Orta Vadeli Program sonras\u0131 enflasyonda belirgin d\u00fc\u015f\u00fc\u015f\u00fc ne zaman g\u00f6rebiliriz, sizin bu konudaki \u00f6ng\u00f6r\u00fcn\u00fcz nedir?&#8221; sorusuna Erdo\u011fan, \u015fu yan\u0131t\u0131 verdi:<\/p>\n<p>&#8220;Enflasyonla ilgili olumlu geli\u015fmeler \u00f6yle zannediyorum ki \u00f6n\u00fcm\u00fczdeki y\u0131l\u0131n ilk \u00e7eyre\u011finde bunu g\u00f6rmeye ba\u015flar\u0131z. \u00d6n\u00fcm\u00fczdeki y\u0131l\u0131n ilk \u00e7eyre\u011finde neticesini almaya in\u015fallah ba\u015flar\u0131z. \u015eu anda hay\u0131rl\u0131 i\u015faretler var. Gerek Hazine ve Maliye Bakan\u0131m Mehmet \u015eim\u015fek gerek Hazine&#8217;deki arkada\u015flar gerekse Merkez Bankas\u0131 Ba\u015fkan\u0131 Hafize Gaye Erkan, onlar bu noktada \u00f6n\u00fcm\u00fczdeki y\u0131l\u0131n ilk \u00e7eyre\u011fi itibar\u0131yla olumlu neticeleri almaya ba\u015flayaca\u011f\u0131m\u0131z\u0131 s\u00f6yl\u00fcyorlar. Biz de onlara g\u00fcveniyoruz, inan\u0131yoruz. Orta Vadeli Program\u0131 a\u00e7\u0131klad\u0131ktan sonra T\u00fcrk ekonomisine y\u00f6nelik artan ilgiyi G20 toplant\u0131s\u0131nda da g\u00f6rm\u00fc\u015ft\u00fck. ABD&#8217;de bu ilginin artarak devam etti\u011fini g\u00f6rmek bizi memnun etti. Bu nedir? T\u00fcrkiye ekonomisine duyulan g\u00fcvenin g\u00f6stergesidir. H\u00fck\u00fcmetimizin ortaya koydu\u011fu hedeflerin ger\u00e7ek\u00e7i oldu\u011funun ve T\u00fcrkiye&#8217;nin bunlara ula\u015fabilece\u011finden kimsenin \u015f\u00fcphesi olmad\u0131\u011f\u0131n\u0131n kan\u0131t\u0131d\u0131r.&#8221;<\/p>\n<p>Orta Vadeli Program&#8217;\u0131n \u00e7e\u015fitli ayaklar\u0131n\u0131n bulundu\u011funa i\u015faret eden Erdo\u011fan, \u015f\u00f6yle konu\u015ftu:<\/p>\n<p>&#8220;T\u00fcm d\u00fcnyan\u0131n da sorunu olan y\u00fcksek enflasyonla m\u00fccadele bizim de program\u0131m\u0131z\u0131n ana hedeflerinden biri. Bunu neyle sa\u011flayaca\u011f\u0131z, mali disiplinle, yap\u0131sal reformlarla ekonomimizi her t\u00fcrl\u00fc f\u0131rt\u0131naya dayan\u0131kl\u0131 hale getirece\u011fiz. Biz bunu daha \u00f6nce yapt\u0131k, yine yapar\u0131z. Program\u0131m\u0131z\u0131n en \u00f6nemli ayaklar\u0131ndan biri de yabanc\u0131 yat\u0131r\u0131m\u0131n \u00fclkemize \u00e7ekilmesi. Sadece program\u0131 haz\u0131rlay\u0131p, duyurmak bile yabanc\u0131 yat\u0131r\u0131mc\u0131larda i\u015ftah olu\u015fturdu. Bu r\u00fczgar\u0131 arkam\u0131za alarak hedeflerimize do\u011fru h\u0131zla y\u00fcr\u00fcyece\u011fiz.&#8221;<\/p>\n<h3>&#8220;Rusya&#8217;yla m\u00fcnasebetlerimizi olumlu \u015fekilde g\u00f6t\u00fcrece\u011fiz&#8221;<\/h3>\n<p>Cumhurba\u015fkan\u0131 Recep Tayyip Erdo\u011fan, &#8220;BM Genel Kurulu&#8217;nda verdi\u011finiz \u00f6ne \u00e7\u0131kan mesajlardan biri de tah\u0131l kriziyle ilgili T\u00fcrkiye&#8217;nin giri\u015fimiyle k\u00fcresel a\u00e7l\u0131\u011f\u0131 \u00f6nledi\u011finize dair verdi\u011finiz mesajd\u0131r. Bu konuyla ilgili G20&#8217;den \u00f6nce So\u00e7i Bulu\u015fmas\u0131nda Putin&#8217;le yapt\u0131\u011f\u0131n\u0131z g\u00f6r\u00fc\u015fmenin tavr\u0131, Birle\u015fmi\u015f Milletler marj\u0131na yans\u0131mas\u0131 nas\u0131l oldu?&#8221; sorusu \u00fczerine, \u015funlar\u0131 kaydetti:<\/p>\n<p>&#8220;Gerek liderler gerekse ba\u015fbakanlar\u0131n Putin&#8217;e kar\u015f\u0131 olumsuz tav\u0131rlar\u0131 var. Tabii biz ayn\u0131 tavr\u0131 ta\u015f\u0131m\u0131yoruz, yans\u0131tm\u0131yoruz. Bu tav\u0131rlar\u0131 do\u011fru da bulmuyorum. \u00c7\u00fcnk\u00fc Rusya s\u0131radan bir \u00fclke de\u011fil. Gerek y\u00fcz \u00f6l\u00e7\u00fcm\u00fcyle olsun gerek d\u00fcnyadaki konumuyla olsun Rusya&#8217;n\u0131n bir yeri var. Dolay\u0131s\u0131yla da \u015fu anda tah\u0131l \u00fcretiminde Rusya hemen hemen d\u00fcnyada say\u0131l\u0131 \u00fclkelerden bir tanesi. \u015eimdi b\u00f6yle bir \u00fclkeyi g\u00f6rmezden gelemezsin. Karadeniz Tah\u0131l Giri\u015fimi sayesinde Ukrayna&#8217;dan 33 milyon ton tah\u0131l sevkiyat\u0131 yap\u0131labildi. \u015eimdi de 1 milyon ton rica minnet g\u00f6nderecek. Biz diyoruz ki yak\u0131n markajda tutmak suretiyle bunu belki art\u0131rma imkan\u0131 da olabilir. O, &#8216;Katar&#8217;\u0131 da buna dahil edelim, Katar&#8217;\u0131 da dahil etmek suretiyle biz bu tah\u0131l\u0131 un haline d\u00f6n\u00fc\u015ft\u00fcrelim. Ama Avrupa&#8217;ya yok, ihtiyac\u0131 olan Afrika \u00fclkelerine bilabedel g\u00f6nderelim.&#8217; dedi. \u015eimdi biz de bu \u00e7al\u0131\u015fma i\u00e7indeyiz. Katar&#8217;la da bu konuyu konu\u015faca\u011f\u0131z ve bu ad\u0131m\u0131 da bu \u015fekilde ataca\u011f\u0131z.<\/p>\n<p>Biz Rusya&#8217;yla olan m\u00fcnasebetlerimizi olumlu bir \u015fekilde g\u00f6t\u00fcrece\u011fiz. \u00c7\u00fcnk\u00fc bizi \u00e7ok \u00e7ok ilgilendiren konu, Trakya&#8217;n\u0131n do\u011fal gazda bir hub olmas\u0131n\u0131 \u00f6nemsiyoruz. \u015eu anda da do\u011fal gaz itibar\u0131yla neredeyse do\u011fal gaz\u0131m\u0131z\u0131n yar\u0131s\u0131n\u0131 Rusya&#8217;dan temin ediyoruz. Yani artt\u0131rmaksa biz artt\u0131rabiliriz. Bize o imkan\u0131 verir. Avrupa do\u011fal gazda ciddi bir s\u0131k\u0131nt\u0131n\u0131n i\u00e7erisinde. Biz ise hamdolsun \u015fu ana kadar sanayide vesaire do\u011fal gazda bir s\u0131k\u0131nt\u0131 ya\u015famad\u0131k. \u015eimdi k\u0131\u015f mevsimi geliyor. B\u00f6yle bir s\u0131k\u0131nt\u0131y\u0131 yine ya\u015famayaca\u011f\u0131z in\u015fallah.&#8221;<\/p>\n<h3>&#8220;\u00c7ok ciddi bir g\u00fc\u00e7 merkezi haline d\u00f6n\u00fc\u015fecek&#8221;<\/h3>\n<p>Cumhurba\u015fkan\u0131 Erdo\u011fan, bir de Ata\u015fehir&#8217;de \u0130stanbul Finans Merkezi&#8217;ndeki binalardan birini enerji piyasas\u0131 merkezi yapmak istediklerini belirterek, \u015f\u00f6yle konu\u015ftu:<\/p>\n<p>&#8220;Ama bunu s\u00f6ylerken sadece do\u011fal gaz\u0131n koordine edildi\u011fi bir yer de\u011fil. Do\u011fal gaz, elektrik enerjisi ve madenlerin sevkiyat\u0131n\u0131n yap\u0131laca\u011f\u0131, yani adeta Londra piyasas\u0131, Hamburg piyasas\u0131 herhangi bir \u00fcr\u00fcnde neyse Ata\u015fehir&#8217;deki \u0130stanbul Finans Merkezi&#8217;ni bu hale d\u00f6n\u00fc\u015ft\u00fcrece\u011fiz. Buras\u0131 bizim i\u00e7in \u00e7ok ciddi bir g\u00fc\u00e7 merkezi haline d\u00f6n\u00fc\u015fecek. Peki bu noktada tah\u0131l koridorunun tekrar a\u00e7\u0131lma ihtimali var m\u0131? Ben umutluyum. Say\u0131n Putin&#8217;le bunlar\u0131 g\u00f6r\u00fc\u015fece\u011fiz, konu\u015faca\u011f\u0131z. Yani bunu peyderpey art\u0131rma yoluna gidece\u011fimizi \u00fcmit ediyorum.&#8221;<\/p>\n<h3>&#8220;T\u00fcrkiye&#8217;den Avrupa&#8217;ya da enerji nakil hatlar\u0131n\u0131 i\u015fletmeye ba\u015flayaca\u011f\u0131z&#8221;<\/h3>\n<p>Erdo\u011fan, &#8220;\u0130srail Ba\u015fbakan\u0131 Netanyahu&#8217;yu kabul\u00fcn\u00fczde enerji i\u015fbirli\u011fi konular\u0131 g\u00fcndeme geldi mi? \u0130srail-Filistin sorununun \u00e7\u00f6z\u00fcm\u00fcne dair ne gibi mesajlar verdiniz? Kendisinin bir T\u00fcrkiye ziyareti s\u00f6z konusuydu ama bir rahats\u0131zl\u0131\u011f\u0131 oldu. Acaba takvim belli oldu mu?&#8221; sorusuna, \u015fu yan\u0131t\u0131 verdi:<\/p>\n<p>&#8220;Konu\u015ftuk, ifade etti\u011finiz gibi bir rahats\u0131zl\u0131k sebebiyle o zaman gelemedi ama \u015fimdi ben kendisine, &#8216;Siz bu ziyareti bir ger\u00e7ekle\u015ftirin, ard\u0131ndan da ben ekibimle \u0130srail ziyaretini ger\u00e7ekle\u015ftireyim&#8217; dedim. Yani mutab\u0131k kald\u0131k. \u0130n\u015fallah \u00e7ok fazla gecikmeden bu ad\u0131m\u0131 ataca\u011f\u0131z ve birinci derecede enerji konusu olmak \u00fczere \u0130srail&#8217;le enerji sondaj \u00e7al\u0131\u015fmas\u0131n\u0131 ba\u015flataca\u011f\u0131z. Sadece T\u00fcrkiye&#8217;ye de\u011fil, T\u00fcrkiye&#8217;den ayn\u0131 zamanda Avrupa&#8217;ya da enerji nakil hatlar\u0131n\u0131 i\u015fletmeye ba\u015flayaca\u011f\u0131z.&#8221;<\/p>\n<p>Cumhurba\u015fkan\u0131 Erdo\u011fan, T\u00fcrkiye&#8217;nin 9,5 milyar dolar toplam ticaret hacmi bulundu\u011funu, bu toplam ticaret hacmini de ilk etapta 9,5 milyar dolardan asgari 15 milyar dolara \u00e7\u0131karmak i\u00e7in mutabakata vard\u0131klar\u0131n\u0131 bildirdi.<\/p>\n<p>&#8220;Bu ad\u0131m\u0131 da ataca\u011f\u0131z. Ayn\u0131 zamanda uluslararas\u0131 siyasette de beraber neler yapabiliriz bunlar\u0131 da g\u00f6r\u00fc\u015fme, konu\u015fma f\u0131rsat\u0131m\u0131z oldu.&#8221; diyen Erdo\u011fan, \u00f6zellikle enerji i\u015fbirliklerinin T\u00fcrkiye&#8217;yi \u00e7ok daha farkl\u0131 yerlere ta\u015f\u0131yabilece\u011fini kaydetti.<\/p>\n<p>Erdo\u011fan, &#8220;Kendileriyle bu konudaki potansiyelimizi konu\u015ftuk. \u0130ki \u00fclke aras\u0131ndaki farkl\u0131 alanlardaki i\u015fbirliklerini art\u0131rmak i\u00e7in bu bakanlar\u0131m\u0131z\u0131n yer alaca\u011f\u0131 bir mekanizma kurulmas\u0131n\u0131n faydas\u0131n\u0131 anlatt\u0131k. Enerji, turizm ve teknoloji gibi alanlarda yeni i\u015fbirlikleri tesis etmek i\u00e7in iki \u00fclkenin birlikte \u00e7al\u0131\u015fmas\u0131 m\u00fcmk\u00fcn.&#8221; dedi.<\/p>\n<h3>&#8220;B\u00fct\u00fcn buralardaki yans\u0131malar d\u00fcnyada T\u00fcrkiye&#8217;nin g\u00fcc\u00fcn\u00fc de art\u0131racakt\u0131r&#8221;<\/h3>\n<p>&#8220;Birle\u015fmi\u015f Milletler Genel Kurulu&#8217;na 13&#8217;\u00fcnc\u00fc kez hitap ettiniz. Kararl\u0131 bir \u015fekilde &#8216;Birle\u015fik Milletlerin yap\u0131s\u0131 de\u011fi\u015fmeli, G\u00fcvenlik Konseyi ba\u015fta olmak \u00fczere de\u011fi\u015fmeli&#8217; diye ifade ediyorsunuz. Bu konuda k\u0131sa ve orta vadede somut geli\u015fmeler olaca\u011f\u0131n\u0131 d\u00fc\u015f\u00fcn\u00fcyor musunuz?&#8221; sorusu \u00fczerine Erdo\u011fan, uluslararas\u0131 at\u0131lan ad\u0131mlarda s\u00fcratle netice alman\u0131n m\u00fcmk\u00fcn olmad\u0131\u011f\u0131n\u0131 belirtti.<\/p>\n<p>Erdo\u011fan, &#8220;Ama biz \u015funa inan\u0131yoruz. Hani bizde g\u00fczel bir s\u00f6z var ya, &#8216;Et-tekraru ahsen velev kane y\u00fcz seksen&#8217; bunu yapmam\u0131z laz\u0131m. Umudu da yitirmeden devam etmemiz laz\u0131m. \u00c7\u00fcnk\u00fc biz bunu s\u00f6yledik\u00e7e bak\u0131yoruz ki d\u00fcnyada da yank\u0131lar\u0131 artarak devam ediyor. Bu biraz da T\u00fcrkiye&#8217;nin g\u00fcc\u00fcyle alakal\u0131. Ne kadar g\u00fc\u00e7lenirsek, ne kadar her alanda g\u00fc\u00e7 bulursak, bu \u00e7a\u011fr\u0131m\u0131z da kar\u015f\u0131l\u0131\u011f\u0131n\u0131 o kadar fazla bulacak. Onun i\u00e7in T\u00fcrkiye&#8217;nin g\u00fcc\u00fc \u00e7ok \u00f6nemli. Sizlerin kalemleri, ekranlar \u00f6nemli. B\u00fct\u00fcn buralardaki yans\u0131malar d\u00fcnyada T\u00fcrkiye&#8217;nin g\u00fcc\u00fcn\u00fc de art\u0131racakt\u0131r. Yans\u0131malar\u0131n\u0131 da ona g\u00f6re \u00e7ok \u00e7ok daha fazla art\u0131racakt\u0131r diye d\u00fc\u015f\u00fcn\u00fcyorum.&#8221; ifadesini kulland\u0131.<\/p>\n<p>\u0130kinci D\u00fcnya Sava\u015f\u0131&#8217;n\u0131n k\u00fcresel atmosferine uygun in\u015fa edilen k\u00fcresel sistemin art\u0131k yetersizli\u011fini iyiden iyiye ortaya koydu\u011funa dikkati \u00e7eken Erdo\u011fan, Birle\u015fmi\u015f Milletler G\u00fcvenlik Konseyi&#8217;nin bar\u0131\u015f\u0131n de\u011fil, restle\u015fmelerin konu\u015fuldu\u011fu bir zemin oldu\u011funu vurgulad\u0131.<\/p>\n<p>Bunun d\u00fcnya bar\u0131\u015f\u0131 i\u00e7in tehlikeli oldu\u011funa i\u015faret eden Cumhurba\u015fkan\u0131 Recep Tayyip Erdo\u011fan, \u015f\u00f6yle devam etti:<\/p>\n<p>&#8220;Birle\u015fmi\u015f Milletler \u00f6nerdi\u011fimiz reformlar\u0131 yapamaz ve kendini zaman\u0131n ruhuna uygun hale getiremezse bar\u0131\u015f\u0131 koruma misyonunu sa\u011flayamaz. Rusya-Ukrayna sava\u015f\u0131 bunun en somut \u00f6rne\u011fidir. BMGK \u00fcyeleri sava\u015f\u0131n akt\u00f6r\u00fc oldu\u011funda Birle\u015fmi\u015f Milletler sistemi etkisiz hale geliyor. Asl\u0131nda biz bunun i\u015faretlerini y\u0131llar \u00f6nce g\u00f6rm\u00fc\u015f ve &#8216;d\u00fcnya be\u015ften b\u00fcy\u00fckt\u00fcr&#8217; mesaj\u0131m\u0131z\u0131 b\u00fct\u00fcn d\u00fcnyaya ilan etmi\u015ftik. \u015eimdi BM Genel Sekreteri ve ABD Ba\u015fkan\u0131 dahil bir\u00e7ok akt\u00f6r\u00fcn k\u00fcresel sistemin yetersizli\u011fini dillendiriyor olmas\u0131 \u00f6nemlidir.&#8221;<\/p>\n<p>K\u00fcresel sistemin yenilenmesi meselesinin samimiyetle ele al\u0131nmas\u0131 gereken bir konu oldu\u011funu anlatan Cumhurba\u015fkan\u0131 Erdo\u011fan, d\u00fcnyan\u0131n tamam\u0131na bar\u0131\u015f, g\u00fcvenlik, istikrar ve refah \u00fcreten bir sistemin aciliyetle olu\u015fturulmas\u0131n\u0131n d\u00fcnya bar\u0131\u015f\u0131n\u0131n korunmas\u0131 i\u00e7in elzem oldu\u011funu s\u00f6yledi.<\/p>\n<p>Kapsay\u0131c\u0131 ve insanl\u0131\u011f\u0131 kucaklay\u0131c\u0131 uluslararas\u0131 sistemin bug\u00fcn bir\u00e7ok co\u011frafyada g\u00f6r\u00fclen \u00e7at\u0131\u015fmalar\u0131n, iklim krizlerinin ve g\u00f6\u00e7\u00fcn neden oldu\u011fu insan\u0131 dramlar\u0131n bertaraf\u0131n\u0131n anahtar\u0131 olaca\u011f\u0131n\u0131 dile getiren Erdo\u011fan, &#8220;Aksi durumda Birle\u015fmi\u015f Milletler sistemi \u00e7\u00f6z\u00fcm\u00fcn de\u011fil, \u00e7\u00f6z\u00fcms\u00fczl\u00fc\u011f\u00fcn kayna\u011f\u0131 haline gelir ki bu d\u00fcnya \u00fczerindeki kaosu derinle\u015ftirir. &#8216;Daha adil bir d\u00fcnya m\u00fcmk\u00fcn&#8217; tezimizin farkl\u0131 kesimlerce sahiplenilmesi, bu ihtiyac\u0131n kar\u015f\u0131lanmas\u0131 yolunda at\u0131lacak ilk ad\u0131m olabilir. Biz davetimizi yineliyoruz ve her yerde &#8216;d\u00fcnya be\u015ften b\u00fcy\u00fckt\u00fcr&#8217; demeye devam ediyoruz.&#8221; ifadesini kulland\u0131.<\/p>\n<p>Bir bas\u0131n mensubunun, &#8220;Emeklilerin durumuyla ilgili birtak\u0131m d\u00fczenlemeler yap\u0131laca\u011f\u0131 \u00c7al\u0131\u015fma Bakanl\u0131\u011f\u0131 taraf\u0131ndan s\u0131k s\u0131k dile getiriliyor. Bu d\u00fczenlemeler, d\u00fczeltmeler ne zaman sonu\u00e7lan\u0131r?&#8221; sorusuna Erdo\u011fan, \u015fu yan\u0131t\u0131 verdi:<\/p>\n<p>&#8220;Fazla uzamaz. Yani en k\u0131sa zamanda. \u0130lgili bakan\u0131m zaten \u00e7al\u0131\u015fmalar\u0131n\u0131 s\u00fcrd\u00fcr\u00fcyor. D\u00f6n\u00fc\u015fte zaten bir araya gelip, &#8216;Ne durumdas\u0131n, ne yapt\u0131n, ne yap\u0131yorsun?&#8217; kendisinden bunun bilgilerini de alaca\u011f\u0131z. Ama 2024&#8217;e in\u015fallah bunun kararlar\u0131n\u0131 vermi\u015f olarak gireriz. Biz ekonominin kronik problemlerini \u00e7\u00f6zerken i\u015f\u00e7ilerimizin, memurlar\u0131m\u0131z\u0131n yan\u0131 s\u0131ra emeklilerimizi de enflasyona ezdirmemek i\u00e7in \u00e7abal\u0131yoruz. Bu konuda att\u0131\u011f\u0131m\u0131z ad\u0131mlar mevcut. Emeklilerimizin s\u0131k\u0131nt\u0131lar\u0131n\u0131 da biliyoruz. Toplumun t\u00fcm kesimlerine y\u00f6nelik ad\u0131mlar att\u0131\u011f\u0131m\u0131z gibi onlar\u0131n da ya\u015fam ko\u015fullar\u0131n\u0131 iyile\u015ftirici ad\u0131mlar ataca\u011f\u0131z. Uygulad\u0131\u011f\u0131m\u0131z Orta Vadeli Program\u0131n ba\u015far\u0131ya ula\u015fmas\u0131yla birlikte olu\u015facak refah art\u0131\u015f\u0131nda toplumun t\u00fcm kesimleri gibi tabii ki emeklilerimiz de pay\u0131n\u0131 alacakt\u0131r. Bug\u00fcne kadar oldu\u011fu gibi bundan sonra da emeklilerimizin hak ettikleri refah d\u00fczeyine ula\u015fmalar\u0131 i\u00e7in gayret g\u00f6sterece\u011fiz.&#8221;<\/p>\n<h3>&#8220;Misafirlerimize y\u00f6nelik sald\u0131r\u0131lar\u0131n failleri gerekli cezalar\u0131 hukuk \u00f6n\u00fcnde alacak&#8221;<\/h3>\n<p>Erdo\u011fan, &#8220;T\u00fcrkiye&#8217;de bir s\u00fcredir Avrupa&#8217;da a\u015f\u0131r\u0131 sa\u011f\u0131n, \u0131rk\u00e7\u0131 hareketlerin \u00f6ne \u00e7\u0131kt\u0131\u011f\u0131 \u00fclkelerde bile ya\u015fanmayan bir hadise ya\u015fan\u0131yor. Arap turistler hedef g\u00f6steriliyor. Arap\u00e7a y\u00f6nlendirme levhalar\u0131 bile bundan pay\u0131n\u0131 al\u0131yor. Nas\u0131l de\u011ferlendiriyorsunuz?&#8221; sorusunu, \u015f\u00f6yle cevaplad\u0131:<\/p>\n<p>&#8220;Bizim ayn\u0131 duruma d\u00fc\u015fmemiz s\u00f6z konusu olamaz. Benim \u0131srarla \u00fczerinde durdu\u011fum konu turistlere kar\u015f\u0131 onlar\u0131n anlayaca\u011f\u0131 dili tabelalarda, levhalarda tabii ki bizim kullanmam\u0131z laz\u0131m. Hele hele turistik b\u00f6lgelerde bu zaten olmas\u0131 gereken bir davran\u0131\u015f bi\u00e7imi. Biz ana muhalefetin gitti\u011fi yoldan gidemeyiz. D\u00fcnyan\u0131n m\u00fccadele etti\u011fi b\u00fcy\u00fck problemlerin aras\u0131nda maalesef \u0131rk\u00e7\u0131l\u0131k ve \u0130slam d\u00fc\u015fmanl\u0131\u011f\u0131 da var. \u00dcz\u00fclerek g\u00f6r\u00fcyoruz ki kendini medeniyetin be\u015fi\u011fi diye pazarlayan Avrupa \u00fclkelerinde h\u0131zla yay\u0131lan \u0131rk\u00e7\u0131l\u0131k vir\u00fcs\u00fc k\u00fcresel bir salg\u0131na d\u00f6n\u00fc\u015fm\u00fc\u015f durumda. Bundan \u00fclkemiz de etkilenmektedir.&#8221;<\/p>\n<p>Bat\u0131&#8217;da yabanc\u0131 d\u00fc\u015fmanl\u0131\u011f\u0131n\u0131 yaymak isteyen \u00e7evrelerin baz\u0131 yerlerde ba\u015far\u0131l\u0131 oldu\u011funu, bu \u00e7evrelerin T\u00fcrkiye&#8217;de de temsilcilerinin bulundu\u011funu ifade eden Erdo\u011fan, \u015funlar\u0131 s\u00f6yledi:<\/p>\n<p>&#8220;Ancak bu mayan\u0131n T\u00fcrkiye&#8217;de tutmayaca\u011f\u0131n\u0131 bilmeleri gerekir. Ne kadar d\u00fc\u015fmanl\u0131k tohumu ekerlerse eksinler, hangi fitneleri \u00fcretirlerse \u00fcretsinler T\u00fcrk insan\u0131n\u0131n y\u00fcce g\u00f6n\u00fcll\u00fcl\u00fc\u011f\u00fcnde kaybolup gideceklerdir. T\u00fcrkiye bir hukuk devletidir ve misafirlerimize y\u00f6nelik \u015fiddet i\u00e7eren al\u00e7ak\u00e7a sald\u0131r\u0131lar\u0131n failleri gerekli cezalar\u0131 hukuk \u00f6n\u00fcnde alacaklard\u0131r. G\u00fcvenlik g\u00fc\u00e7lerimiz bu tip provokasyonlara kar\u015f\u0131 tedbirlidir ve her ge\u00e7en g\u00fcn tedbirlerini art\u0131rmaktad\u0131r. Marjinal gruplar\u0131n k\u00f6r\u00fckledi\u011fi m\u00fcnferit olaylar toplumun t\u00fcm\u00fc taraf\u0131ndan ger\u00e7ekle\u015ftiriliyor ve destekleniyor alg\u0131s\u0131 olu\u015fturulmaya \u00e7al\u0131\u015f\u0131l\u0131yor. Bu toplumu tan\u0131yan herkes bilir ki b\u00f6ylesi olaylar T\u00fcrkiye&#8217;de taban bulamam\u0131\u015ft\u0131r, bulamayacakt\u0131r. Provokat\u00f6rlerin bilmeleri gerekir ki er ya da ge\u00e7 yapt\u0131klar\u0131n\u0131n hesab\u0131n\u0131 vereceklerdir.&#8221;<\/p>\n<h3>&#8220;Hedefimiz s\u0131k\u0131nt\u0131l\u0131 havay\u0131 da\u011f\u0131tmak ve Mi\u00e7otakis&#8217;in de yakla\u015f\u0131m\u0131 o istikamette&#8221;<\/h3>\n<p>&#8220;Yunanistan Ba\u015fbakan\u0131 Mi\u00e7otakis ile bir g\u00f6r\u00fc\u015fme yapt\u0131n\u0131z. Gelmeden \u00f6nce o yeni bir diyalog vurgusu yapm\u0131\u015ft\u0131 Selanik Forumu&#8217;nda. Ne konu\u015ftunuz? Hangi mesajlar\u0131 verdiniz?&#8221; sorusunu Erdo\u011fan, \u015f\u00f6yle cevaplad\u0131:<\/p>\n<p>&#8220;Konuyla ilgili D\u0131\u015fi\u015fleri Bakan\u0131m\u0131z Hakan Fidan, Yunanistan D\u0131\u015fi\u015fleri Bakan\u0131 ile kar\u015f\u0131l\u0131kl\u0131 g\u00f6r\u00fc\u015fecekler. Ayn\u0131 \u015fekilde D\u0131\u015f Politika ve G\u00fcvenlik Ba\u015fdan\u0131\u015fman\u0131m B\u00fcy\u00fckel\u00e7i Akif \u00c7a\u011fatay K\u0131l\u0131\u00e7 da \u00e7al\u0131\u015fmalar\u0131n\u0131 muhatab\u0131yla yapacak. Hedefimiz Ege&#8217;deki s\u0131k\u0131nt\u0131l\u0131 havay\u0131 da\u011f\u0131tmak ve Mi\u00e7otakis&#8217;in de yakla\u015f\u0131m\u0131 o istikamette. Ama bizim i\u00e7in \u015fu anda en \u00f6nemli ad\u0131m Allah nasip ederse Selanik&#8217;teki zirve olacak. Selanik zirvesi \u015fu anda T\u00fcrkiye-Yunanistan aras\u0131nda \u00f6nemli bir s\u0131\u00e7rama olacak. D\u0131\u015fi\u015fleri Bakanlar\u0131m\u0131z \u00f6n haz\u0131rl\u0131klar\u0131n\u0131 yapacaklar ve Selanik&#8217;te de in\u015fallah 7 Aral\u0131k&#8217;ta bu zirveyi yapaca\u011f\u0131z. Bu zirveyle beraber bir\u00e7ok \u015feyin de in\u015fallah de\u011fi\u015fti\u011fini kar\u015f\u0131l\u0131kl\u0131 g\u00f6rece\u011fiz.<\/p>\n<p>Son d\u00f6nemde her iki \u00fclke de afetlerle s\u0131nand\u0131. Bu olumsuz durumlar \u00fclkelerimizi yard\u0131mla\u015fma noktas\u0131nda birbirine yakla\u015ft\u0131rd\u0131. Son d\u00f6nemde artan \u00fcst d\u00fczey temaslar da mevcut olumlu atmosferi destekledi. \u00d6n\u00fcm\u00fczdeki d\u00f6nemde Selanik Zirvesi sonras\u0131nda da isti\u015fari temaslar\u0131m\u0131z umut ediyorum ki s\u00fcreci daha da olumlu bir hale getirecektir. T\u00fcrkiye ve Yunanistan olarak g\u00fcven ortam\u0131na zarar verecek ad\u0131mlardan ve s\u00f6ylemlerde uzak durmam\u0131z gerekiyor. \u00d6n\u00fcm\u00fczdeki s\u00fcrecin selametle ilerlemesi bak\u0131m\u0131ndan bu alanda da birlikte ad\u0131m atmal\u0131y\u0131z.&#8221;<\/p>\n<h3>&#8220;KKTC&#8217;nin tan\u0131nmas\u0131 sorunun \u00e7\u00f6z\u00fcm\u00fcne katk\u0131 sa\u011flayacak yegane ad\u0131m&#8221;<\/h3>\n<p>Cumhurba\u015fkan\u0131 Erdo\u011fan, &#8220;Birle\u015fmi\u015f Milletler Genel Kurulu&#8217;nda Kuzey K\u0131br\u0131s T\u00fcrk Cumhuriyeti&#8217;nin tan\u0131mas\u0131 \u00e7a\u011fr\u0131s\u0131 yapt\u0131n\u0131z. \u00c7a\u011fr\u0131n\u0131z yank\u0131 buldu, bundan sonraki s\u00fcre\u00e7teki yol haritas\u0131 ne olacak?&#8221; sorusuna kar\u015f\u0131l\u0131k, \u015funlar\u0131 s\u00f6yledi:<\/p>\n<p>&#8220;Bizim K\u0131br\u0131s konusunda yakla\u015f\u0131m\u0131m\u0131z uzun zamand\u0131r ortada. Federasyon form\u00fcllerinin ger\u00e7ek\u00e7i olmad\u0131\u011f\u0131 ve i\u015flemeyece\u011fi art\u0131k net bir \u015fekilde anla\u015f\u0131lm\u0131\u015ft\u0131r. Bu ger\u00e7e\u011fi reddetmek Ada&#8217;da \u00e7\u00f6z\u00fcms\u00fczl\u00fc\u011f\u00fc dayatmaktan ba\u015fka bir \u015fey de\u011fildir. K\u0131br\u0131s&#8217;ta iki devletli, adil ve kal\u0131c\u0131 bir \u00e7\u00f6z\u00fcm bulunmas\u0131 i\u00e7in gayret g\u00f6sterdik. Muhataplar\u0131m\u0131z\u0131 da bunu sa\u011flamaya davet ettik. Bir ba\u015fka davetimizi de uluslararas\u0131 topluma yapt\u0131k. Kuzey K\u0131br\u0131s T\u00fcrk Cumhuriyeti&#8217;nin ba\u011f\u0131ms\u0131z bir devlet olarak tan\u0131nmas\u0131 K\u0131br\u0131s sorununun \u00e7\u00f6z\u00fcm\u00fcne katk\u0131 sa\u011flayacak yegane ad\u0131md\u0131r, en etkili ad\u0131md\u0131r. Bunun d\u0131\u015f\u0131ndaki se\u00e7enekleri tan\u0131m\u0131yoruz. Biz, Kuzey K\u0131br\u0131s T\u00fcrk Cumhuriyeti&#8217;nin haklar\u0131n\u0131 uluslararas\u0131 hukukun bize tan\u0131d\u0131\u011f\u0131 garant\u00f6rl\u00fck hakk\u0131 \u00e7er\u00e7evesinde sonuna kadar muhafaza etmekte kararl\u0131y\u0131z. KKTC&#8217;nin, T\u00fcrk Devletleri Te\u015fkilat\u0131&#8217;na g\u00f6zlemci \u00fcye s\u0131fat\u0131yla dahil olmas\u0131n\u0131n aralad\u0131\u011f\u0131 kap\u0131n\u0131n devam\u0131n\u0131n gelmesini bekliyoruz. \u00dclkelerin birbiri ard\u0131nca KKTC&#8217;yi ba\u011f\u0131ms\u0131z devlet olarak tan\u0131mas\u0131 Do\u011fu Akdeniz&#8217;de bar\u0131\u015fa ve huzura hizmet eder. Bundan sonraki yol haritam\u0131z da KKTC&#8217;nin haklar\u0131n\u0131n eksiksiz muhafazas\u0131 ve uluslararas\u0131 sisteme entegrasyonu yolunda at\u0131lacak etkin ad\u0131mlard\u0131r.&#8221;<\/p>\n<h3>&#8220;Aile kurumunu anayasal g\u00fcvence alt\u0131na almakta kararl\u0131y\u0131z&#8221;<\/h3>\n<p>&#8220;Birle\u015fmi\u015f Milletler Genel Kurulu seviyesinde aile kurumunun k\u00fcresel bir sald\u0131r\u0131 alt\u0131nda oldu\u011funu ifade eden ilk ve tek lider siz oldunuz. Aile kurumunun tehdit alt\u0131nda oldu\u011fu d\u00fc\u015f\u00fcn\u00fcld\u00fc\u011f\u00fcnde hem zat\u0131alinizin hem de T\u00fcrkiye&#8217;nin aile kurumunun korunmas\u0131 noktas\u0131nda temsil etti\u011fi temel vizyon ve yakla\u015f\u0131m nedir?&#8221; sorusunu Erdo\u011fan, \u015f\u00f6yle yan\u0131tlad\u0131:<\/p>\n<p>&#8220;\u015eu anda d\u00fcnyada aile kurumu b\u00fcy\u00fck \u00f6nem arz ediyor. Amerika asl\u0131nda aile kurumu noktas\u0131nda tart\u0131\u015fmalar\u0131n \u00e7ok ciddi boyutlara ula\u015ft\u0131\u011f\u0131 bir \u00fclke konumunda. B\u00f6yle bir yerde bizim aile mefhumunu dile getirmi\u015f olmam\u0131z, kendinize bir \u00e7eki d\u00fczen verin&#8230; Beni en \u00e7ok rahats\u0131z eden konulardan bir tanesi herhalde sizin de dikkatinizi \u00e7ekmi\u015ftir. Birle\u015fmi\u015f Milletler Genel Kurulu&#8217;na girerken basamaklarda ve di\u011fer baz\u0131 alanlarda LGBT renklerinin oldu\u011funu g\u00f6r\u00fcyorsunuz. Burayla ne yap\u0131lmak istendi\u011fi \u00f6nem arz ediyor. \u015eu anda liderlerden bir tanesi LGBT&#8217;ci bir di\u011fer lider LGBT&#8217;ye kar\u015f\u0131, b\u00f6yle bir durum var. Ne yap\u0131lmak isteniyor? Ben \u015fahsen Genel Sekreterle f\u0131rsat bulup bunu konu\u015fmak isterdim. \u015eu anda d\u00fcnyada ne kadar LGBT&#8217;ci var? Bu basamaklarda onlar\u0131n ne kadar hakk\u0131 varsa, LGBT&#8217;ye kar\u015f\u0131 olanlar\u0131n da bu denli var. \u00c7\u00fcnk\u00fc bu bir insani mesele ve buradan rahats\u0131z olanlar\u0131n oldu\u011funu da bilmek laz\u0131m.&#8221;<\/p>\n<p>Cumhurba\u015fkan\u0131 Erdo\u011fan, aile tan\u0131m\u0131nda yer alan &#8220;toplumlar\u0131n yap\u0131 ta\u015f\u0131&#8221; ifadesinin bo\u015f bir s\u00f6ylem olmad\u0131\u011f\u0131na dikkati \u00e7ekerek, \u015f\u00f6yle konu\u015ftu:<\/p>\n<p>&#8220;Toplumlar\u0131 en g\u00fc\u00e7l\u00fc k\u0131lan da \u00e7\u00fcr\u00fcten de aile yap\u0131s\u0131d\u0131r. Nas\u0131l zincirin g\u00fcc\u00fc, en zay\u0131f halkas\u0131 kadarsa toplumlar\u0131n g\u00fcc\u00fc de aile yap\u0131s\u0131n\u0131n sa\u011flaml\u0131\u011f\u0131yla do\u011fru orant\u0131l\u0131d\u0131r. Son y\u0131llarda bir\u00e7ok \u00fclkede aile yap\u0131s\u0131na y\u00f6nelik sald\u0131r\u0131lar\u0131n temel gerek\u00e7esi de bu. \u0130lgili toplumu \u00e7\u00f6kertmek i\u00e7in sapk\u0131n ak\u0131mlar eliyle aile yap\u0131s\u0131 zay\u0131flat\u0131lmaya \u00e7al\u0131\u015f\u0131l\u0131yor. \u00dclkemizde bu sapk\u0131n ak\u0131mlar\u0131n aile yap\u0131m\u0131z\u0131, gen\u00e7lerimizi hedef alan giri\u015fimlerine asla m\u00fcsaade etmedik, bundan sonra da etmeyiz. Bu konunun k\u00fcresel boyutu da bulunmaktad\u0131r. Ya\u015fad\u0131\u011f\u0131m\u0131z \u00e7a\u011fda aile yap\u0131s\u0131n\u0131 hedef alan karanl\u0131k yap\u0131lar\u0131n k\u00fcresel planlar\u0131n\u0131n fark\u0131nday\u0131z. Onlar\u0131 bozmak i\u00e7in elimizden geleni yapmaya devam edece\u011fiz. Ailelerimizi, gen\u00e7lerimizi, \u00e7ocuklar\u0131m\u0131z\u0131 tuzaklar\u0131na d\u00fc\u015f\u00fcremeyecekler. E\u011fitim, siber g\u00fcvenlik, ba\u011f\u0131ml\u0131l\u0131kla m\u00fccadele ba\u015fta olmak \u00fczere \u00e7ok boyutlu tedbirler \u00fczerinde \u00e7al\u0131\u015f\u0131yoruz. Bunun en etkin ad\u0131m\u0131n\u0131 Meclis a\u00e7\u0131ld\u0131\u011f\u0131nda g\u00fcndeme getirmeyi planlad\u0131\u011f\u0131m\u0131z anayasa de\u011fi\u015fikli\u011fiyle ataca\u011f\u0131z. Aile kurumunu anayasal g\u00fcvence alt\u0131na almakta kararl\u0131y\u0131z. Aileyi korumak, T\u00fcrkiye&#8217;yi korumakt\u0131r, vatan\u0131 korumakt\u0131r. Bu sorunla \u00fclkemizde en etkin bi\u00e7imde m\u00fccadele edece\u011fiz. Ancak uluslararas\u0131 zeminde bu m\u00fccadelede i\u015fbirliklerine haz\u0131r\u0131z. Sapk\u0131n ak\u0131mlarla m\u00fccadele konusunda el ele verip toplumlar\u0131m\u0131z\u0131 zehirlemeye \u00e7al\u0131\u015fan, aile yap\u0131s\u0131n\u0131 temelden dinamitleyen, gelece\u011fimizi karartmaya g\u00f6z dikmi\u015f odaklarla m\u00fccadele edecek g\u00fcc\u00fcm\u00fcz var.&#8221;<\/p>\n<h3>&#8220;As\u0131l ac\u0131 olan \u0130slam d\u00fcnyas\u0131ndan bekledi\u011fimiz d\u00fczeyde tepkinin gelmemesi&#8221;<\/h3>\n<p>M\u00fcsl\u00fcmanlar\u0131n kutsallar\u0131na kar\u015f\u0131 yap\u0131lan sald\u0131r\u0131lar an\u0131msat\u0131l\u0131p, BM Genel Kurulu&#8217;ndaki &#8220;\u0130slam d\u00fc\u015fmanl\u0131\u011f\u0131, \u0131rk\u00e7\u0131l\u0131k ve nefret su\u00e7lar\u0131na kar\u015f\u0131 saflar\u0131m\u0131z\u0131 geni\u015f tutal\u0131m&#8221; \u00e7a\u011fr\u0131s\u0131n\u0131n yans\u0131malar\u0131n\u0131n sorulmas\u0131 \u00fczerine Erdo\u011fan, \u015funlar\u0131 kaydetti:<\/p>\n<p>&#8220;Veren \u00fclkeler var, maalesef sessiz kalan \u00fclkeler var. Yani &#8216;d\u00f6rt d\u00f6rtl\u00fck veriliyor&#8217; diyemeyiz. \u00c7\u00fcnk\u00fc \u015fu anda d\u00fcnya n\u00fcfusuna bakt\u0131\u011f\u0131m\u0131z zaman yakla\u015f\u0131k 6,5-7 milyar gibi bir rakam s\u00f6z konusu. Bizim 2-2,5 milyar \u015fu anda bir M\u00fcsl\u00fcman n\u00fcfusa bakt\u0131\u011f\u0131m\u0131z zaman \u0130slam d\u00fcnyas\u0131 bir defa bu hassasiyeti g\u00f6stermiyor. Ayn\u0131 \u015fey bak\u0131yorsunuz, Hindistan&#8217;da a\u015f\u0131r\u0131 ak\u0131mlar bir \u015fekilde geli\u015fiyor. \u015eimdi b\u00fct\u00fcn bunlar kar\u015f\u0131s\u0131nda acaba \u0130slam d\u00fcnyas\u0131n\u0131n duru\u015fu ne? Bak\u0131\u015f\u0131 ne? Gelelim kendi \u00fclkemize. Kendi \u00fclkemizde biz ne durumday\u0131z? Onun i\u00e7in bizim bir defa kendimiz dik durmam\u0131z laz\u0131m ki bu dalga dalga yay\u0131ls\u0131n ve ona g\u00f6re de M\u00fcsl\u00fcmanlar\u0131n duru\u015fu \u00e7ok daha farkl\u0131 hale gelsin. Bu ziyaretimizde muhataplar\u0131m\u0131za ifade \u00f6zg\u00fcrl\u00fc\u011f\u00fc k\u0131l\u0131f\u0131yla kutsallara sald\u0131r\u0131n\u0131n \u00f6n\u00fcn\u00fc a\u00e7man\u0131n tehlikesinden bahsettik. Bunun bir ifade \u00f6zg\u00fcrl\u00fc\u011f\u00fc de\u011fil, nefret s\u00f6ylemini k\u00f6r\u00fckleyerek, toplumsal ve k\u00fcresel bar\u0131\u015f\u0131 tehdit eden eylemler oldu\u011funu anlatt\u0131k. As\u0131l ac\u0131 olan \u0130slam d\u00fcnyas\u0131ndan bu al\u00e7akl\u0131\u011fa kar\u015f\u0131 bekledi\u011fimiz d\u00fczeyde tepkinin gelmemesidir. Bizler T\u00fcrkiye olarak bu sald\u0131r\u0131lara gerekli olan en g\u00fc\u00e7l\u00fc tepkiyi vermeye devam edece\u011fiz. Sadece \u0130slam d\u00fcnyas\u0131 de\u011fil, uluslararas\u0131 toplumun tamam\u0131ndan kutsallara kar\u015f\u0131 yap\u0131lan sald\u0131r\u0131lara ortak ses y\u00fckselmek durumundad\u0131r. Bu olmad\u0131\u011f\u0131 m\u00fcddet\u00e7e ba\u015fka inan\u00e7lar\u0131n kutsallar\u0131 da sald\u0131r\u0131ya a\u00e7\u0131k hale gelir. Biz bug\u00fcn y\u00fckseltti\u011fimiz itiraz\u0131m\u0131z\u0131 ba\u015fka inan\u00e7lara y\u00f6nelik sald\u0131r\u0131larda da aynen tekrarlar\u0131z.&#8221;<\/p>\n<h3>&#8220;\u0130llerde dayan\u0131\u015fma halinde kavga, g\u00fcr\u00fclt\u00fc olmadan adaylar\u0131m\u0131z\u0131 beraber belirleyece\u011fiz&#8221;<\/h3>\n<p>&#8220;Milli E\u011fitim Bakan\u0131 Yusuf Tekin&#8217;in &#8216;\u00f6\u011fretmen al\u0131m\u0131nda y\u00fczde 50 KPSS y\u00fczde 50 m\u00fclakat uygulayaca\u011f\u0131z&#8217; a\u00e7\u0131klamas\u0131 atama bekleyen \u00f6\u011fretmen adaylar\u0131n\u0131n tepkisine yol a\u00e7t\u0131. Benzer bir durum Polis E\u011fitim Merkezlerine \u00f6\u011frenci al\u0131m\u0131nda da ya\u015fanm\u0131\u015f. Yeterli KPSS ve mesleki dayan\u0131kl\u0131l\u0131k puan\u0131na sahip adaylar 45-50 saniyelik m\u00fclakatlarla elenmi\u015f. Onlardan da sitem dolu mesajlar geliyor. M\u00fclakat kald\u0131r\u0131lacak s\u00f6z\u00fcn\u00fcn sahibi olarak bu ele\u015ftirilere ne diyorsunuz?&#8221; sorusu \u00fczerine Erdo\u011fan, \u015fu de\u011ferlendirmelerde bulundu:<\/p>\n<p>&#8220;Biz, m\u00fclakatlar\u0131 g\u00f6revin gerektirdi\u011fi zorunluluklar d\u0131\u015f\u0131nda kald\u0131rmay\u0131 vadettik. G\u00f6revin gerektirdi\u011fi hallerde ise hakkaniyetle hareket edilmesi temel yakla\u015f\u0131m\u0131m\u0131zd\u0131r. M\u00fclakatlar \u00e7ok s\u0131n\u0131rl\u0131 ve \u00e7ok \u00f6zel meslek gruplar\u0131nda gerekli olabilir. Elbette m\u00fclakat komisyonlar\u0131n\u0131n objektif kriterlerle olu\u015fturulmas\u0131 konusu da \u00e7ok m\u00fchim bir konu. Konuyu ilgili bakanlar\u0131m\u0131zla yak\u0131n g\u00f6r\u00fc\u015f\u00fcyor, \u00e7al\u0131\u015f\u0131yoruz. Ben se\u00e7im vaatlerim i\u00e7inde b\u00f6yle bir s\u00f6z verdiysem, bunu Milli E\u011fitim bakan\u0131mla, \u0130\u00e7i\u015fleri Bakan\u0131mla g\u00f6r\u00fc\u015fmek suretiyle, yeni bir yol haritas\u0131yla ilerletiriz.&#8221;<\/p>\n<p>Erdo\u011fan, &#8220;CHP Grup Ba\u015fkan\u0131 \u00d6zg\u00fcr \u00d6zel, CHP Genel Ba\u015fkanl\u0131\u011f\u0131&#8217;na adayl\u0131\u011f\u0131n\u0131 a\u00e7\u0131klad\u0131. CHP&#8217;de genel ba\u015fkanl\u0131k de\u011fi\u015fimi olur mu tart\u0131\u015fmalar\u0131 s\u00fcrerken sizin de\u011ferlendirmeleriniz nas\u0131l olur?&#8221; sorusuna, &#8220;Beni bu \u00e7eki\u015fmeye veya bu \u00e7at\u0131\u015fmaya katmay\u0131n. Ben kendi i\u015fime bak\u0131yorum. Onlar da kendi aralar\u0131nda kendi i\u015flerine baks\u0131nlar. \u00c7\u00fcnk\u00fc ben o mu kazan\u0131r bu mu kazan\u0131r o i\u015flerle u\u011fra\u015fmam.&#8221; yan\u0131t\u0131n\u0131 verdi.<\/p>\n<p>&#8220;Cumhur \u0130ttifak\u0131&#8217;n\u0131n aday\u0131 kim olacak? Cumhur \u0130ttifak\u0131&#8217;n\u0131n aday\u0131yla ilgili herhangi bir isim belli mi? Takvim belli mi?&#8221; sorusuna kar\u015f\u0131l\u0131k Erdo\u011fan, \u015funlar\u0131 s\u00f6yledi:<\/p>\n<p>&#8220;Cumhur \u0130ttifak\u0131&#8217;n\u0131n bu noktada bir s\u0131k\u0131nt\u0131s\u0131 yok. \u015eu anda 81 vilayette ba\u015fta \u0130stanbul, Ankara olmak \u00fczere bunu Devlet Bey&#8217;le oturaca\u011f\u0131z, konu\u015faca\u011f\u0131z. Nerede kimi g\u00f6steririz, isti\u015farelerimizi yap\u0131p ona g\u00f6re b\u00fcy\u00fck \u015fehirler olsun di\u011ferleri olsun buralardan isimleri in\u015fallah hay\u0131rl\u0131s\u0131yla belirleyece\u011fiz. \u015eu anda hemen 1 ay i\u00e7erisinde bunlar belirlenir diye bir \u015fey yok. Fakat biz buralardaki b\u00fcy\u00fck \u015fehirlerde kimler ko\u00e7 ba\u015f\u0131 olabilir? Bu vilayetlerin d\u0131\u015f\u0131nda di\u011fer illerde kimler olabilir? Bunlar\u0131 tespit edip garantiye gidecek \u015fekilde bu illerde dayan\u0131\u015fma halinde kavga, g\u00fcr\u00fclt\u00fc olmadan adaylar\u0131m\u0131z\u0131 beraber belirleyece\u011fiz.&#8221;<\/p>\n<p>                            <span class=\"detay-foto-editor\">&#13;<br \/>\n                                <a href=\"https:\/\/www.aa.com.tr\/tr\/p\/abonelik-talep-formu\/1001\" target=\"_blank\" style=\"font-size:12px; color:#444; text-decoration:none;\" rel=\"noopener\">&#13;<br \/>\n                                    Anadolu Ajans\u0131 web sitesinde, AA Haber Ak\u0131\u015f Sistemi (HAS) \u00fczerinden abonelere sunulan haberler, \u00f6zetlenerek yay\u0131mlanmaktad\u0131r. <b style=\"color:#1897F7\">Abonelik i\u00e7in l\u00fctfen ileti\u015fime ge\u00e7iniz.<\/b>&#13;<br \/>\n                                <\/a>&#13;<br \/>\n                            <\/span>\n                        <\/div>\n<p><script>\n\t  window.fbAsyncInit = function() {\n\t\tFB.init({\n\t\t  appId: '1855843514662870',\n\t\t  status : true, \/\/ check login status\n\t\t  cookie : true, \/\/ enable cookies to allow the server to access the session\n\t\t  xfbml  : true  \/\/ parse XFBML\n\t\t});\n\t  };<\/p>\n<p>\t  (function() {\n\t\tvar e = document.createElement('script');\n\t\te.src=\"https:\/\/connect.facebook.net\/tr_TR\/all.js\";\n\t\te.async = true;\n\t\tdocument.getElementById('fb-root').appendChild(e);\n\t  }());\n    <\/script><\/p>\n","protected":false},"excerpt":{"rendered":"<p>Cumhurba\u015fkan\u0131 Recep Tayyip Erdo\u011fan, Birle\u015fmi\u015f Milletler (BM) 78. Genel Kurulu&#8217;na ili\u015fkin &#8220;Genel Kurul&#8217;a hitab\u0131m\u0131zda insanl\u0131\u011f\u0131 g\u00fcvenli ve m\u00fcreffeh bir gelece\u011fe kavu\u015fturmak i\u00e7in at\u0131lmas\u0131 gereken ad\u0131mlara dikkat \u00e7ektim. Uluslararas\u0131 bar\u0131\u015f ve g\u00fcvenli\u011fin korunmas\u0131 a\u00e7\u0131s\u0131ndan \u00f6nem ta\u015f\u0131yan uluslararas\u0131 meselelere dair T\u00fcrkiye&#8217;nin g\u00f6r\u00fc\u015flerini dile getirdim.&#8221; dedi. Cumhurba\u015fkan\u0131 Erdo\u011fan, ABD ziyareti sonunda New York&#8217;taki T\u00fcrkevi&#8217;nde gazetecilerle ger\u00e7ekle\u015ftirdi\u011fi s\u00f6yle\u015fide, BM [&hellip;]<\/p>\n","protected":false},"author":1,"featured_media":15159,"comment_status":"","ping_status":"","sticky":false,"template":"","format":"standard","meta":[],"categories":[47],"tags":[],"_links":{"self":[{"href":"https:\/\/kraios.app\/news\/wp-json\/wp\/v2\/posts\/15158"}],"collection":[{"href":"https:\/\/kraios.app\/news\/wp-json\/wp\/v2\/posts"}],"about":[{"href":"https:\/\/kraios.app\/news\/wp-json\/wp\/v2\/types\/post"}],"author":[{"embeddable":true,"href":"https:\/\/kraios.app\/news\/wp-json\/wp\/v2\/users\/1"}],"replies":[{"embeddable":true,"href":"https:\/\/kraios.app\/news\/wp-json\/wp\/v2\/comments?post=15158"}],"version-history":[{"count":0,"href":"https:\/\/kraios.app\/news\/wp-json\/wp\/v2\/posts\/15158\/revisions"}],"wp:featuredmedia":[{"embeddable":true,"href":"https:\/\/kraios.app\/news\/wp-json\/wp\/v2\/media\/15159"}],"wp:attachment":[{"href":"https:\/\/kraios.app\/news\/wp-json\/wp\/v2\/media?parent=15158"}],"wp:term":[{"taxonomy":"category","embeddable":true,"href":"https:\/\/kraios.app\/news\/wp-json\/wp\/v2\/categories?post=15158"},{"taxonomy":"post_tag","embeddable":true,"href":"https:\/\/kraios.app\/news\/wp-json\/wp\/v2\/tags?post=15158"}],"curies":[{"name":"wp","href":"https:\/\/api.w.org\/{rel}","templated":true}]}}