{"id":15138,"date":"2023-09-21T21:39:46","date_gmt":"2023-09-21T21:39:46","guid":{"rendered":"https:\/\/kraios.app\/news\/siyaset\/2023\/09\/21\/cumhurbaskani-erdogan-uluslararasi-kamuoyuna-aileyi-guclendirme-mesaji-verdi\/"},"modified":"2023-09-21T21:39:46","modified_gmt":"2023-09-21T21:39:46","slug":"cumhurbaskani-erdogan-uluslararasi-kamuoyuna-aileyi-guclendirme-mesaji-verdi","status":"publish","type":"post","link":"https:\/\/kraios.app\/news\/siyaset\/2023\/09\/21\/cumhurbaskani-erdogan-uluslararasi-kamuoyuna-aileyi-guclendirme-mesaji-verdi\/","title":{"rendered":"Cumhurba\u015fkan\u0131 Erdo\u011fan uluslararas\u0131 kamuoyuna &#8220;aileyi g\u00fc\u00e7lendirme&#8221; mesaj\u0131 verdi"},"content":{"rendered":"<p><\/p>\n<div>\n<p>Birle\u015fmi\u015f Milletler (BM) 78. Genel Kurulu kapsam\u0131nda New York&#8217;ta bulunan Aile ve Sosyal Hizmetler Bakan\u0131 Mahinur \u00d6zdemir G\u00f6kta\u015f, AA muhabirine de\u011ferlendirmelerde bulundu.<\/p>\n<p>G\u00f6kta\u015f, New York&#8217;ta Cumhurba\u015fkan\u0131 Recep Tayyip Erdo\u011fan ve e\u015fi Emine Erdo\u011fan&#8217;\u0131n programlar\u0131na e\u015flik etti\u011fini s\u00f6yledi.<\/p>\n<p>Aile ve Sosyal Hizmetler Bakanl\u0131\u011f\u0131 olarak ilk kez BM Genel Kurulu&#8217;nda bir yan etkinlik d\u00fczenlediklerini kaydeden G\u00f6kta\u015f, &#8220;sosyal refah\u0131n adil payla\u015f\u0131m\u0131n\u0131&#8221; \u00f6n plana \u00e7\u0131kard\u0131klar\u0131n\u0131 vurgulad\u0131.<\/p>\n<p>G\u00f6kta\u015f, &#8220;Biz sosyal refah\u0131 hakikaten \u00e7ok \u00f6nemsiyoruz. Ayn\u0131 zamanda bizim sosyal hizmet modelimizi de anlatmak ve aktarmak i\u00e7in de g\u00fczel bir imkan oldu.&#8221; ifadelerini kulland\u0131.<\/p>\n<p>6 \u015eubat&#8217;ta T\u00fcrkiye&#8217;nin &#8220;asr\u0131n felaketi&#8221;ni ya\u015fad\u0131\u011f\u0131n\u0131 hat\u0131rlatan G\u00f6kta\u015f, hem Kovid-19 salg\u0131n\u0131 esnas\u0131nda hem de 6 \u015eubat&#8217;taki Kahramanmara\u015f merkezli depremler esnas\u0131nda kimseyi geride b\u0131rakmadan t\u00fcm ihtiya\u00e7 sahiplerine ula\u015ft\u0131klar\u0131n\u0131, vatanda\u015flar\u0131n yan\u0131nda olduklar\u0131n\u0131 belirtti.<\/p>\n<p>G\u00f6kta\u015f, bunu bug\u00fcn etkinli\u011fe kat\u0131lan \u00fcst d\u00fczey yetkililere, cumhurba\u015fkan\u0131 e\u015flerine ve di\u011fer \u00fcst d\u00fczey misafirlere anlatma imkan\u0131 bulduklar\u0131n\u0131 ifade etti.<\/p>\n<p><img decoding=\"async\" alt=\"\" src=\"https:\/\/www.aa.com.tr\/uploads\/userFiles\/c9f1ae26-3cf3-4ab4-9d72-230dedd01a4c\/AA-32208987.jpg\"\/><\/p>\n<h3>&#8220;Sosyal hizmet modelimiz insan odakl\u0131 bir model&#8221;<\/h3>\n<p>Bakan G\u00f6kta\u015f, &#8220;Sosyal hizmet modelimiz asl\u0131nda \u00f6rnek, insan odakl\u0131, insan\u0131 merkeze alan bir model. Biz 21 y\u0131ld\u0131r AK Parti iktidarlar\u0131 olarak aileyi, bireyi, kad\u0131nlar\u0131 ve t\u00fcm toplumun g\u00fc\u00e7lendirilmesine y\u00f6nelik politikalar \u00fcrettik ve \u00fcretmeye de devam edece\u011fiz.&#8221; diye konu\u015ftu.<\/p>\n<p>G\u00f6kta\u015f, bu kapsamda BM&#8217;deki yan etkinlikte sosyal hizmet modelini anlatt\u0131klar\u0131n\u0131, t\u00fcm dezavantajl\u0131 gruplara bu hizmeti sunduklar\u0131n\u0131 vurgulad\u0131klar\u0131n\u0131 aktard\u0131.<\/p>\n<p>Yapt\u0131klar\u0131 yan etkinli\u011fin kat\u0131l\u0131mc\u0131lar taraf\u0131ndan b\u00fcy\u00fck takdir toplad\u0131\u011f\u0131na i\u015faret eden G\u00f6kta\u015f, &#8220;Kat\u0131l\u0131mc\u0131lardan (Birle\u015fmi\u015f Milletler N\u00fcfus Fonu) UNFPA temsilcisi de dahil T\u00fcrkiye&#8217;ye gelen (Birle\u015fmi\u015f Milletler \u00c7ocuklara Yard\u0131m Fonu) UNICEF ve di\u011fer yetkililerden \u00e7ok b\u00fcy\u00fck takdir ald\u0131. Her zaman T\u00fcrkiye&#8217;deki yap\u0131lan bu hizmetlerin \u00f6rnek bir hizmet oldu\u011funu da vurgulad\u0131lar.&#8221; ifadelerine yer verdi.<\/p>\n<p>G\u00f6kta\u015f, bunun da hem kendilerine sorumluluk y\u00fckledi\u011fini, hem de yapt\u0131klar\u0131 i\u015fin asl\u0131nda ne kadar k\u0131ymetli oldu\u011funu bir kez daha g\u00f6sterdi\u011fini s\u00f6yledi.<\/p>\n<h3>Cumhurba\u015fkan\u0131 Erdo\u011fan&#8217;\u0131n aileyi g\u00fc\u00e7lendirme mesajlar\u0131n\u0131n \u00f6nemini vurgulad\u0131<\/h3>\n<p>78. BM Genel Kurulu hakk\u0131ndaki de\u011ferlendirmelerini payla\u015fan G\u00f6kta\u015f, &#8220;(Cumhurba\u015fkan\u0131 Erdo\u011fan&#8217;\u0131n) Birle\u015fmi\u015f Milletler&#8217;de yapt\u0131\u011f\u0131 konu\u015fma hakikaten tarihi bir nitelik ta\u015f\u0131yor. Her mesaj\u0131 birbirinden k\u0131ymetliydi. Ayn\u0131 zamanda hem uluslararas\u0131 ihtilaflar\u0131 ele ald\u0131, ayn\u0131 zamanda da bizim toplumumuzu da ilgilendiren ve hassas oldu\u011fumuz noktalar\u0131 da vurgu yapt\u0131.&#8221; diye konu\u015ftu.<\/p>\n<p>G\u00f6kta\u015f, Cumhurba\u015fkan\u0131 Erdo\u011fan&#8217;\u0131n aile vurgusunun \u00f6nemine i\u015faret ederek, Erdo\u011fan&#8217;\u0131n uluslararas\u0131 kamuoyuna &#8220;ailenin yan\u0131nda olma ve aileyi g\u00fc\u00e7lendirme&#8221; mesaj\u0131n\u0131n \u00f6nemini vurgulad\u0131.<\/p>\n<p>Erdo\u011fan&#8217;\u0131n \u00e7ocuk vurgusunun da \u00f6nemli oldu\u011funu aktaran G\u00f6kta\u015f, s\u00fcrekli t\u00fcketmeye y\u00f6nelik bir d\u00fcnyada ya\u015fad\u0131klar\u0131n\u0131, bu nedenle gelecek nesillere daha refah, daha adil bir d\u00fcnya b\u0131rakmak i\u00e7in bu bilin\u00e7le ilerlemeleri gerekti\u011fini belirtti.<\/p>\n<p>Cumhurba\u015fkan\u0131 Erdo\u011fan&#8217;\u0131n &#8220;s\u0131f\u0131r at\u0131k&#8221; vurgusunun da \u00f6nemli oldu\u011funu kaydeden G\u00f6kta\u015f, Erdo\u011fan&#8217;\u0131n \u0131rk\u00e7\u0131l\u0131k, yabanc\u0131 d\u00fc\u015fmanl\u0131\u011f\u0131 ve ayr\u0131mc\u0131l\u0131kla m\u00fccadele konusundaki mesajlar\u0131na dikkati \u00e7ekti.<\/p>\n<h3>&#8220;T\u00fcrkiye Y\u00fczy\u0131l\u0131na yara\u015f\u0131r bir T\u00fcrkiye bug\u00fcn \u00f6n\u00fcm\u00fczde ve bu da bizleri gururland\u0131r\u0131yor&#8221;<\/h3>\n<p>G\u00f6kta\u015f, BM Genel Kurulu kapsam\u0131nda New York&#8217;ta ger\u00e7ekle\u015ftirilen g\u00f6r\u00fc\u015fmelerin &#8220;\u00e7ok kritik&#8221; oldu\u011funu belirtti.<\/p>\n<p>T\u00fcrkiye&#8217;nin, Cumhurba\u015fkan\u0131 Erdo\u011fan&#8217;\u0131n \u00f6nderli\u011finde arabuluculuk, kriz y\u00f6netimi ve ihtilaflarda s\u00f6z sahibi bir \u00fclke oldu\u011funa i\u015faret eden G\u00f6kta\u015f, Erdo\u011fan&#8217;\u0131n New York&#8217;ta ger\u00e7ekle\u015ftirdi\u011fi g\u00f6r\u00fc\u015fmeler arac\u0131l\u0131\u011f\u0131yla g\u00fc\u00e7l\u00fc mesajlar verdi\u011fini ifade etti.<\/p>\n<p>G\u00f6kta\u015f, Erdo\u011fan&#8217;\u0131n g\u00f6r\u00fc\u015ft\u00fc\u011f\u00fc \u00fclkelerin de &#8220;Say\u0131n Cumhurba\u015fkan\u0131m\u0131z, siz buradayken sizin verdi\u011finiz mesajlar bizleri de g\u00fc\u00e7lendiriyor.&#8221; \u015feklinde konu\u015ftuklar\u0131n\u0131 kaydetti.<\/p>\n<p>&#8220;T\u00fcrkiye Y\u00fczy\u0131l\u0131na yara\u015f\u0131r bir T\u00fcrkiye bug\u00fcn \u00f6n\u00fcm\u00fczde ve bu da bizleri gururland\u0131r\u0131yor.&#8221; ifadesini kullanan G\u00f6kta\u015f, Aile ve Sosyal Hizmetler Bakanl\u0131\u011f\u0131 olarak \u00e7ocuk, kad\u0131n, engelli, ya\u015fl\u0131, gazi ve b\u00fct\u00fcn ihtiya\u00e7 sahibi kesimlere do\u011frudan hitap edildi\u011fini s\u00f6yledi.<\/p>\n<p>Bakan G\u00f6kta\u015f, bakanl\u0131k taraf\u0131ndan sa\u011flanan aile e\u011fitimi, evlilik \u00f6ncesi e\u011fitim programlar\u0131 ve aile dan\u0131\u015fma merkezlerine dikkati \u00e7ekerek, &#8220;Aile \u00e7al\u0131\u015ftaylar\u0131m\u0131z\u0131 ba\u015flatt\u0131k. T\u00fcrkiye&#8217;nin 81 ilinde aile bakanl\u0131\u011f\u0131 m\u00fcd\u00fcrlerimizle beraber sivil toplum kurulu\u015flar\u0131, akademisyenler ve toplumun di\u011fer kesimlerini de dahil etti\u011fimiz bir isti\u015fare mekanizmas\u0131 olu\u015fturduk.&#8221; dedi.<\/p>\n<p>Gelecek ay Ankara&#8217;da d\u00fczenlenecek &#8220;aile \u015furas\u0131na&#8221; i\u015faret eden G\u00f6kta\u015f, \u015furan\u0131n akabinde s\u00f6z konusu alanda ger\u00e7ekle\u015ftirilecek politika ve sunulacak hizmetlere y\u00f6n verecek &#8220;aile vizyon belgesinin&#8221; kamuoyuyla payla\u015f\u0131laca\u011f\u0131n\u0131 ifade etti.<\/p>\n<p>                            <span class=\"detay-foto-editor\">&#13;<br \/>\n                                <a href=\"https:\/\/www.aa.com.tr\/tr\/p\/abonelik-talep-formu\/1001\" target=\"_blank\" style=\"font-size:12px; color:#444; text-decoration:none;\" rel=\"noopener\">&#13;<br \/>\n                                    Anadolu Ajans\u0131 web sitesinde, AA Haber Ak\u0131\u015f Sistemi (HAS) \u00fczerinden abonelere sunulan haberler, \u00f6zetlenerek yay\u0131mlanmaktad\u0131r. <b style=\"color:#1897F7\">Abonelik i\u00e7in l\u00fctfen ileti\u015fime ge\u00e7iniz.<\/b>&#13;<br \/>\n                                <\/a>&#13;<br \/>\n                            <\/span>\n                        <\/div>\n<p><script>\n\t  window.fbAsyncInit = function() {\n\t\tFB.init({\n\t\t  appId: '1855843514662870',\n\t\t  status : true, \/\/ check login status\n\t\t  cookie : true, \/\/ enable cookies to allow the server to access the session\n\t\t  xfbml  : true  \/\/ parse XFBML\n\t\t});\n\t  };<\/p>\n<p>\t  (function() {\n\t\tvar e = document.createElement('script');\n\t\te.src=\"https:\/\/connect.facebook.net\/tr_TR\/all.js\";\n\t\te.async = true;\n\t\tdocument.getElementById('fb-root').appendChild(e);\n\t  }());\n    <\/script><\/p>\n","protected":false},"excerpt":{"rendered":"<p>Birle\u015fmi\u015f Milletler (BM) 78. Genel Kurulu kapsam\u0131nda New York&#8217;ta bulunan Aile ve Sosyal Hizmetler Bakan\u0131 Mahinur \u00d6zdemir G\u00f6kta\u015f, AA muhabirine de\u011ferlendirmelerde bulundu. G\u00f6kta\u015f, New York&#8217;ta Cumhurba\u015fkan\u0131 Recep Tayyip Erdo\u011fan ve e\u015fi Emine Erdo\u011fan&#8217;\u0131n programlar\u0131na e\u015flik etti\u011fini s\u00f6yledi. Aile ve Sosyal Hizmetler Bakanl\u0131\u011f\u0131 olarak ilk kez BM Genel Kurulu&#8217;nda bir yan etkinlik d\u00fczenlediklerini kaydeden G\u00f6kta\u015f, &#8220;sosyal [&hellip;]<\/p>\n","protected":false},"author":1,"featured_media":15139,"comment_status":"","ping_status":"","sticky":false,"template":"","format":"standard","meta":[],"categories":[47],"tags":[],"_links":{"self":[{"href":"https:\/\/kraios.app\/news\/wp-json\/wp\/v2\/posts\/15138"}],"collection":[{"href":"https:\/\/kraios.app\/news\/wp-json\/wp\/v2\/posts"}],"about":[{"href":"https:\/\/kraios.app\/news\/wp-json\/wp\/v2\/types\/post"}],"author":[{"embeddable":true,"href":"https:\/\/kraios.app\/news\/wp-json\/wp\/v2\/users\/1"}],"replies":[{"embeddable":true,"href":"https:\/\/kraios.app\/news\/wp-json\/wp\/v2\/comments?post=15138"}],"version-history":[{"count":0,"href":"https:\/\/kraios.app\/news\/wp-json\/wp\/v2\/posts\/15138\/revisions"}],"wp:featuredmedia":[{"embeddable":true,"href":"https:\/\/kraios.app\/news\/wp-json\/wp\/v2\/media\/15139"}],"wp:attachment":[{"href":"https:\/\/kraios.app\/news\/wp-json\/wp\/v2\/media?parent=15138"}],"wp:term":[{"taxonomy":"category","embeddable":true,"href":"https:\/\/kraios.app\/news\/wp-json\/wp\/v2\/categories?post=15138"},{"taxonomy":"post_tag","embeddable":true,"href":"https:\/\/kraios.app\/news\/wp-json\/wp\/v2\/tags?post=15138"}],"curies":[{"name":"wp","href":"https:\/\/api.w.org\/{rel}","templated":true}]}}