{"id":15119,"date":"2023-09-21T11:46:24","date_gmt":"2023-09-21T11:46:24","guid":{"rendered":"https:\/\/kraios.app\/news\/siyaset\/2023\/09\/21\/biz-genclerimizin-emrindeyiz-her-zaman-onlarin-yanindayiz\/"},"modified":"2023-09-21T11:46:24","modified_gmt":"2023-09-21T11:46:24","slug":"biz-genclerimizin-emrindeyiz-her-zaman-onlarin-yanindayiz","status":"publish","type":"post","link":"https:\/\/kraios.app\/news\/siyaset\/2023\/09\/21\/biz-genclerimizin-emrindeyiz-her-zaman-onlarin-yanindayiz\/","title":{"rendered":"Biz gen\u00e7lerimizin emrindeyiz. Her zaman onlar\u0131n yan\u0131nday\u0131z"},"content":{"rendered":"<p><\/p>\n<div>\n<p><strong>Gen\u00e7lik ve Spor Bakan\u0131 Osman A\u015fk\u0131n Bak, \u0130stanbul Gen\u00e7lik Oyunlar\u0131 Lansman<\/strong>\u0131&#8217;na kat\u0131ld\u0131.<\/p>\n<p>Ba\u015fak\u015fehir Belediyesi&#8217;nde ger\u00e7ekle\u015ftirilen programda, Bakan Bak&#8217;\u0131n yan\u0131 s\u0131ra \u0130stanbul Valisi Davut G\u00fcl, Ba\u015fak\u015fehir Belediye Ba\u015fkan\u0131 Yasin Karto\u011flu ve davetliler yer ald\u0131.<\/p>\n<p>Programda konu\u015fan Bakan Bak, \u0130stanbul Gen\u00e7lik Oyunlar\u0131&#8217;n\u0131n destek\u00e7isi olarak daha da b\u00fcy\u00fcmesini arzu etti\u011fini belirterek, &#8220;Ba\u015flang\u0131c\u0131ndan bu yana b\u00fcy\u00fcyen ve geli\u015fen bu projenin her zaman yan\u0131nday\u0131z. Bu proje gen\u00e7lerimizin dayan\u0131\u015fmas\u0131n\u0131, ileti\u015fimini, \u00e7evreye olan duyarl\u0131l\u0131klar\u0131n\u0131 ve sorumluklar\u0131n\u0131 art\u0131r\u0131yor. Burada g\u00fczel bir enerji var. \u0130stanbul Gen\u00e7lik Oyunlar\u0131\u2019na ge\u00e7en y\u0131l 155 bin gen\u00e7 kat\u0131l\u0131m sa\u011flad\u0131. Bu g\u00fc\u00e7l\u00fc bir organizasyon oldu\u011fu anlam\u0131na geliyor. Bu y\u0131lki hedef 200 bin gence ula\u015fmak.&#8221; diye konu\u015ftu.<\/p>\n<p>B\u00fct\u00fcn tesislerin gen\u00e7lerin hizmetinde oldu\u011funu vurgulayan Bakan Bak, &#8220;Biz gen\u00e7lerimizin emrindeyiz. Her zaman onlar\u0131n yan\u0131nday\u0131z. T\u00fcrkiye gen\u00e7 n\u00fcfusa sahip g\u00fc\u00e7l\u00fc bir \u00fclke. Gen\u00e7lik ve spor olarak \u00e7ok \u015fansl\u0131y\u0131z. Cumhurba\u015fkan\u0131m\u0131z sporun i\u00e7erisinden gelen birisi. Sporun ve gen\u00e7lerin ne kadar \u00f6nemli oldu\u011funu \u00e7ok iyi bilen birisi. Gen\u00e7lerimiz sporu \u00e7ok seviyor ve sporla i\u00e7 i\u00e7e. Spor ve tesis altyap\u0131m\u0131z \u00e7ok g\u00fc\u00e7l\u00fc. Avrupa\u2019n\u0131n en gen\u00e7 tesislerine sahibiz. Bu da bizi \u00f6n plana \u00e7\u0131kar\u0131yor.&#8221; de\u011ferlendirmesinde bulundu.<\/p>\n<p>Bakanl\u0131k olarak T\u00fcrkiye genelinde belediyelerle beraber spor tesisleri a\u00e7t\u0131klar\u0131n\u0131 dile getiren Bakan Bak, \u015fu ifadeleri kulland\u0131:<\/p>\n<p>&#8220;Ailelerimiz gen\u00e7lerimizi spor tesislerine getirmeli. B\u00fct\u00fcn spor tesisleri gen\u00e7lerimizin emrinde. Altyap\u0131m\u0131z buna haz\u0131r. Bakanl\u0131k olarak en b\u00fcy\u00fck hedefimiz ba\u011f\u0131ml\u0131l\u0131kla, uyu\u015fturucuyla m\u00fccadele. \u0130\u015fte burada en \u00f6nemli unsur spor. \u00d6zellikle okullardaki sporun yay\u0131lmas\u0131 i\u00e7in valili\u011fimiz, belediyelerimiz, yetkililerimiz yo\u011fun mesai harc\u0131yor. Ailelerimize sesleniyorum. Gen\u00e7lerimizle konu\u015fun, onlarla ilgilenin ve onlar\u0131 spor salonlar\u0131na, y\u00fczme havuzlar\u0131na ve futbol sahalar\u0131na getirin. Gen\u00e7lerimizin k\u00f6t\u00fc al\u0131\u015fkanl\u0131klardan uzak durmas\u0131 i\u00e7in her zaman emrinizdeyiz.&#8221;<\/p>\n<p>\u0130stanbul Valisi Davut G\u00fcl ise konu\u015fmas\u0131nda, &#8220;\u0130nan\u0131yorum ki bakanl\u0131\u011f\u0131m\u0131z \u00f6nc\u00fcl\u00fc\u011f\u00fcnde bug\u00fcn\u00fcm\u00fcz d\u00fcnden, yar\u0131n\u0131m\u0131z ise bug\u00fcn\u00fcm\u00fczden daha g\u00fczel olacak.&#8221; dedi.<\/p>\n<p>Lansmanda yapt\u0131klar\u0131 \u00e7al\u0131\u015fmalar hakk\u0131nda bilgi veren Ba\u015fak\u015fehir Belediye Ba\u015fkan\u0131 Yasin Karto\u011flu ise \u0130stanbul Gen\u00e7lik Oyunlar\u0131&#8217;nda, bu y\u0131l 4 farkl\u0131 kategoride ve 34 bran\u015fta ger\u00e7ekle\u015ftirilecek m\u00fcsabakalara yakla\u015f\u0131k 200 bin gencin kat\u0131lmas\u0131n\u0131 beklediklerini s\u00f6yledi.<\/p>\n<p>\u0130stanbul Gen\u00e7lik Oyunlar\u0131\u2019nda kay\u0131tlar 25 Eyl\u00fcl\u2019den itibaren yap\u0131lacak. B\u00fcy\u00fck bir heyecana ve m\u00fccadeleye sahne olacak oyunlar ise 9 Ekim\u2019de ba\u015flayacak.<\/p>\n<p>                            <span class=\"detay-foto-editor\">&#13;<br \/>\n                                <a href=\"https:\/\/www.aa.com.tr\/tr\/p\/abonelik-talep-formu\/1001\" target=\"_blank\" style=\"font-size:12px; color:#444; text-decoration:none;\" rel=\"noopener\">&#13;<br \/>\n                                    Anadolu Ajans\u0131 web sitesinde, AA Haber Ak\u0131\u015f Sistemi (HAS) \u00fczerinden abonelere sunulan haberler, \u00f6zetlenerek yay\u0131mlanmaktad\u0131r. <b style=\"color:#1897F7\">Abonelik i\u00e7in l\u00fctfen ileti\u015fime ge\u00e7iniz.<\/b>&#13;<br \/>\n                                <\/a>&#13;<br \/>\n                            <\/span>\n                        <\/div>\n<p><script>\n\t  window.fbAsyncInit = function() {\n\t\tFB.init({\n\t\t  appId: '1855843514662870',\n\t\t  status : true, \/\/ check login status\n\t\t  cookie : true, \/\/ enable cookies to allow the server to access the session\n\t\t  xfbml  : true  \/\/ parse XFBML\n\t\t});\n\t  };<\/p>\n<p>\t  (function() {\n\t\tvar e = document.createElement('script');\n\t\te.src=\"https:\/\/connect.facebook.net\/tr_TR\/all.js\";\n\t\te.async = true;\n\t\tdocument.getElementById('fb-root').appendChild(e);\n\t  }());\n    <\/script><\/p>\n","protected":false},"excerpt":{"rendered":"<p>Gen\u00e7lik ve Spor Bakan\u0131 Osman A\u015fk\u0131n Bak, \u0130stanbul Gen\u00e7lik Oyunlar\u0131 Lansman\u0131&#8217;na kat\u0131ld\u0131. Ba\u015fak\u015fehir Belediyesi&#8217;nde ger\u00e7ekle\u015ftirilen programda, Bakan Bak&#8217;\u0131n yan\u0131 s\u0131ra \u0130stanbul Valisi Davut G\u00fcl, Ba\u015fak\u015fehir Belediye Ba\u015fkan\u0131 Yasin Karto\u011flu ve davetliler yer ald\u0131. Programda konu\u015fan Bakan Bak, \u0130stanbul Gen\u00e7lik Oyunlar\u0131&#8217;n\u0131n destek\u00e7isi olarak daha da b\u00fcy\u00fcmesini arzu etti\u011fini belirterek, &#8220;Ba\u015flang\u0131c\u0131ndan bu yana b\u00fcy\u00fcyen ve geli\u015fen bu [&hellip;]<\/p>\n","protected":false},"author":1,"featured_media":15120,"comment_status":"","ping_status":"","sticky":false,"template":"","format":"standard","meta":[],"categories":[47],"tags":[],"_links":{"self":[{"href":"https:\/\/kraios.app\/news\/wp-json\/wp\/v2\/posts\/15119"}],"collection":[{"href":"https:\/\/kraios.app\/news\/wp-json\/wp\/v2\/posts"}],"about":[{"href":"https:\/\/kraios.app\/news\/wp-json\/wp\/v2\/types\/post"}],"author":[{"embeddable":true,"href":"https:\/\/kraios.app\/news\/wp-json\/wp\/v2\/users\/1"}],"replies":[{"embeddable":true,"href":"https:\/\/kraios.app\/news\/wp-json\/wp\/v2\/comments?post=15119"}],"version-history":[{"count":0,"href":"https:\/\/kraios.app\/news\/wp-json\/wp\/v2\/posts\/15119\/revisions"}],"wp:featuredmedia":[{"embeddable":true,"href":"https:\/\/kraios.app\/news\/wp-json\/wp\/v2\/media\/15120"}],"wp:attachment":[{"href":"https:\/\/kraios.app\/news\/wp-json\/wp\/v2\/media?parent=15119"}],"wp:term":[{"taxonomy":"category","embeddable":true,"href":"https:\/\/kraios.app\/news\/wp-json\/wp\/v2\/categories?post=15119"},{"taxonomy":"post_tag","embeddable":true,"href":"https:\/\/kraios.app\/news\/wp-json\/wp\/v2\/tags?post=15119"}],"curies":[{"name":"wp","href":"https:\/\/api.w.org\/{rel}","templated":true}]}}