{"id":15101,"date":"2023-09-21T08:42:54","date_gmt":"2023-09-21T08:42:54","guid":{"rendered":"https:\/\/kraios.app\/news\/siyaset\/2023\/09\/21\/tbmmye-fenerbahcenin-saha-dizilisinin-degistirilmesi-basvurusu\/"},"modified":"2023-09-21T08:42:54","modified_gmt":"2023-09-21T08:42:54","slug":"tbmmye-fenerbahcenin-saha-dizilisinin-degistirilmesi-basvurusu","status":"publish","type":"post","link":"https:\/\/kraios.app\/news\/siyaset\/2023\/09\/21\/tbmmye-fenerbahcenin-saha-dizilisinin-degistirilmesi-basvurusu\/","title":{"rendered":"TBMM&#039;ye &quot;Fenerbah\u00e7e&#039;nin saha dizili\u015finin de\u011fi\u015ftirilmesi&quot; ba\u015fvurusu"},"content":{"rendered":"<p>TBMM Dilek\u00e7e Komisyonuna vatanda\u015flar taraf\u0131ndan y\u00fczlerce ilgin\u00e7 ba\u015fvuru yap\u0131ld\u0131. Ba\u015fvurular aras\u0131nda Fenerbah\u00e7e&#8217;nin dizili\u015f takti\u011finin de\u011fi\u015ftirilmesi gibi birbirinden dikkat \u00e7ekici talepler yer ald\u0131.<\/p>\n","protected":false},"excerpt":{"rendered":"<p>TBMM Dilek\u00e7e Komisyonuna vatanda\u015flar taraf\u0131ndan y\u00fczlerce ilgin\u00e7 ba\u015fvuru yap\u0131ld\u0131. Ba\u015fvurular aras\u0131nda Fenerbah\u00e7e&#8217;nin dizili\u015f takti\u011finin de\u011fi\u015ftirilmesi gibi birbirinden dikkat \u00e7ekici talepler yer ald\u0131.<\/p>\n","protected":false},"author":1,"featured_media":15102,"comment_status":"","ping_status":"","sticky":false,"template":"","format":"standard","meta":[],"categories":[47],"tags":[],"_links":{"self":[{"href":"https:\/\/kraios.app\/news\/wp-json\/wp\/v2\/posts\/15101"}],"collection":[{"href":"https:\/\/kraios.app\/news\/wp-json\/wp\/v2\/posts"}],"about":[{"href":"https:\/\/kraios.app\/news\/wp-json\/wp\/v2\/types\/post"}],"author":[{"embeddable":true,"href":"https:\/\/kraios.app\/news\/wp-json\/wp\/v2\/users\/1"}],"replies":[{"embeddable":true,"href":"https:\/\/kraios.app\/news\/wp-json\/wp\/v2\/comments?post=15101"}],"version-history":[{"count":0,"href":"https:\/\/kraios.app\/news\/wp-json\/wp\/v2\/posts\/15101\/revisions"}],"wp:featuredmedia":[{"embeddable":true,"href":"https:\/\/kraios.app\/news\/wp-json\/wp\/v2\/media\/15102"}],"wp:attachment":[{"href":"https:\/\/kraios.app\/news\/wp-json\/wp\/v2\/media?parent=15101"}],"wp:term":[{"taxonomy":"category","embeddable":true,"href":"https:\/\/kraios.app\/news\/wp-json\/wp\/v2\/categories?post=15101"},{"taxonomy":"post_tag","embeddable":true,"href":"https:\/\/kraios.app\/news\/wp-json\/wp\/v2\/tags?post=15101"}],"curies":[{"name":"wp","href":"https:\/\/api.w.org\/{rel}","templated":true}]}}