{"id":15080,"date":"2023-09-21T05:42:16","date_gmt":"2023-09-21T05:42:16","guid":{"rendered":"https:\/\/kraios.app\/news\/siyaset\/2023\/09\/21\/cumhurbaskani-erdogan-abdden-ayrildi\/"},"modified":"2023-09-21T05:42:16","modified_gmt":"2023-09-21T05:42:16","slug":"cumhurbaskani-erdogan-abdden-ayrildi","status":"publish","type":"post","link":"https:\/\/kraios.app\/news\/siyaset\/2023\/09\/21\/cumhurbaskani-erdogan-abdden-ayrildi\/","title":{"rendered":"Cumhurba\u015fkan\u0131 Erdo\u011fan, ABD&#039;den ayr\u0131ld\u0131"},"content":{"rendered":"<p>Cumhurba\u015fkan\u0131 Recep Tayyip Erdo\u011fan, Birle\u015fmi\u015f Milletler 78. Genel Kurulu temaslar\u0131n\u0131 tamamlamas\u0131n\u0131n ard\u0131ndan \u00f6zel u\u00e7ak &#8220;TC-TRK&#8221; ile TS\u0130 05.25&#8217;te T\u00fcrkiye&#8217;ye hareket etti.<\/p>\n","protected":false},"excerpt":{"rendered":"<p>Cumhurba\u015fkan\u0131 Recep Tayyip Erdo\u011fan, Birle\u015fmi\u015f Milletler 78. Genel Kurulu temaslar\u0131n\u0131 tamamlamas\u0131n\u0131n ard\u0131ndan \u00f6zel u\u00e7ak &#8220;TC-TRK&#8221; ile TS\u0130 05.25&#8217;te T\u00fcrkiye&#8217;ye hareket etti.<\/p>\n","protected":false},"author":1,"featured_media":15082,"comment_status":"","ping_status":"","sticky":false,"template":"","format":"standard","meta":[],"categories":[47],"tags":[],"_links":{"self":[{"href":"https:\/\/kraios.app\/news\/wp-json\/wp\/v2\/posts\/15080"}],"collection":[{"href":"https:\/\/kraios.app\/news\/wp-json\/wp\/v2\/posts"}],"about":[{"href":"https:\/\/kraios.app\/news\/wp-json\/wp\/v2\/types\/post"}],"author":[{"embeddable":true,"href":"https:\/\/kraios.app\/news\/wp-json\/wp\/v2\/users\/1"}],"replies":[{"embeddable":true,"href":"https:\/\/kraios.app\/news\/wp-json\/wp\/v2\/comments?post=15080"}],"version-history":[{"count":0,"href":"https:\/\/kraios.app\/news\/wp-json\/wp\/v2\/posts\/15080\/revisions"}],"wp:featuredmedia":[{"embeddable":true,"href":"https:\/\/kraios.app\/news\/wp-json\/wp\/v2\/media\/15082"}],"wp:attachment":[{"href":"https:\/\/kraios.app\/news\/wp-json\/wp\/v2\/media?parent=15080"}],"wp:term":[{"taxonomy":"category","embeddable":true,"href":"https:\/\/kraios.app\/news\/wp-json\/wp\/v2\/categories?post=15080"},{"taxonomy":"post_tag","embeddable":true,"href":"https:\/\/kraios.app\/news\/wp-json\/wp\/v2\/tags?post=15080"}],"curies":[{"name":"wp","href":"https:\/\/api.w.org\/{rel}","templated":true}]}}