{"id":15040,"date":"2023-09-20T11:19:00","date_gmt":"2023-09-20T11:19:00","guid":{"rendered":"https:\/\/kraios.app\/news\/siyaset\/2023\/09\/20\/mhpnin-yeni-donemde-onceligi-anayasa\/"},"modified":"2023-09-20T11:19:00","modified_gmt":"2023-09-20T11:19:00","slug":"mhpnin-yeni-donemde-onceligi-anayasa","status":"publish","type":"post","link":"https:\/\/kraios.app\/news\/siyaset\/2023\/09\/20\/mhpnin-yeni-donemde-onceligi-anayasa\/","title":{"rendered":"MHP&#8217;nin yeni d\u00f6nemde \u00f6nceli\u011fi &#8220;anayasa&#8221;"},"content":{"rendered":"<p><\/p>\n<div>\n<p>MHP taraf\u0131ndan &#8220;Milli ve Stratejik G\u00fcc\u00fcm\u00fcz Cumhurba\u015fkanl\u0131\u011f\u0131 H\u00fck\u00fcmet Sisteminin Be\u015f Y\u0131ll\u0131k Birinci D\u00f6nemi&#8221; ba\u015fl\u0131\u011f\u0131yla kitap haz\u0131rland\u0131.<\/p>\n<p>Sistemin hukuken ve fiilen uyguland\u0131\u011f\u0131 5 y\u0131ll\u0131k birinci d\u00f6nemine ili\u015fkin tespit ve de\u011ferlendirmeleri i\u00e7eren kitapta, demokrasilerde h\u00fck\u00fcmet sistemleri, T\u00fcrkiye&#8217;de parlamenter sistem d\u00f6neminde ya\u015fanan sorunlar, sistemin in\u015fas\u0131na ili\u015fkin s\u00fcre\u00e7ler anlat\u0131ld\u0131.<\/p>\n<p>Kitapta, Cumhurba\u015fkanl\u0131\u011f\u0131 H\u00fck\u00fcmet Sistemi&#8217;nin bu s\u00fcre\u00e7te reform ad\u0131mlar\u0131, ter\u00f6rle m\u00fccadele ile ekonomik ve d\u0131\u015f politika geli\u015fmelerinde sa\u011flad\u0131\u011f\u0131 katk\u0131ya yer verildi.<\/p>\n<h3>T\u00fcrkiye yeni anayasa i\u00e7in uygun ve sa\u011fl\u0131kl\u0131 bir iklime sahip<\/h3>\n<p>Sistemin b\u00fct\u00fcn kurum ve kurallar\u0131yla yerle\u015fmesi i\u00e7in yeni anayasan\u0131n at\u0131lacak en \u00f6nemli ad\u0131m olarak g\u00f6r\u00fcld\u00fc\u011f\u00fc kitapta, T\u00fcrkiye&#8217;nin, \u00e7at\u0131s\u0131 ba\u015fkanl\u0131k sisteminin ana ilkelerince \u00f6r\u00fclen, milli ve manevi de\u011ferlerden ilham alan, yaln\u0131zca kendine \u00f6zg\u00fc yeni bir anayasaya kavu\u015fmas\u0131 gerekti\u011finin alt\u0131 \u00e7izildi.<\/p>\n<p>Kitapta, T\u00fcrkiye&#8217;nin, yakalad\u0131\u011f\u0131 siyasi istikrar, demokrasi tecr\u00fcbesi ve t\u00fcm toplum kesimlerinin mevcut anayasan\u0131n darbe \u00fcr\u00fcn\u00fc olma vasf\u0131n\u0131 ele\u015ftiren yakla\u015f\u0131m\u0131 sonucunda yeni bir anayasa yap\u0131lmas\u0131 i\u00e7in uygun ve sa\u011fl\u0131kl\u0131 bir iklime sahip oldu\u011funa dikkati \u00e7ekildi.<\/p>\n<p>MHP&#8217;nin 4 May\u0131s 2021&#8217;de &#8220;Cumhuriyetin 100. y\u0131l\u0131nda 100 maddelik Anayasa&#8221; \u00f6nerisini kamuoyuna duyurdu\u011fu, AK Parti&#8217;nin de 1 \u015eubat 2021&#8217;de Cumhurba\u015fkan\u0131 Recep Tayyip Erdo\u011fan&#8217;\u0131n yeni anayasa \u00e7a\u011fr\u0131s\u0131 do\u011frultusunda yeni anayasa haz\u0131rl\u0131\u011f\u0131n\u0131n tamamland\u0131\u011f\u0131n\u0131 a\u00e7\u0131klad\u0131\u011f\u0131 an\u0131msat\u0131lan kitapta, &#8220;Cumhur \u0130ttifak\u0131, birlikte kararla\u015ft\u0131raca\u011f\u0131 yeni anayasa tasla\u011f\u0131n\u0131 kamuoyunun bilgisine sunacak ve b\u00f6ylece MHP&#8217;nin 1999&#8217;da s\u00f6yledi\u011fi &#8217;21. y\u00fczy\u0131lda yeni anayasa&#8217; hedefi de yerine getirilmi\u015f olacakt\u0131r.&#8221; ifadelerine yer verildi.<\/p>\n<h3>Teklifin ilk \u00e7\u0131k\u0131\u015f noktas\u0131<\/h3>\n<p>MHP Genel Ba\u015fkan Yard\u0131mc\u0131s\u0131 \u0130smail \u00d6zdemir, yeni anayasa s\u00fcreciyle ilgili AA muhabirine yapt\u0131\u011f\u0131 a\u00e7\u0131klamada, MHP&#8217;nin 1999&#8217;da TBMM&#8217;ye 129 milletvekiliyle girdi\u011fi d\u00f6nemde de &#8220;T\u00fcrkiye&#8217;nin sivil anlay\u0131\u015fla yeni bir anayasa yapmas\u0131 gerekti\u011fini&#8221; ifade etti\u011fini, bunu &#8220;21. y\u00fczy\u0131lda yeni anayasa&#8221; ba\u015fl\u0131\u011f\u0131yla duyurdu\u011funu s\u00f6yledi.<\/p>\n<p>\u00d6zdemir, bu \u00f6nerinin, MHP Genel Ba\u015fkan\u0131 Devlet Bah\u00e7eli&#8217;nin 4 May\u0131s 2021&#8217;de duyurdu\u011fu, &#8220;Cumhuriyetin 100. y\u0131l\u0131nda 100 maddelik anayasa&#8221; tekliflerinin de ilk \u00e7\u0131k\u0131\u015f noktas\u0131 oldu\u011funu belirterek, \u015f\u00f6yle devam etti:<\/p>\n<p>&#8220;O g\u00f6r\u00fc\u015f\u00fcm\u00fcz\u00fcn arkas\u0131nda olmak suretiyle bug\u00fcnlere dair haz\u0131rl\u0131\u011f\u0131m\u0131z\u0131 yapt\u0131k. Haz\u0131rl\u0131\u011f\u0131m\u0131z\u0131n esas\u0131nda da Cumhurba\u015fkanl\u0131\u011f\u0131 H\u00fck\u00fcmet Sistemi vard\u0131. Yeni bir anayasan\u0131n T\u00fcrkiye&#8217;ye kazand\u0131r\u0131lmas\u0131 gerekti\u011fine inan\u0131yoruz. Bunun \u00f6ncelikli sebebi, Cumhurba\u015fkanl\u0131\u011f\u0131 H\u00fck\u00fcmet Sisteminin t\u00fcm kurum ve kurallar\u0131yla daha da yerle\u015fik hale gelip, k\u00f6k salmas\u0131na vesile olmas\u0131, anayasada toplumsal uzla\u015f\u0131n\u0131n tesisiyle birlikte T\u00fcrk milletinin ve T\u00fcrkiye Cumhuriyeti devletinin 21. y\u00fczy\u0131ldaki ihtiya\u00e7lar\u0131n\u0131n kar\u015f\u0131lanmas\u0131. 100 maddelik anayasa \u00e7al\u0131\u015fmas\u0131n\u0131 Cumhur \u0130ttifak\u0131 orta\u011f\u0131m\u0131z AK Parti ile payla\u015fm\u0131\u015ft\u0131k. Onlar kendi anayasa \u00e7al\u0131\u015fmalar\u0131n\u0131 yapt\u0131lar. \u00d6n\u00fcm\u00fczdeki s\u00fcre\u00e7te de Meclis b\u00fcnyesinde bu manadaki \u00e7al\u0131\u015fmalar\u0131n neler olabilece\u011fiyle alakal\u0131 \u00e7a\u011fr\u0131y\u0131 da Say\u0131n Cumhurba\u015fkan\u0131m\u0131z b\u00fct\u00fcn siyasi partilere yapt\u0131. Biz de yapt\u0131k. 1 Ekim&#8217;de Meclis a\u00e7\u0131ld\u0131ktan sonra bu g\u00fcndeme di\u011fer siyasi partiler nas\u0131l cevap verecekler, onu bekleyip g\u00f6rmek laz\u0131m.&#8221;<\/p>\n<p>                            <span class=\"detay-foto-editor\">&#13;<br \/>\n                                <a href=\"https:\/\/www.aa.com.tr\/tr\/p\/abonelik-talep-formu\/1001\" target=\"_blank\" style=\"font-size:12px; color:#444; text-decoration:none;\" rel=\"noopener\">&#13;<br \/>\n                                    Anadolu Ajans\u0131 web sitesinde, AA Haber Ak\u0131\u015f Sistemi (HAS) \u00fczerinden abonelere sunulan haberler, \u00f6zetlenerek yay\u0131mlanmaktad\u0131r. <b style=\"color:#1897F7\">Abonelik i\u00e7in l\u00fctfen ileti\u015fime ge\u00e7iniz.<\/b>&#13;<br \/>\n                                <\/a>&#13;<br \/>\n                            <\/span>\n                        <\/div>\n<p><script>\n\t  window.fbAsyncInit = function() {\n\t\tFB.init({\n\t\t  appId: '1855843514662870',\n\t\t  status : true, \/\/ check login status\n\t\t  cookie : true, \/\/ enable cookies to allow the server to access the session\n\t\t  xfbml  : true  \/\/ parse XFBML\n\t\t});\n\t  };<\/p>\n<p>\t  (function() {\n\t\tvar e = document.createElement('script');\n\t\te.src=\"https:\/\/connect.facebook.net\/tr_TR\/all.js\";\n\t\te.async = true;\n\t\tdocument.getElementById('fb-root').appendChild(e);\n\t  }());\n    <\/script><\/p>\n","protected":false},"excerpt":{"rendered":"<p>MHP taraf\u0131ndan &#8220;Milli ve Stratejik G\u00fcc\u00fcm\u00fcz Cumhurba\u015fkanl\u0131\u011f\u0131 H\u00fck\u00fcmet Sisteminin Be\u015f Y\u0131ll\u0131k Birinci D\u00f6nemi&#8221; ba\u015fl\u0131\u011f\u0131yla kitap haz\u0131rland\u0131. Sistemin hukuken ve fiilen uyguland\u0131\u011f\u0131 5 y\u0131ll\u0131k birinci d\u00f6nemine ili\u015fkin tespit ve de\u011ferlendirmeleri i\u00e7eren kitapta, demokrasilerde h\u00fck\u00fcmet sistemleri, T\u00fcrkiye&#8217;de parlamenter sistem d\u00f6neminde ya\u015fanan sorunlar, sistemin in\u015fas\u0131na ili\u015fkin s\u00fcre\u00e7ler anlat\u0131ld\u0131. Kitapta, Cumhurba\u015fkanl\u0131\u011f\u0131 H\u00fck\u00fcmet Sistemi&#8217;nin bu s\u00fcre\u00e7te reform ad\u0131mlar\u0131, ter\u00f6rle m\u00fccadele [&hellip;]<\/p>\n","protected":false},"author":1,"featured_media":15041,"comment_status":"","ping_status":"","sticky":false,"template":"","format":"standard","meta":[],"categories":[47],"tags":[],"_links":{"self":[{"href":"https:\/\/kraios.app\/news\/wp-json\/wp\/v2\/posts\/15040"}],"collection":[{"href":"https:\/\/kraios.app\/news\/wp-json\/wp\/v2\/posts"}],"about":[{"href":"https:\/\/kraios.app\/news\/wp-json\/wp\/v2\/types\/post"}],"author":[{"embeddable":true,"href":"https:\/\/kraios.app\/news\/wp-json\/wp\/v2\/users\/1"}],"replies":[{"embeddable":true,"href":"https:\/\/kraios.app\/news\/wp-json\/wp\/v2\/comments?post=15040"}],"version-history":[{"count":0,"href":"https:\/\/kraios.app\/news\/wp-json\/wp\/v2\/posts\/15040\/revisions"}],"wp:featuredmedia":[{"embeddable":true,"href":"https:\/\/kraios.app\/news\/wp-json\/wp\/v2\/media\/15041"}],"wp:attachment":[{"href":"https:\/\/kraios.app\/news\/wp-json\/wp\/v2\/media?parent=15040"}],"wp:term":[{"taxonomy":"category","embeddable":true,"href":"https:\/\/kraios.app\/news\/wp-json\/wp\/v2\/categories?post=15040"},{"taxonomy":"post_tag","embeddable":true,"href":"https:\/\/kraios.app\/news\/wp-json\/wp\/v2\/tags?post=15040"}],"curies":[{"name":"wp","href":"https:\/\/api.w.org\/{rel}","templated":true}]}}