{"id":14723,"date":"2023-09-19T14:59:11","date_gmt":"2023-09-19T14:59:11","guid":{"rendered":"https:\/\/kraios.app\/news\/siyaset\/2023\/09\/19\/ak-parti-yerel-yonetimlerde-yenilikci-sosyal-politikalar-calistayi-duzenleyecek\/"},"modified":"2023-09-19T14:59:11","modified_gmt":"2023-09-19T14:59:11","slug":"ak-parti-yerel-yonetimlerde-yenilikci-sosyal-politikalar-calistayi-duzenleyecek","status":"publish","type":"post","link":"https:\/\/kraios.app\/news\/siyaset\/2023\/09\/19\/ak-parti-yerel-yonetimlerde-yenilikci-sosyal-politikalar-calistayi-duzenleyecek\/","title":{"rendered":"AK Parti &#8220;Yerel Y\u00f6netimlerde Yenilik\u00e7i Sosyal Politikalar \u00c7al\u0131\u015ftay\u0131&#8221; d\u00fczenleyecek"},"content":{"rendered":"<p><\/p>\n<div>\n<p>AK Parti&#8217;den yap\u0131lan a\u00e7\u0131klamada, Genel Merkez Sosyal Politikalar Ba\u015fkanl\u0131\u011f\u0131, AR-GE ve E\u011fitim Ba\u015fkanl\u0131\u011f\u0131, Yerel Y\u00f6netimler Ba\u015fkanl\u0131\u011f\u0131nca SETA ile d\u00fczenlenecek \u00e7al\u0131\u015ftay\u0131n, parti genel merkezinde ger\u00e7ekle\u015ftirilece\u011fi bildirildi.<\/p>\n<p>&#8220;Yerel kalk\u0131nma ba\u015fl\u0131yor&#8221; slogan\u0131yla 2004&#8217;te ba\u015flayan AK Belediyecilik anlay\u0131\u015f\u0131n\u0131n, T\u00fcrkiye&#8217;nin g\u00fcndemi de\u011fi\u015ftik\u00e7e daha ileriye ta\u015f\u0131nd\u0131\u011f\u0131 belirtilen a\u00e7\u0131klamada, &#8220;Yeni \u015eehircilik&#8221; vizyonuyla altyap\u0131 ve ula\u015f\u0131m d\u00fczenlemesinden \u00e7evre dostu \u015fehirlere, kad\u0131n dostu \u015fehirlerden engelsiz \u015fehirlere her alanda, daha ayr\u0131nt\u0131l\u0131 yat\u0131r\u0131mlar\u0131n hayata ge\u00e7irildi\u011fi kaydedildi.<\/p>\n<p>AK Parti&#8217;nin her \u015fehri &#8220;Marka \u015eehir&#8221; haline d\u00f6n\u00fc\u015ft\u00fcrmek i\u00e7in \u00e7al\u0131\u015ft\u0131\u011f\u0131 anlat\u0131lan a\u00e7\u0131klamada, ekonomi ve k\u00fclt\u00fcr ba\u015fta olmak \u00fczere \u015fehir kaynaklar\u0131n\u0131 iyi kullanarak, potansiyeli olan her kentin kendi katma de\u011ferini \u00fcretir hale getirildi\u011fi aktar\u0131ld\u0131.<\/p>\n<p>&#8220;G\u00f6n\u00fclden, s\u00fcrd\u00fcr\u00fclebilir kapsay\u0131c\u0131&#8221; sosyal politika uygulamalar\u0131yla 85 milyon vatanda\u015f\u0131n her birine hizmet edecek \u015fekilde &#8220;AK Belediyecilik&#8221;teki tecr\u00fcbenin zenginle\u015ftirildi\u011fi belirtilen a\u00e7\u0131klamada, &#8220;\u0130nsan merkezli y\u00f6netim anlay\u0131\u015f\u0131m\u0131zla &#8216;Memleket \u0130\u015fi G\u00f6n\u00fcl \u0130\u015fi&#8217; diyerek eser, hizmet ve g\u00f6n\u00fcl belediyecili\u011fimiz ile aziz milletimizin kalbine dokunduk. B\u00fcy\u00fck\u015fehirlerimizde, illerimizde, il\u00e7elerimizde, beldelerimizde \u00e7almad\u0131k kap\u0131, girmedik g\u00f6n\u00fcl b\u0131rakmad\u0131k.&#8221; ifadelerine yer verildi.<\/p>\n<h3>Mevcut durum tespiti yap\u0131lacak<\/h3>\n<p>T\u00fcrkiye&#8217;nin 2023, 2053, 2071 vizyonlar\u0131yla ba\u011flant\u0131l\u0131 \u015fekilde girilen her se\u00e7imde yeni bir heyecanla yeni bir vizyonla 81 \u015fehir i\u00e7in bir\u00e7ok projeye imza at\u0131ld\u0131\u011f\u0131 aktar\u0131lan a\u00e7\u0131klamada, \u015funlar kaydedildi:<br \/>&#8220;31 Mart 2024 Mahalli \u0130dareler Se\u00e7imlerine haz\u0131rlan\u0131rken taze bir heyecanla Sosyal Politikalar Ba\u015fkanl\u0131\u011f\u0131, AR-GE ve E\u011fitim Ba\u015fkanl\u0131\u011f\u0131, Yerel Y\u00f6netimler Ba\u015fkanl\u0131\u011f\u0131 olarak sosyal politikalar ekseninde, yerel y\u00f6netimler ba\u011flam\u0131nda vatanda\u015flar\u0131m\u0131z\u0131n beklenti, ihtiya\u00e7 ve \u00f6nerilerini tespit etmek, partimizin yerel se\u00e7imlerden yeni bir zaferle \u00e7\u0131kma hedefi do\u011frultusunda, se\u00e7im sonras\u0131nda AK Parti Belediyecili\u011finin sosyal politika proje, \u00e7al\u0131\u015fma ve uygulamalar\u0131na temel olu\u015fturmak i\u00e7in &#8216;Yerel Y\u00f6netimlerde Yenilik\u00e7i Sosyal Politikalar \u00c7al\u0131\u015ftay\u0131&#8217;n\u0131 ger\u00e7ekle\u015ftirece\u011fiz.<br \/>Genel Merkezimizde d\u00fczenleyece\u011fimiz \u00e7al\u0131\u015ftayda 2 g\u00fcn boyunca ilgili sivil toplum kurulu\u015flar\u0131, b\u00fcy\u00fck\u015fehir belediyeleri, il-il\u00e7e belediyeleri, akademisyenler, ilgili kurum ve kurulu\u015flar\u0131n temsilcilerinden olu\u015fan 450 kat\u0131l\u0131mc\u0131 ile gen\u00e7lik ve spor, e\u011fitim ve k\u00fclt\u00fcr, istihdam, sa\u011fl\u0131k ve sosyal i\u015fler, aile, kad\u0131n ve \u00e7ocuk, ya\u015fl\u0131, engelli, g\u00f6\u00e7men, Roman, sosyal yard\u0131mlar, altyap\u0131, \u00e7evre ve konut hizmetleri ile afet y\u00f6netimi adl\u0131 12 ba\u015fl\u0131ktan olu\u015fan masalarda e\u015f zamanl\u0131 olarak yerel y\u00f6netimlerde sosyal politikalara y\u00f6nelik deneyim, birikim, g\u00f6r\u00fc\u015f ve \u00f6neriler payla\u015f\u0131larak mevcut durumun tespitini yapaca\u011f\u0131z.&#8221;<br \/>Vatanda\u015flar\u0131n hayata ge\u00e7irilmesini bekledikleri hizmet, ihtiya\u00e7, talep ve beklentilerinin, belirlenen illerde ger\u00e7ekle\u015ftirilen odak grup \u00e7al\u0131\u015fmalar\u0131, anketler ve s\u00f6ylem analizleriyle veri haline getirilece\u011fi bildirilen a\u00e7\u0131klamada, bu \u00e7al\u0131\u015fmalar\u0131n se\u00e7im beyannamesinde de\u011ferlendirilece\u011fi belirtildi.<br \/>A\u00e7\u0131klamada, &#8220;\u0130nan\u0131yoruz ki gerek bilimsel gerek kap\u0131 kap\u0131, g\u00f6n\u00fcl g\u00f6n\u00fcle yapt\u0131\u011f\u0131m\u0131z \u00e7al\u0131\u015fmalarla g\u00fc\u00e7l\u00fc ve emin ad\u0131mlarla yolumuza devam edecek, Genel Ba\u015fkan&#8217;\u0131m\u0131z, Cumhurba\u015fkan\u0131&#8217;m\u0131z Say\u0131n Recep Tayyip Erdo\u011fan liderli\u011finde 2024 yerel se\u00e7imlerinden de zaferle \u00e7\u0131kaca\u011f\u0131z.&#8221; ifadeleri kullan\u0131ld\u0131.<\/p>\n<p>                            <span class=\"detay-foto-editor\">&#13;<br \/>\n                                <a href=\"https:\/\/www.aa.com.tr\/tr\/p\/abonelik-talep-formu\/1001\" target=\"_blank\" style=\"font-size:12px; color:#444; text-decoration:none;\" rel=\"noopener\">&#13;<br \/>\n                                    Anadolu Ajans\u0131 web sitesinde, AA Haber Ak\u0131\u015f Sistemi (HAS) \u00fczerinden abonelere sunulan haberler, \u00f6zetlenerek yay\u0131mlanmaktad\u0131r. <b style=\"color:#1897F7\">Abonelik i\u00e7in l\u00fctfen ileti\u015fime ge\u00e7iniz.<\/b>&#13;<br \/>\n                                <\/a>&#13;<br \/>\n                            <\/span>\n                        <\/div>\n<p><script>\n\t  window.fbAsyncInit = function() {\n\t\tFB.init({\n\t\t  appId: '1855843514662870',\n\t\t  status : true, \/\/ check login status\n\t\t  cookie : true, \/\/ enable cookies to allow the server to access the session\n\t\t  xfbml  : true  \/\/ parse XFBML\n\t\t});\n\t  };<\/p>\n<p>\t  (function() {\n\t\tvar e = document.createElement('script');\n\t\te.src=\"https:\/\/connect.facebook.net\/tr_TR\/all.js\";\n\t\te.async = true;\n\t\tdocument.getElementById('fb-root').appendChild(e);\n\t  }());\n    <\/script><\/p>\n","protected":false},"excerpt":{"rendered":"<p>AK Parti&#8217;den yap\u0131lan a\u00e7\u0131klamada, Genel Merkez Sosyal Politikalar Ba\u015fkanl\u0131\u011f\u0131, AR-GE ve E\u011fitim Ba\u015fkanl\u0131\u011f\u0131, Yerel Y\u00f6netimler Ba\u015fkanl\u0131\u011f\u0131nca SETA ile d\u00fczenlenecek \u00e7al\u0131\u015ftay\u0131n, parti genel merkezinde ger\u00e7ekle\u015ftirilece\u011fi bildirildi. &#8220;Yerel kalk\u0131nma ba\u015fl\u0131yor&#8221; slogan\u0131yla 2004&#8217;te ba\u015flayan AK Belediyecilik anlay\u0131\u015f\u0131n\u0131n, T\u00fcrkiye&#8217;nin g\u00fcndemi de\u011fi\u015ftik\u00e7e daha ileriye ta\u015f\u0131nd\u0131\u011f\u0131 belirtilen a\u00e7\u0131klamada, &#8220;Yeni \u015eehircilik&#8221; vizyonuyla altyap\u0131 ve ula\u015f\u0131m d\u00fczenlemesinden \u00e7evre dostu \u015fehirlere, kad\u0131n dostu \u015fehirlerden [&hellip;]<\/p>\n","protected":false},"author":1,"featured_media":14724,"comment_status":"","ping_status":"","sticky":false,"template":"","format":"standard","meta":[],"categories":[47],"tags":[],"_links":{"self":[{"href":"https:\/\/kraios.app\/news\/wp-json\/wp\/v2\/posts\/14723"}],"collection":[{"href":"https:\/\/kraios.app\/news\/wp-json\/wp\/v2\/posts"}],"about":[{"href":"https:\/\/kraios.app\/news\/wp-json\/wp\/v2\/types\/post"}],"author":[{"embeddable":true,"href":"https:\/\/kraios.app\/news\/wp-json\/wp\/v2\/users\/1"}],"replies":[{"embeddable":true,"href":"https:\/\/kraios.app\/news\/wp-json\/wp\/v2\/comments?post=14723"}],"version-history":[{"count":0,"href":"https:\/\/kraios.app\/news\/wp-json\/wp\/v2\/posts\/14723\/revisions"}],"wp:featuredmedia":[{"embeddable":true,"href":"https:\/\/kraios.app\/news\/wp-json\/wp\/v2\/media\/14724"}],"wp:attachment":[{"href":"https:\/\/kraios.app\/news\/wp-json\/wp\/v2\/media?parent=14723"}],"wp:term":[{"taxonomy":"category","embeddable":true,"href":"https:\/\/kraios.app\/news\/wp-json\/wp\/v2\/categories?post=14723"},{"taxonomy":"post_tag","embeddable":true,"href":"https:\/\/kraios.app\/news\/wp-json\/wp\/v2\/tags?post=14723"}],"curies":[{"name":"wp","href":"https:\/\/api.w.org\/{rel}","templated":true}]}}