{"id":14712,"date":"2023-09-19T14:52:55","date_gmt":"2023-09-19T14:52:55","guid":{"rendered":"https:\/\/kraios.app\/news\/siyaset\/2023\/09\/19\/davalarda-zaman-asimini-kaldiran-iktidar-biziz\/"},"modified":"2023-09-19T14:52:55","modified_gmt":"2023-09-19T14:52:55","slug":"davalarda-zaman-asimini-kaldiran-iktidar-biziz","status":"publish","type":"post","link":"https:\/\/kraios.app\/news\/siyaset\/2023\/09\/19\/davalarda-zaman-asimini-kaldiran-iktidar-biziz\/","title":{"rendered":"Davalarda zaman a\u015f\u0131m\u0131n\u0131 kald\u0131ran iktidar biziz"},"content":{"rendered":"<p><\/p>\n<div>\n<p>Adalet Bakan\u0131 Y\u0131lmaz Tun\u00e7, Sivas olaylar\u0131na ili\u015fkin firari 3 san\u0131\u011f\u0131n davas\u0131n\u0131n zaman a\u015f\u0131m\u0131ndan d\u00fc\u015fmesiyle ilgili CHP Genel Ba\u015fkan\u0131 Kemal K\u0131l\u0131\u00e7daro\u011flu&#8217;nun a\u00e7\u0131klamalar\u0131na y\u00f6nelik, &#8220;Bunu Say\u0131n Cumhurba\u015fkan\u0131m\u0131zla ili\u015fkilendirmek ve &#8216;Siz bu davay\u0131 bitirdiniz, su\u00e7 orta\u011f\u0131s\u0131n\u0131z.&#8217; demek, bir kere \u00e7ok \u00e7irkin bir davran\u0131\u015f, ne hukuki ne ahlaki. O nedenle bu beyanatlar\u0131 sahibine iade ediyoruz.&#8221; dedi.<\/p>\n<p>Bakan Tun\u00e7, Zonguldak Valili\u011fini ziyaretinin ard\u0131ndan bir gazetecinin, K\u0131l\u0131\u00e7daro\u011flu&#8217;nun Sivas olaylar\u0131na ili\u015fkin davayla ilgili a\u00e7\u0131klamas\u0131na y\u00f6nelik sorusunu yan\u0131tlad\u0131.<\/p>\n<p>K\u0131l\u0131\u00e7daro\u011flu&#8217;nun konuya ili\u015fkin a\u00e7\u0131klamalar\u0131n\u0131n kabul edilemeyece\u011fini, CHP Genel Ba\u015fkan\u0131n\u0131n \u00e7irkin bir beyanatta bulundu\u011funu dile getiren Tun\u00e7, \u015f\u00f6yle devam etti:<\/p>\n<p>&#8220;Burada \u015funu ifade edelim; bir kere 1993 y\u0131l\u0131nda meydana gelen bu elim olaylar sonras\u0131nda Sivas davas\u0131 s\u00fcreci ba\u015flad\u0131. Sivas davas\u0131nda g\u00f6zalt\u0131na al\u0131n\u0131p tutuklanan san\u0131klarla ilgili yarg\u0131lama s\u00fcre\u00e7leri o d\u00f6nem ba\u015flad\u0131, devam etti ve mahkumiyetler verildi. \u015eu anda o san\u0131klar h\u00fck\u00fcml\u00fc konumunda. Ana davan\u0131n h\u00fck\u00fcml\u00fcleri, cezalar\u0131n\u0131 cezaevlerinde \u00e7ekmeye devam ediyorlar. Tabii 3 firari san\u0131kla ilgili yarg\u0131lama s\u00fcreci ger\u00e7ekle\u015ftirilememi\u015fti. Firari san\u0131klar yakalanamam\u0131\u015ft\u0131. K\u0131rm\u0131z\u0131 b\u00fclten \u00e7\u0131kar\u0131larak uluslararas\u0131 d\u00fczeyde de aranmalar\u0131 sa\u011fland\u0131. Bu da sonu\u00e7 vermedi.<\/p>\n<p>Bu anlamda 30 y\u0131ll\u0131k zaman a\u015f\u0131m\u0131 s\u00fcresi doldu\u011funda ki o d\u00f6nemde y\u00fcr\u00fcrl\u00fckte olan ceza kanununa g\u00f6re zaman a\u015f\u0131m\u0131 30 y\u0131ll\u0131k bir s\u00fcre. O g\u00fcnk\u00fc kanuna tabi olduklar\u0131 i\u00e7in yarg\u0131n\u0131n b\u00f6yle bir karar\u0131 s\u00f6z konusu oldu. Bu t\u00fcr davalarda \u00f6zellikle insanl\u0131\u011fa kar\u015f\u0131 i\u015flenen su\u00e7lar bak\u0131m\u0131ndan zaman a\u015f\u0131m\u0131n\u0131 kald\u0131ran bir iktidar\u0131z biz. Bu, Cumhurba\u015fkan\u0131m\u0131z Recep Tayyip Erdo\u011fan&#8217;\u0131n liderli\u011finde oldu. T\u00fcrk Ceza Kanunu bu anlamda de\u011fi\u015fti ama olay\u0131n meydana geldi\u011fi 1993 tarihinde y\u00fcr\u00fcrl\u00fckte olan ceza kanununa g\u00f6re bu h\u00fck\u00fcm yoktu. Dolay\u0131s\u0131yla su\u00e7un i\u015flendi\u011fi tarihteki h\u00fck\u00fcm dikkate al\u0131nd\u0131\u011f\u0131 i\u00e7in ve 30 y\u0131ll\u0131k da zaman a\u015f\u0131m\u0131 s\u00fcresi doldu\u011fu i\u00e7in san\u0131klar k\u0131rm\u0131z\u0131 b\u00fcltenle uluslararas\u0131 d\u00fczeyde arand\u0131\u011f\u0131 halde yakalanamay\u0131p T\u00fcrkiye&#8217;ye getirilemedi\u011fi i\u00e7in zaman a\u015f\u0131m\u0131 s\u00fcresi dolunca mahkeme zaman a\u015f\u0131m\u0131 nedeniyle davan\u0131n d\u00fc\u015fmesine karar verdi. Bunu Say\u0131n Cumhurba\u015fkan\u0131m\u0131zla ili\u015fkilendirmek ve &#8216;Siz bu davay\u0131 bitirdiniz, su\u00e7 orta\u011f\u0131s\u0131n\u0131z.&#8217; demek, bir kere \u00e7ok \u00e7irkin bir davran\u0131\u015f, ne hukuki ne ahlaki. O nedenle bu beyanatlar\u0131 sahibine iade ediyoruz.&#8221;<\/p>\n<h3>&#8220;Maden oca\u011f\u0131ndaki g\u00f6\u00e7\u00fc\u011fe ili\u015fkin idari ve adli soru\u015fturma a\u00e7\u0131lm\u0131\u015ft\u0131r&#8221;<\/h3>\n<p>Bakan Tun\u00e7, Zonguldak&#8217;ta maden oca\u011f\u0131ndaki g\u00f6\u00e7\u00fc\u011fe ili\u015fkin soru \u00fczerine de bu t\u00fcr \u00f6l\u00fcml\u00fc ve yaralamal\u0131 kazalarda mutlaka idari ve adli soru\u015fturma a\u00e7\u0131ld\u0131\u011f\u0131n\u0131 belirterek, &#8220;\u00d6nceki kazalarda oldu\u011fu gibi burada da gerekli idari ve adli soru\u015fturma a\u00e7\u0131lm\u0131\u015ft\u0131r. Hen\u00fcz daha olay yeni, dolay\u0131s\u0131yla bilirki\u015fi incelemeleri vesaire s\u00f6z konusu olur. Sonras\u0131nda da gerekli adli s\u00fcre\u00e7ler tamamlan\u0131r. O noktada herhangi bir endi\u015femizin olmamas\u0131 gerekir.&#8221; diye konu\u015ftu.<\/p>\n<h3>Bakan Tun\u00e7, Zonguldak&#8217;taki temaslar\u0131 kapsam\u0131nda Valili\u011fi ziyaret etti<\/h3>\n<p>Vali Osman Hac\u0131bekta\u015fo\u011flu, AK Parti Zonguldak Milletvekilleri Muammer Avc\u0131 ve Saffet Bozkurt, Cumhuriyet Ba\u015fsavc\u0131s\u0131 Abdurrahim Alan, Belediye Ba\u015fkan\u0131 \u00d6mer Selim Alan, Adli Yarg\u0131 ve Adalet Komisyonu Ba\u015fkan\u0131 Ercan Kumhak\u200b\u200b\u200b\u200b\u200b\u200b\u200b ile AK Parti Zonguldak \u0130l Ba\u015fkan\u0131 Mustafa \u00c7a\u011flayan taraf\u0131ndan kar\u015f\u0131lanan Tun\u00e7, Valilik \u015eeref Defteri&#8217;ni imzalad\u0131.<\/p>\n<p>Tun\u00e7, ziyaretin ard\u0131ndan yapt\u0131\u011f\u0131 a\u00e7\u0131klamada, Zonguldak&#8217;\u0131n son y\u0131llarda Cumhurba\u015fkan\u0131 Recep Tayyip Erdo\u011fan&#8217;\u0131n b\u00fcy\u00fck destekleriyle \u00f6nemli yat\u0131r\u0131mlara sahne oldu\u011funu s\u00f6yledi.<\/p>\n<p>Bakan Tun\u00e7, Kilimli-Zonguldak yolundaki t\u00fcneller, Kilimli-Filyos aras\u0131ndaki yol \u00e7al\u0131\u015fmalar\u0131 ve Filyos Do\u011fal Gaz \u0130\u015fleme Tesisleri, Filyos Liman\u0131, Filyos End\u00fcstri B\u00f6lgesi, Zonguldak Havaliman\u0131&#8217;n\u0131n b\u00f6lgenin \u00f6nemli yat\u0131r\u0131mlar\u0131 oldu\u011funa de\u011finerek, madencilik konusunda da T\u00fcrkiye Ta\u015fk\u00f6m\u00fcr\u00fc Kurumunun ya\u015fat\u0131lmas\u0131 ve devam\u0131 noktas\u0131ndaki taleplere Cumhurba\u015fkan\u0131 Erdo\u011fan&#8217;\u0131n, h\u00fck\u00fcmetin duyarl\u0131 olmas\u0131 dolay\u0131s\u0131yla \u00e7al\u0131\u015fmalar\u0131n s\u00fcrd\u00fcr\u00fcld\u00fc\u011f\u00fcn\u00fc g\u00f6rmenin memnuniyet verici oldu\u011funu kaydetti.<\/p>\n<p>Tun\u00e7, Karadeniz Ere\u011fli il\u00e7esindeki T\u00fcrkiye Ta\u015fk\u00f6m\u00fcr\u00fc Kurumu Armut\u00e7uk M\u00fcessesesi maden oca\u011f\u0131nda 13 Eyl\u00fcl&#8217;de meydana gelen g\u00f6\u00e7\u00fckte ya\u015fam\u0131n\u0131 yitiren Ramazan Y\u0131ld\u0131r\u0131m&#8217;a Allah&#8217;tan rahmet, yak\u0131nlar\u0131na ve madencilere ba\u015fsa\u011fl\u0131\u011f\u0131 diledi.<\/p>\n<p>Son zamanlarda sosyal haklar\u0131yla ilgili yap\u0131lan \u00e7al\u0131\u015fmalar\u0131n madencilerin lehine oldu\u011funu vurgulayan Tun\u00e7, Zonguldak&#8217;ta zaman zaman bu t\u00fcr \u00fcz\u00fcc\u00fc kazalar\u0131n meydana geldi\u011fini, kazalar\u0131n meydana gelmemesi i\u00e7in bundan sonra al\u0131nmas\u0131 gereken tedbirler konusunda hassas olduklar\u0131n\u0131 dile getirdi.<\/p>\n<p>Tun\u00e7, 4 madencinin kazaya maruz kald\u0131\u011f\u0131n\u0131, 3&#8217;\u00fcn\u00fcn hastanedeki tedavilerinin tamamland\u0131\u011f\u0131n\u0131, 1&#8217;inin tedavisinin devam etti\u011fini aktararak, kurtarma \u00e7al\u0131\u015fmas\u0131 s\u0131ras\u0131nda yaralanan 2 madencinin de taburcu edildi\u011fini belirtti.<\/p>\n<p>Adalet Bakanl\u0131\u011f\u0131na ait yat\u0131r\u0131mlarla ilgili isti\u015farelerde bulunduklar\u0131n\u0131 anlatan Tun\u00e7, yap\u0131m\u0131 tamamlanan binalara ili\u015fkin bilgi verdi.<\/p>\n<p>Tun\u00e7, kentteki di\u011fer projelere y\u00f6nelik de\u011ferlendirmelerin yap\u0131ld\u0131\u011f\u0131n\u0131 belirterek, \u00c7aycuma Adalet Binas\u0131n\u0131n proje ihalesinin gelecek g\u00fcnlerde ger\u00e7ekle\u015ftirilece\u011fini bildirdi.<\/p>\n<p>&#8211; &#8220;\u00d6nceli\u011fimiz deprem b\u00f6lgesi&#8221;<\/p>\n<p>Adalat Bakan\u0131 Tun\u00e7, T\u00fcrkiye&#8217;de vatanda\u015flar\u0131n yarg\u0131 hizmetlerinden en adil ve etkin \u015fekilde faydalanabilmeleri ad\u0131na \u00e7al\u0131\u015fmalar\u0131n\u0131 s\u00fcrd\u00fcrd\u00fcklerini kaydetti.<\/p>\n<p>Bug\u00fcne kadar \u00f6zellikle Yarg\u0131 Reformu Strateji Belgeleri \u00e7er\u00e7evesinde \u0130nsan Haklar\u0131 Eylem Planlar\u0131nda Cumhurba\u015fkan\u0131 Erdo\u011fan&#8217;\u0131n koydu\u011fu hedefler do\u011frultusunda \u00e7ok \u00f6nemli mevzuat d\u00fczenlemeleri ger\u00e7ekle\u015ftirdiklerinden bahseden Tun\u00e7, \u015funlar\u0131 aktard\u0131:<\/p>\n<p>&#8220;Yarg\u0131 ba\u011f\u0131ms\u0131zl\u0131\u011f\u0131, hukukun \u00fcst\u00fcnl\u00fc\u011f\u00fc \u00e7er\u00e7evesinde vatanda\u015flar\u0131m\u0131z\u0131n huzuru, mutlulu\u011fu ile milletimizin, \u00fclkemizin huzurlu bir gelece\u011fe emin ad\u0131mlarla y\u00fcr\u00fcmeye devam etmesi ad\u0131na \u00e7al\u0131\u015fmalar\u0131m\u0131z\u0131 s\u00fcrd\u00fcr\u00fcyoruz. \u00d6nceli\u011fimiz deprem b\u00f6lgesi. \u00d6zellikle yarg\u0131 hizmetlerinin b\u00f6lgede aksamamas\u0131 ad\u0131na orada de\u011ferlendirmelerde bulunduk. Hasar g\u00f6ren, y\u0131k\u0131lan adliye saraylar\u0131, kamu binalar\u0131 i\u00e7in \u00e7al\u0131\u015fmalar h\u0131zl\u0131 bir bi\u00e7imde devam ediyor. \u00d6nceli\u011fimiz oradaki vatanda\u015flar\u0131m\u0131z\u0131n bir y\u0131l i\u00e7erisinde s\u0131cak konutlar\u0131na kavu\u015fmas\u0131. Bununla ilgili \u00e7al\u0131\u015fmalar da son s\u00fcrat devam ediyor.&#8221;<\/p>\n<p>Tun\u00e7, &#8220;\u00f6nce insan&#8221; demeye devam edeceklerini, 21 y\u0131ld\u0131r oldu\u011fu gibi bundan sonra da insan\u0131 ve aileyi, toplumu g\u00fc\u00e7lendirecek yat\u0131r\u0131mlar\u0131 h\u0131z kesmeden Cumhurba\u015fkan\u0131 Erdo\u011fan&#8217;\u0131n liderli\u011finde s\u00fcrd\u00fcreceklerini s\u00f6zlerine ekledi.<\/p>\n<p>                            <span class=\"detay-foto-editor\">&#13;<br \/>\n                                <a href=\"https:\/\/www.aa.com.tr\/tr\/p\/abonelik-talep-formu\/1001\" target=\"_blank\" style=\"font-size:12px; color:#444; text-decoration:none;\" rel=\"noopener\">&#13;<br \/>\n                                    Anadolu Ajans\u0131 web sitesinde, AA Haber Ak\u0131\u015f Sistemi (HAS) \u00fczerinden abonelere sunulan haberler, \u00f6zetlenerek yay\u0131mlanmaktad\u0131r. <b style=\"color:#1897F7\">Abonelik i\u00e7in l\u00fctfen ileti\u015fime ge\u00e7iniz.<\/b>&#13;<br \/>\n                                <\/a>&#13;<br \/>\n                            <\/span>\n                        <\/div>\n<p><script>\n\t  window.fbAsyncInit = function() {\n\t\tFB.init({\n\t\t  appId: '1855843514662870',\n\t\t  status : true, \/\/ check login status\n\t\t  cookie : true, \/\/ enable cookies to allow the server to access the session\n\t\t  xfbml  : true  \/\/ parse XFBML\n\t\t});\n\t  };<\/p>\n<p>\t  (function() {\n\t\tvar e = document.createElement('script');\n\t\te.src=\"https:\/\/connect.facebook.net\/tr_TR\/all.js\";\n\t\te.async = true;\n\t\tdocument.getElementById('fb-root').appendChild(e);\n\t  }());\n    <\/script><\/p>\n","protected":false},"excerpt":{"rendered":"<p>Adalet Bakan\u0131 Y\u0131lmaz Tun\u00e7, Sivas olaylar\u0131na ili\u015fkin firari 3 san\u0131\u011f\u0131n davas\u0131n\u0131n zaman a\u015f\u0131m\u0131ndan d\u00fc\u015fmesiyle ilgili CHP Genel Ba\u015fkan\u0131 Kemal K\u0131l\u0131\u00e7daro\u011flu&#8217;nun a\u00e7\u0131klamalar\u0131na y\u00f6nelik, &#8220;Bunu Say\u0131n Cumhurba\u015fkan\u0131m\u0131zla ili\u015fkilendirmek ve &#8216;Siz bu davay\u0131 bitirdiniz, su\u00e7 orta\u011f\u0131s\u0131n\u0131z.&#8217; demek, bir kere \u00e7ok \u00e7irkin bir davran\u0131\u015f, ne hukuki ne ahlaki. O nedenle bu beyanatlar\u0131 sahibine iade ediyoruz.&#8221; dedi. Bakan Tun\u00e7, Zonguldak [&hellip;]<\/p>\n","protected":false},"author":1,"featured_media":14713,"comment_status":"","ping_status":"","sticky":false,"template":"","format":"standard","meta":[],"categories":[47],"tags":[],"_links":{"self":[{"href":"https:\/\/kraios.app\/news\/wp-json\/wp\/v2\/posts\/14712"}],"collection":[{"href":"https:\/\/kraios.app\/news\/wp-json\/wp\/v2\/posts"}],"about":[{"href":"https:\/\/kraios.app\/news\/wp-json\/wp\/v2\/types\/post"}],"author":[{"embeddable":true,"href":"https:\/\/kraios.app\/news\/wp-json\/wp\/v2\/users\/1"}],"replies":[{"embeddable":true,"href":"https:\/\/kraios.app\/news\/wp-json\/wp\/v2\/comments?post=14712"}],"version-history":[{"count":0,"href":"https:\/\/kraios.app\/news\/wp-json\/wp\/v2\/posts\/14712\/revisions"}],"wp:featuredmedia":[{"embeddable":true,"href":"https:\/\/kraios.app\/news\/wp-json\/wp\/v2\/media\/14713"}],"wp:attachment":[{"href":"https:\/\/kraios.app\/news\/wp-json\/wp\/v2\/media?parent=14712"}],"wp:term":[{"taxonomy":"category","embeddable":true,"href":"https:\/\/kraios.app\/news\/wp-json\/wp\/v2\/categories?post=14712"},{"taxonomy":"post_tag","embeddable":true,"href":"https:\/\/kraios.app\/news\/wp-json\/wp\/v2\/tags?post=14712"}],"curies":[{"name":"wp","href":"https:\/\/api.w.org\/{rel}","templated":true}]}}