{"id":14700,"date":"2023-09-19T14:46:54","date_gmt":"2023-09-19T14:46:54","guid":{"rendered":"https:\/\/kraios.app\/news\/siyaset\/2023\/09\/19\/turkiyenin-dahil-olmadigi-enerji-ve-ulastirma-koridorlarinin-surdurulebilir-olmasi-mumkun-degil\/"},"modified":"2023-09-19T14:46:54","modified_gmt":"2023-09-19T14:46:54","slug":"turkiyenin-dahil-olmadigi-enerji-ve-ulastirma-koridorlarinin-surdurulebilir-olmasi-mumkun-degil","status":"publish","type":"post","link":"https:\/\/kraios.app\/news\/siyaset\/2023\/09\/19\/turkiyenin-dahil-olmadigi-enerji-ve-ulastirma-koridorlarinin-surdurulebilir-olmasi-mumkun-degil\/","title":{"rendered":"T\u00fcrkiye&#8217;nin dahil olmad\u0131\u011f\u0131 enerji ve ula\u015ft\u0131rma koridorlar\u0131n\u0131n s\u00fcrd\u00fcr\u00fclebilir olmas\u0131 m\u00fcmk\u00fcn de\u011fil"},"content":{"rendered":"<p><\/p>\n<div>\n<p>Bakan Fidan, \u0130stanbul&#8217;da Hali\u00e7 Kongre Merkezi&#8217;nde d\u00fczenlenen 10. D\u00fcnya T\u00fcrk \u0130\u015f Konseyi (DT\u0130K) Kurultay\u0131&#8217;nda kat\u0131l\u0131mc\u0131lara hitap etti.<\/p>\n<p>DT\u0130K&#8217;in hayata ge\u00e7ti\u011fi 2007&#8217;den bu yana b\u00fcy\u00fck ba\u015far\u0131lara imza att\u0131\u011f\u0131n\u0131 dile getiren Fidan, &#8220;Her \u015feyden evvel, D\u00fcnya T\u00fcrk \u0130\u015f Konseyi, vatanda\u015f\u0131m\u0131z olsun, soyda\u015f\u0131m\u0131z olsun, alt\u0131 k\u0131tadan m\u00fcte\u015febbisimizin, anavatan sevgisinde birle\u015fti\u011fi bir \u00e7at\u0131 haline gelmi\u015ftir.&#8221; ifadesini kulland\u0131.<\/p>\n<p>Fidan, DT\u0130K&#8217;in herkesi kucaklayan yakla\u015f\u0131m\u0131yla k\u00fcresel T\u00fcrk diasporas\u0131n\u0131n temellerini g\u00fc\u00e7lendirdi\u011fine dikkati \u00e7ekerek, bunun salondaki herkesin ba\u015far\u0131s\u0131 oldu\u011funu vurgulad\u0131.<\/p>\n<p><span style=\"color:#9c9c9c;\"><em><img decoding=\"async\" alt=\"\" src=\"https:\/\/www.aa.com.tr\/uploads\/userFiles\/de89f914-66b1-4a0b-9347-13c0eafe70cc\/2023%2F09%2F20230915_2_60282597_92774371.jpg\"\/><\/em><\/span><\/p>\n<p>Bakan Fidan, konu\u015fmas\u0131n\u0131 \u015f\u00f6yle s\u00fcrd\u00fcrd\u00fc:<\/p>\n<p>&#8220;D\u00fcnyan\u0131n d\u00f6rt bir yan\u0131nda, kimsenin c\u00fcret edemeyece\u011fi en zorlu projelerin alt\u0131ndan kalkan, sizlersiniz. Mazlum co\u011frafyalardaki yat\u0131r\u0131mlar\u0131n\u0131, sadece kazan\u00e7 kap\u0131s\u0131 de\u011fil, makus yazg\u0131y\u0131 de\u011fi\u015ftirme arac\u0131 k\u0131lan da sizlersiniz. T\u00fcrk milletinin giri\u015fimci, vizyoner ve insanl\u0131\u011f\u0131n sorunlar\u0131na duyarl\u0131 ruhunu, b\u00fct\u00fcn d\u00fcnyaya yayan da sizlersiniz. Ve b\u00fct\u00fcn bunlar\u0131 yaparken, devletinin ve milletinin \u00e7\u0131karlar\u0131n\u0131 el \u00fcst\u00fcnde tutan, y\u00fcceltmeye \u00e7al\u0131\u015fan da sizlersiniz. Fedakar \u00e7al\u0131\u015fmalar\u0131n\u0131z sadece devletimiz de\u011fil, k\u0131r\u0131lganl\u0131k ve belirsizlik i\u00e7indeki k\u00fcresel ekonomi i\u00e7in de son derece de\u011ferlidir.&#8221;<\/p>\n<p>K\u00fcresel ekonomide, salg\u0131n ve Rusya-Ukrayna Sava\u015f\u0131&#8217;n\u0131n etkilerinin hen\u00fcz atlat\u0131lamad\u0131\u011f\u0131n\u0131 kaydeden Fidan, k\u00fcresel b\u00fcy\u00fcme tahminlerinin a\u015fa\u011f\u0131 y\u00f6nl\u00fc revize edildi\u011fini, 2028&#8217;de k\u00fcresel b\u00fcy\u00fcmenin sadece y\u00fczde 3 oran\u0131nda olaca\u011f\u0131n\u0131n \u00f6ng\u00f6r\u00fcld\u00fc\u011f\u00fcn\u00fc, bunun 1990&#8217;lardan bu yana 5 y\u0131ll\u0131k tahminlerdeki en d\u00fc\u015f\u00fck seviye oldu\u011funu s\u00f6yledi.<\/p>\n<p>Fidan, bu ortamda, k\u00fcresel ticarette korumac\u0131 e\u011filimlerin uzun y\u0131llard\u0131r g\u00f6r\u00fclmemi\u015f \u00f6l\u00e7\u00fcde g\u00fc\u00e7lendi\u011fini belirterek, ticarete ve ekonomiye daha jeostratejik bir anlay\u0131\u015fla yakla\u015f\u0131ld\u0131\u011f\u0131n\u0131, &#8220;yak\u0131n \u00fclkelerden tedarik&#8221;, &#8220;dost ve m\u00fcttefik \u00fclkelerden tedarik&#8221; ve &#8220;risk azaltma&#8221; gibi kavramlar\u0131n \u00f6n plana \u00e7\u0131kt\u0131\u011f\u0131n\u0131 anlatt\u0131.<\/p>\n<p>Uluslararas\u0131 Para Fonu (IMF) Ba\u015fkan\u0131 Kristalina Georgieva&#8217;n\u0131n ticaret \u00fczerindeki k\u0131s\u0131tlamalar\u0131n bu seviyede devam etmesi halinde, uzun vadede k\u00fcresel gayrisafi milli has\u0131lan\u0131n 7,4 trilyon dolar gerileyece\u011fi y\u00f6n\u00fcndeki a\u00e7\u0131klamalar\u0131n\u0131 hat\u0131rlatan Fidan, bu rakam\u0131n Avrupa Birli\u011fi&#8217;nin (AB) toplam ekonomik b\u00fcy\u00fckl\u00fc\u011f\u00fcn\u00fcn neredeyse yar\u0131s\u0131, t\u00fcm Sahra Alt\u0131 Afrika&#8217;n\u0131n ekonomik b\u00fcy\u00fckl\u00fc\u011f\u00fcn\u00fcn ise 3 kat\u0131 oldu\u011funu vurgulad\u0131.<\/p>\n<h3>&#8220;Dolar\u0131n bir tehdit, bir silah olarak kullan\u0131ld\u0131\u011f\u0131 bir d\u00f6nemden ge\u00e7mekteyiz&#8221;<\/h3>\n<p>&#8220;Dolar\u0131n bir tehdit, bir silah olarak kullan\u0131ld\u0131\u011f\u0131, enflasyonun k\u00fcresel bir sorun haline geldi\u011fi, geli\u015fmekte olan \u00fclkelerin krediye eri\u015fiminin g\u00fc\u00e7le\u015fti\u011fi bir d\u00f6nemden ge\u00e7mekteyiz.&#8221; ifadesini kullanan Fidan, bunlara ayr\u0131ca k\u00fcresel \u00f6l\u00e7ekteki enerji krizinin devam etti\u011fini, tedarik zincirlerindeki hasar\u0131n s\u00fcrd\u00fc\u011f\u00fcn\u00fc ve iklim de\u011fi\u015fikli\u011finin etkilerinin t\u00fcm \u015fiddetiyle hissedildi\u011fini de eklemenin do\u011fru olaca\u011f\u0131n\u0131 dile getirdi.<\/p>\n<p>Bakan Fidan, &#8220;Bu ko\u015fullar alt\u0131nda, daha \u015feffaf, daha adil ve kimseyi geride b\u0131rakmayan bir uluslararas\u0131 ekonomi ve finans sistemine her zamankinden daha \u00e7ok ihtiya\u00e7 var. Ancak mevcut sistemin ve ba\u015fat akt\u00f6rlerinin bu de\u011fi\u015fim talebine kay\u0131ts\u0131z kalmas\u0131, hatta direnmesi, alternatif aray\u0131\u015flar\u0131n\u0131 h\u0131zland\u0131rmaktad\u0131r.&#8221; de\u011ferlendirmesinde bulundu.<\/p>\n<p>Son olarak G\u00fcney Afrika&#8217;da 22-24 A\u011fustos&#8217;ta d\u00fczenlenen 15. BRICS Zirvesi&#8217;nde al\u0131nan kararlar\u0131n geni\u015flemeye te\u015fvik etti\u011fini ve yeni \u00fcyelerin al\u0131nmas\u0131n\u0131n \u00f6n\u00fcn\u00fc a\u00e7t\u0131\u011f\u0131n\u0131 bildiren Fidan, alternatif d\u00fczen ve mekanizma aray\u0131\u015flar\u0131n\u0131n gelecek d\u00f6neme damgas\u0131n\u0131 vurmas\u0131n\u0131n a\u015fikar oldu\u011funu s\u00f6yledi.<\/p>\n<p>Fidan, de\u011fi\u015fen uluslararas\u0131 dengelerin ticaret yollar\u0131n\u0131n rekabet unsuru olarak \u00f6ne s\u00fcr\u00fclmesini tetikledi\u011fini belirterek, bunun asl\u0131nda jeopolitik stratejide yeni bir pozisyon olmad\u0131\u011f\u0131n\u0131, uzun zamand\u0131r unutulmu\u015f bir pratik oldu\u011funu ifade etti.<\/p>\n<p>T\u00fcrkiye&#8217;nin bu konjonkt\u00fcrde hangi konumda ve rol\u00fcn\u00fcn ne oldu\u011funa bakmalar\u0131 gerekti\u011fini kaydeden Fidan, &#8220;T\u00fcrkiye, jeopolitik ve jeoekonomik d\u00fczlemlerin merkezi konumda olan, Say\u0131n Cumhurba\u015fkan\u0131m\u0131z\u0131n (Recep Tayyip Erdo\u011fan) liderli\u011finde istikrar, refah ve g\u00fcvenlik \u00fcreten bir devlet durumundad\u0131r. \u00c7ok tarafl\u0131 platformlarda \u00f6nc\u00fc rol oynayan, uluslararas\u0131 ekonomik sistemdeki aksakl\u0131klara kar\u015f\u0131 adil, insan odakl\u0131 politika ve giri\u015fimler s\u00fcrd\u00fcren bir \u00fclkeyiz.&#8221; dedi.<\/p>\n<p>Fidan, sadece son G20 Liderler Zirvesi&#8217;ne bakman\u0131n dahi T\u00fcrkiye&#8217;nin uluslararas\u0131 rol\u00fcn\u00fc anlamada yeterli olaca\u011f\u0131na i\u015faret ederek, bu zirvede T\u00fcrkiye&#8217;nin Karadeniz Tah\u0131l Giri\u015fimi kapsam\u0131ndaki \u00e7abalar\u0131yla bar\u0131\u015f ve g\u0131da g\u00fcvenli\u011fine, S\u0131f\u0131r At\u0131k giri\u015fimiyle \u00e7evre sorunlar\u0131yla m\u00fccadeleye katk\u0131lar\u0131n\u0131n takdir edildi\u011fini belirtti.<\/p>\n<p>Bakan Fidan, \u00f6te yandan s\u00fcrd\u00fcr\u00fclebilir kalk\u0131nma ve refah ortam\u0131n\u0131 tehdit eden ter\u00f6rizm ve d\u00fczensiz g\u00f6\u00e7 gibi konularda Zirve bildirgesine g\u00fc\u00e7l\u00fc yaz\u0131mlar\u0131n girmesini sa\u011flad\u0131klar\u0131na dikkati \u00e7ekti.<\/p>\n<h3>&#8220;T\u00fcrkiye&#8217;nin dahil olmad\u0131\u011f\u0131 enerji ve ula\u015ft\u0131rma koridorlar\u0131n\u0131n etkin ve s\u00fcrd\u00fcr\u00fclebilir olmas\u0131 m\u00fcmk\u00fcn de\u011fil&#8221;<\/h3>\n<p>G20 Zirvesi&#8217;nin uluslararas\u0131 ula\u015ft\u0131rma koridorlar\u0131 bak\u0131m\u0131ndan da baz\u0131 yeni fikirlere sahne oldu\u011funu anlatan Fidan, &#8220;Biz, \u00fc\u00e7 k\u0131tan\u0131n bulu\u015ftu\u011fu bir noktada, i\u015fbirli\u011fini te\u015fvik eden her plana a\u00e7\u0131k olduk. Ancak \u015fu bilinmelidir ki b\u00f6lgemizde T\u00fcrkiye&#8217;nin dahil olmad\u0131\u011f\u0131 enerji ve ula\u015ft\u0131rma koridorlar\u0131n\u0131n etkin ve s\u00fcrd\u00fcr\u00fclebilir olmas\u0131 m\u00fcmk\u00fcn de\u011fildir. Bu da rasyonel hesaplamalarla her zaman \u00f6ne \u00e7\u0131k\u0131yor.&#8221; \u015feklinde konu\u015ftu.<\/p>\n<p>Fidan, T\u00fcrk d\u00fcnyas\u0131n\u0131 Avrupa&#8217;ya ba\u011flayan Hazar Ge\u00e7i\u015fli Orta Koridor ve Irak \u00fczerinden ge\u00e7ecek Kalk\u0131nma Yolu&#8217;nun T\u00fcrkiye&#8217;nin ba\u011flant\u0131sall\u0131k a\u00e7\u0131s\u0131ndan merkezi rol\u00fcn\u00fc ortaya koydu\u011funu i\u015faret ederek, Ukrayna Sava\u015f\u0131 ve Kovid-19 salg\u0131n\u0131 gibi k\u00fcresel ve jeopolitik ortam\u0131 derin \u015fekilde etkileyen geli\u015fmelerin Orta Koridor&#8217;un g\u00fcvenilir bir alternatif rota oldu\u011funu kan\u0131tlad\u0131\u011f\u0131n\u0131 s\u00f6yledi.<\/p>\n<p>Cumhurba\u015fkan\u0131 Erdo\u011fan&#8217;\u0131n G20 Zirvesi&#8217;ndeki ifadelerini an\u0131msatan Fidan, &#8220;Orta Do\u011fu&#8217;da refah ve istikrar i\u00e7in b\u00fcy\u00fck \u00f6nem arz eden Kalk\u0131nma Yolu Projesi&#8217;nde birka\u00e7 ay i\u00e7erisinde uygulama safhas\u0131na ge\u00e7meyi \u00fcmit ediyoruz.&#8221; dedi.<\/p>\n<p>Fidan, \u00f6te yandan k\u00fcresel enerji krizinin ya\u015fand\u0131\u011f\u0131 bu zamanlarda T\u00fcrkiye&#8217;nin kaynak ve g\u00fczergah \u00e7e\u015fitlendiren, temiz ve yenilenebilir kaynaklar dahil, enerji yat\u0131r\u0131mlar\u0131n\u0131 s\u00fcrekli art\u0131ran bir konumda oldu\u011funu dile getirerek, &#8220;Bu vas\u0131flar\u0131m\u0131zla b\u00f6lgemizde ve \u00f6tesinde enerji g\u00fcvenli\u011fine katk\u0131 sa\u011fl\u0131yoruz. \u00c7abalar\u0131m\u0131zda Avrupa Birli\u011fi&#8217;nin ye\u015fil ve dijital d\u00f6n\u00fc\u015f\u00fcm\u00fcn\u00fc de dikkate al\u0131yor, Avrupa Ye\u015fil Mutabakat\u0131&#8217;n\u0131 ve S\u0131n\u0131rda Karbon D\u00fczenlemesi&#8217;ni yak\u0131ndan takip ediyoruz.&#8221; ifadelerini kulland\u0131.<\/p>\n<h3>T\u00fcrk Yat\u0131r\u0131m Fonu &#8220;T\u00fcrk D\u00fcnyas\u0131 i\u00e7in \u00e7ok somut bir kazan\u0131m&#8221;<\/h3>\n<p>Fidan, Bak\u00fc-Tiflis-Ceyhan ham petrol boru hatt\u0131, Bak\u00fc-Tiflis-Erzurum do\u011fal gaz boru hatt\u0131 ve Trans Anadolu Do\u011fal Gaz Boru Hatt\u0131 Projesi (TANAP) gibi stratejik yat\u0131r\u0131mlara dikkati \u00e7ekerek, T\u00fcrk Devletleri Te\u015fkilat\u0131n\u0131n (TDT) enerji alan\u0131nda her zaman i\u015fbirli\u011fi i\u00e7erisinde oldu\u011funu ve i\u015fbirliklerinin T\u00fcrkmen do\u011fal gaz\u0131n\u0131 i\u00e7erecek \u015fekilde geni\u015fletilmesi i\u00e7in \u00e7al\u0131\u015f\u0131ld\u0131\u011f\u0131n\u0131 kaydetti.<\/p>\n<p>Kazakistan&#8217;da d\u00fczenlenecek 10. TDT Zirvesi&#8217;nde, \u00fcye \u00fclkelerinin ekonomilerinin b\u00fct\u00fcnle\u015fmesi i\u00e7in ciddi ad\u0131mlar at\u0131laca\u011f\u0131n\u0131 bildiren Fidan, &#8220;G\u00fcn\u00fcm\u00fcz\u00fcn uluslararas\u0131 dengelerinde, bu b\u00fct\u00fcnle\u015fmenin ger\u00e7ekten b\u00fcy\u00fck bir stratejik de\u011feri bulunmakta.&#8221; \u015feklindeki de\u011ferlendirmesini payla\u015ft\u0131.<\/p>\n<p>Fidan, TDT \u00fcye \u00fclkelerinin d\u00fcnyayla ticaret hacimlerinin ge\u00e7en y\u0131l 1,2 trilyon dolara ula\u015ft\u0131\u011f\u0131n\u0131 vurgulayarak, bunun daha ileri noktalara ta\u015f\u0131nabilece\u011fini belirtti.<\/p>\n<p>Ankara&#8217;da martta d\u00fczenlenen TDT Ola\u011fan\u00fcst\u00fc Zirvesi&#8217;nde, T\u00fcrk Yat\u0131r\u0131m Fonu&#8217;nun kurulu\u015funa ili\u015fkin imzalanan anla\u015fman\u0131n &#8220;T\u00fcrk D\u00fcnyas\u0131 i\u00e7in \u00e7ok somut bir kazan\u0131m&#8221; oldu\u011funu ifade eden Fidan, konu\u015fmas\u0131n\u0131 \u015f\u00f6yle s\u00fcrd\u00fcrd\u00fc:<\/p>\n<p>&#8220;B\u00f6ylece, 2022 Semerkant Zirvesi\u2019nde kombine y\u00fck ta\u015f\u0131mac\u0131l\u0131\u011f\u0131, basitle\u015ftirilmi\u015f g\u00fcmr\u00fck koridoru ve Turan \u00d6zel Ekonomik B\u00f6lgesi&#8217;nin olu\u015fturulmas\u0131 kararlar\u0131n\u0131n ard\u0131ndan yeni, \u00f6nemli ve kurumsal bir ad\u0131m daha at\u0131lm\u0131\u015f oldu. T\u00fcrk Devletler Te\u015fkilat\u0131 sadece bir araya gelip toplanan de\u011fil, T\u00fcrk devletlerinin ekonomik, siyasi, k\u00fclt\u00fcrel her alanda kurumsal i\u015fbirli\u011fini g\u00fc\u00e7lendiren bir yap\u0131ya d\u00f6n\u00fc\u015ft\u00fc\u011f\u00fcn\u00fcn de ni\u015fanesidir.&#8221;<\/p>\n<p>Fidan, T\u00fcrk Yat\u0131r\u0131m Fonu&#8217;nun kurulmas\u0131yla k\u00fc\u00e7\u00fck ve orta \u00f6l\u00e7ekteki i\u015fletmelere (KOB\u0130), kalk\u0131nma projelerine, ula\u015ft\u0131rma ve lojistik zincirlerine, altyap\u0131 projelerine, tar\u0131m ve turizm alanlar\u0131ndaki yat\u0131r\u0131mlara ve yenilenebilir enerji \u00e7al\u0131\u015fmalar\u0131na destek sa\u011flayacak yap\u0131ya kavu\u015facaklar\u0131n\u0131 s\u00f6yledi.<\/p>\n<h3>3E modeli: Entegre olmak, e\u015fg\u00fcd\u00fcm\u00fc sa\u011flamak ve etki b\u0131rakmak<\/h3>\n<p>D\u0131\u015fi\u015fleri Bakanl\u0131\u011f\u0131 ve T\u00fcrk i\u015f d\u00fcnyas\u0131n\u0131n izlemesi gereken i\u015fbirli\u011fi modelini a\u00e7\u0131klayan Fidan, bunu &#8220;3E modeli&#8221; olarak adland\u0131rd\u0131\u011f\u0131n\u0131 kaydetti.<\/p>\n<p>Fidan, T\u00fcrkiye Y\u00fczy\u0131l\u0131 hedefleri do\u011frultusunda olu\u015fturulan modelin &#8220;entegre olmak, e\u015fg\u00fcd\u00fcm\u00fc sa\u011flamak ve etki b\u0131rakmak&#8221; hedeflerini ta\u015f\u0131d\u0131\u011f\u0131n\u0131 vurgulad\u0131.<\/p>\n<p>B\u00fct\u00fcn d\u00fcnyadaki giri\u015fimcilerin ve i\u015f derneklerinin D\u0131\u015f Ekonomik \u0130li\u015fkiler Kurulu (DE\u0130K) ve DT\u0130K \u00e7at\u0131s\u0131 alt\u0131nda entegre olmas\u0131 \u00e7a\u011fr\u0131s\u0131 yapan Fidan, &#8220;Kendimizi s\u00fcrekli yenileyerek, yeni kurumsalla\u015fma fikirleri geli\u015ftirerek, birlikteli\u011fimizi g\u00fc\u00e7lendirmeliyiz.&#8221; de\u011ferlendirmesinde bulundu.<\/p>\n<p>Fidan, i\u015f d\u00fcnyas\u0131yla e\u015fg\u00fcd\u00fcml\u00fc olunmas\u0131n\u0131 D\u0131\u015fi\u015fleri Bakanl\u0131\u011f\u0131n\u0131n en \u00f6nemli vazifelerinden biri olarak g\u00f6rd\u00fcklerinin alt\u0131n\u0131 \u00e7izerek, &#8220;Zira, g\u00fc\u00e7l\u00fc, kendine yeterli ve k\u00fcresel f\u0131rsatlara eri\u015fimi olan bir ekonomi, milli g\u00fcc\u00fcm\u00fcz\u00fcn kritik bir par\u00e7as\u0131; g\u00fcvenlik ve refah\u0131m\u0131z\u0131n ise teminat\u0131d\u0131r.&#8221; dedi.<\/p>\n<p>Bakanl\u0131k ve di\u011fer ilgili kurumlar\u0131n tek bir \u00e7at\u0131 alt\u0131nda entegre olmu\u015f i\u015f d\u00fcnyas\u0131 ile ortak \u00e7al\u0131\u015fmas\u0131n\u0131n arzu edilen etkiyi b\u0131rakaca\u011f\u0131na i\u015faret eden Fidan, &#8220;Bu etki, savunma sanayiinde g\u00f6sterdi\u011fimiz ba\u015far\u0131y\u0131 di\u011fer inovasyon ve kritik teknoloji alanlar\u0131na yaymakt\u0131r. Bu etki, T\u00fcrkiye&#8217;nin zenginli\u011fini ve dinamizmini her alanda markala\u015ft\u0131rmakt\u0131r. Bu etki, milletimizin \u00e7\u0131karlar\u0131na her co\u011frafyada daha da b\u00fcy\u00fck bir g\u00fc\u00e7le sahip \u00e7\u0131kan k\u00fcresel bir T\u00fcrk diasporas\u0131, k\u00fcresel bir T\u00fcrk lobi g\u00fcc\u00fc yaratmakt\u0131r.&#8221; diye konu\u015ftu.<\/p>\n<p>Fidan, yurt d\u0131\u015f\u0131nda ya\u015fayan T\u00fcrklerin e\u015fsiz bir be\u015feri sermaye oldu\u011fun dikkati \u00e7ekerek, &#8220;Teknolojik geli\u015fimlere h\u0131zl\u0131 bir \u015fekilde uyum sa\u011flayan, bilgi ve inovasyonu ticari ba\u015far\u0131ya tahvil eden bu be\u015feri g\u00fc\u00e7le, gen\u00e7lerimizin start-up&#8217;lar\u0131n\u0131 (yeni giri\u015fim) unicorn&#8217;lara (de\u011feri 1 milyar dolar\u0131n \u00fczerindeki gen\u00e7 teknoloji \u015firketi) d\u00f6n\u00fc\u015ft\u00fcren bir ekosistem olu\u015fturmak hi\u00e7 de uzak de\u011fil.&#8221; dedi.<\/p>\n<p>T\u00fcrkiye ile ba\u011flar\u0131n\u0131 koruyan diasporan\u0131n potansiyeline i\u015faret eden Fidan, \u00fclkenin bu potansiyel sayesinde k\u00fcresel \u00e7apta etkisini, stratejik pazarlara eri\u015fimini ve rekabet g\u00fcc\u00fcn\u00fc daha \u00fcst seviyeye \u00e7\u0131karabilece\u011fini s\u00f6zlerine ekledi.<\/p>\n<p>                            <span class=\"detay-foto-editor\">&#13;<br \/>\n                                <a href=\"https:\/\/www.aa.com.tr\/tr\/p\/abonelik-talep-formu\/1001\" target=\"_blank\" style=\"font-size:12px; color:#444; text-decoration:none;\" rel=\"noopener\">&#13;<br \/>\n                                    Anadolu Ajans\u0131 web sitesinde, AA Haber Ak\u0131\u015f Sistemi (HAS) \u00fczerinden abonelere sunulan haberler, \u00f6zetlenerek yay\u0131mlanmaktad\u0131r. <b style=\"color:#1897F7\">Abonelik i\u00e7in l\u00fctfen ileti\u015fime ge\u00e7iniz.<\/b>&#13;<br \/>\n                                <\/a>&#13;<br \/>\n                            <\/span>\n                        <\/div>\n<p><script>\n\t  window.fbAsyncInit = function() {\n\t\tFB.init({\n\t\t  appId: '1855843514662870',\n\t\t  status : true, \/\/ check login status\n\t\t  cookie : true, \/\/ enable cookies to allow the server to access the session\n\t\t  xfbml  : true  \/\/ parse XFBML\n\t\t});\n\t  };<\/p>\n<p>\t  (function() {\n\t\tvar e = document.createElement('script');\n\t\te.src=\"https:\/\/connect.facebook.net\/tr_TR\/all.js\";\n\t\te.async = true;\n\t\tdocument.getElementById('fb-root').appendChild(e);\n\t  }());\n    <\/script><\/p>\n","protected":false},"excerpt":{"rendered":"<p>Bakan Fidan, \u0130stanbul&#8217;da Hali\u00e7 Kongre Merkezi&#8217;nde d\u00fczenlenen 10. D\u00fcnya T\u00fcrk \u0130\u015f Konseyi (DT\u0130K) Kurultay\u0131&#8217;nda kat\u0131l\u0131mc\u0131lara hitap etti. DT\u0130K&#8217;in hayata ge\u00e7ti\u011fi 2007&#8217;den bu yana b\u00fcy\u00fck ba\u015far\u0131lara imza att\u0131\u011f\u0131n\u0131 dile getiren Fidan, &#8220;Her \u015feyden evvel, D\u00fcnya T\u00fcrk \u0130\u015f Konseyi, vatanda\u015f\u0131m\u0131z olsun, soyda\u015f\u0131m\u0131z olsun, alt\u0131 k\u0131tadan m\u00fcte\u015febbisimizin, anavatan sevgisinde birle\u015fti\u011fi bir \u00e7at\u0131 haline gelmi\u015ftir.&#8221; ifadesini kulland\u0131. Fidan, DT\u0130K&#8217;in [&hellip;]<\/p>\n","protected":false},"author":1,"featured_media":14701,"comment_status":"","ping_status":"","sticky":false,"template":"","format":"standard","meta":[],"categories":[47],"tags":[],"_links":{"self":[{"href":"https:\/\/kraios.app\/news\/wp-json\/wp\/v2\/posts\/14700"}],"collection":[{"href":"https:\/\/kraios.app\/news\/wp-json\/wp\/v2\/posts"}],"about":[{"href":"https:\/\/kraios.app\/news\/wp-json\/wp\/v2\/types\/post"}],"author":[{"embeddable":true,"href":"https:\/\/kraios.app\/news\/wp-json\/wp\/v2\/users\/1"}],"replies":[{"embeddable":true,"href":"https:\/\/kraios.app\/news\/wp-json\/wp\/v2\/comments?post=14700"}],"version-history":[{"count":0,"href":"https:\/\/kraios.app\/news\/wp-json\/wp\/v2\/posts\/14700\/revisions"}],"wp:featuredmedia":[{"embeddable":true,"href":"https:\/\/kraios.app\/news\/wp-json\/wp\/v2\/media\/14701"}],"wp:attachment":[{"href":"https:\/\/kraios.app\/news\/wp-json\/wp\/v2\/media?parent=14700"}],"wp:term":[{"taxonomy":"category","embeddable":true,"href":"https:\/\/kraios.app\/news\/wp-json\/wp\/v2\/categories?post=14700"},{"taxonomy":"post_tag","embeddable":true,"href":"https:\/\/kraios.app\/news\/wp-json\/wp\/v2\/tags?post=14700"}],"curies":[{"name":"wp","href":"https:\/\/api.w.org\/{rel}","templated":true}]}}