{"id":14688,"date":"2023-09-19T14:40:58","date_gmt":"2023-09-19T14:40:58","guid":{"rendered":"https:\/\/kraios.app\/news\/siyaset\/2023\/09\/19\/en-azili-turkiye-dusmanlari-bile-artik-ulkemizi-gormezden-gelemiyor\/"},"modified":"2023-09-19T14:40:58","modified_gmt":"2023-09-19T14:40:58","slug":"en-azili-turkiye-dusmanlari-bile-artik-ulkemizi-gormezden-gelemiyor","status":"publish","type":"post","link":"https:\/\/kraios.app\/news\/siyaset\/2023\/09\/19\/en-azili-turkiye-dusmanlari-bile-artik-ulkemizi-gormezden-gelemiyor\/","title":{"rendered":"En az\u0131l\u0131 T\u00fcrkiye d\u00fc\u015fmanlar\u0131 bile art\u0131k \u00fclkemizi g\u00f6rmezden gelemiyor"},"content":{"rendered":"<p><\/p>\n<div>\n<p>Cumhurba\u015fkan\u0131 Erdo\u011fan, Hali\u00e7 Kongre Merkezi&#8217;nde yap\u0131lan 10. D\u00fcnya T\u00fcrk \u0130\u015f Konseyi (DT\u0130K) Kurultay\u0131&#8217;nda yapt\u0131\u011f\u0131 konu\u015fmada, &#8220;T\u00fcrk Devletleri Te\u015fkilat\u0131: 5 Devlet Tek Diaspora&#8221; uhdesiyle toplanan kurultay\u0131n hay\u0131rlara vesile olmas\u0131 dile\u011finde bulundu.<\/p>\n<p>Kurultay&#8217;da yap\u0131lacak konu\u015fmalar\u0131n, tart\u0131\u015fmalar\u0131n ve al\u0131nacak kararlar\u0131n herkes i\u00e7in yeni bir d\u00f6nemin ba\u015flang\u0131c\u0131 olmas\u0131n\u0131 temenni eden Erdo\u011fan, \u015funlar\u0131 aktard\u0131:<\/p>\n<p class=\"videoWrapper\">\n<div class=\"jeg_video_container jeg_video_content\"><iframe loading=\"lazy\" title=\"Cumhurba\u015fkan\u0131 Erdo\u011fan, Hali\u00e7 Kongre Merkezi&#039;nde 10. D\u00fcnya T\u00fcrk \u0130\u015f Konseyi Kurultay\u0131&#039;nda konu\u015ftu\" width=\"500\" height=\"281\" src=\"https:\/\/www.youtube.com\/embed\/VcKC2xq6kAY?feature=oembed\" frameborder=\"0\" allow=\"accelerometer; autoplay; clipboard-write; encrypted-media; gyroscope; picture-in-picture; web-share\" allowfullscreen><\/iframe><\/div>\n<p>&amp;amp;amp;amp;amp;amp;amp;amp;amp;amp;amp;amp;amp;amp;amp;amp;amp;lt;br class=&#8221;k-br&#8221; \/&amp;amp;amp;amp;amp;amp;amp;amp;amp;amp;amp;amp;amp;amp;amp;amp;amp;gt;<\/iframe><\/p>\n<p class=\"videoWrapper\">&#8220;T\u00fcrk Devletleri Te\u015fkilat\u0131 ile D\u00fcnya T\u00fcrk \u0130\u015f Konseyi aras\u0131nda imzalanacak protokol\u00fcn hay\u0131rl\u0131 olmas\u0131n\u0131 diliyorum. Her i\u015f gibi T\u00fcrk Devletleri Te\u015fkilat\u0131n\u0131n siyasi g\u00fcc\u00fcn\u00fc ve etkinli\u011fini art\u0131racak olan hususlar\u0131n ba\u015f\u0131nda ekonomi alan\u0131nda katedece\u011fi ilerleme geliyor. D\u00fcnya T\u00fcrk \u0130\u015f Konseyinin yap\u0131lacak anla\u015fmayla te\u015fkilat\u0131m\u0131z\u0131n adeta bir par\u00e7as\u0131 haline gelecek olmas\u0131n\u0131 bu bak\u0131mdan \u00e7ok \u00f6nemli g\u00f6r\u00fcyorum.&#8221;<\/p>\n<p class=\"videoWrapper\"><img decoding=\"async\" alt=\"\" src=\"https:\/\/www.aa.com.tr\/uploads\/userFiles\/76bad36d-1411-48e8-a1ae-b65e58872c06\/02.07%2F7%2F8%2FAA-32156901.jpg\"\/><\/p>\n<h3>&#8220;T\u00fcrk d\u00fcnyas\u0131 yeni bir uyan\u0131\u015f ve \u015fahlan\u0131\u015f i\u00e7indedir&#8221;<\/h3>\n<p>Kurultay\u0131n d\u00fczenlenmesinde eme\u011fi ge\u00e7enlere te\u015fekk\u00fcr eden Erdo\u011fan, konu\u015fmas\u0131n\u0131 \u015f\u00f6yle s\u00fcrd\u00fcrd\u00fc:<\/p>\n<p>&#8220;Buradaki \u015fu g\u00fczel g\u00f6r\u00fcnt\u00fcn\u00fcn verdi\u011fi mesaj\u0131n dalga dalga t\u00fcm d\u00fcnyaya yay\u0131laca\u011f\u0131na y\u00fcrekten inan\u0131yorum. Bug\u00fcn burada hem Anadolu&#8217;dan \u00e7\u0131k\u0131p d\u00fcnyan\u0131n d\u00f6rt bir yan\u0131na da\u011f\u0131lan T\u00fcrk diasporas\u0131n\u0131n hem T\u00fcrk d\u00fcnyas\u0131ndaki karde\u015flerimizin ve onlar\u0131n diasporas\u0131n\u0131n hem de \u0130slam d\u00fcnyas\u0131ndan karde\u015flerimizin temsilcileriyle bir araday\u0131z. Sadece T\u00fcrk diasporas\u0131 dedi\u011fimiz di\u011fer \u00fclkelerde ya\u015fayan, \u00e7al\u0131\u015fan, e\u011fitim g\u00f6ren T\u00fcrkiye k\u00f6kenli insanlar\u0131m\u0131z\u0131n say\u0131s\u0131n\u0131n 8 milyonu buldu\u011funu d\u00fc\u015f\u00fcn\u00fcrsek \u00fczerinde y\u00fckseldi\u011fimiz zeminin \u00f6nemini daha iyi anlayabiliriz. Buna Azerbaycan, \u00d6zbekistan, Kazakistan, K\u0131rg\u0131zistan, Kuzey K\u0131br\u0131s T\u00fcrk Cumhuriyeti, T\u00fcrkmenistan, Macaristan gibi T\u00fcrk Devletleri Te\u015fkilat\u0131 \u00fcye ve g\u00f6zlemci devletleri de dahil etmeliyiz. B\u00f6ylece kar\u015f\u0131m\u0131zdaki resim \u00e7ok daha anlaml\u0131 hale gelecektir. Tabii Bat\u0131 Trakya gibi, Balkanlar gibi, Kafkaslar&#8217;daki di\u011fer karde\u015f topluluklar gibi soyda\u015flar\u0131m\u0131z ile \u0130slam d\u00fcnyas\u0131n\u0131 ve onlar\u0131n diasporas\u0131n\u0131 bu foto\u011fraftan ayr\u0131 tutamay\u0131z. Ana vatanlar\u0131 ve diasporas\u0131yla birlikte burada temsil edilen g\u00fcc\u00fcn b\u00fcy\u00fckl\u00fc\u011f\u00fcn\u00fc sadece bizler bilmiyoruz, bu tabloyu kendi \u00e7\u0131karlar\u0131na tehdit olarak g\u00f6renler de ayn\u0131 ger\u00e7e\u011fin fark\u0131ndalar.&#8221;<\/p>\n<blockquote class=\"twitter-tweet\">\n<p dir=\"ltr\" lang=\"tr\">\u275dEn az\u0131l\u0131 T\u00fcrkiye d\u00fc\u015fmanlar\u0131 bile art\u0131k \u00fclkemizi g\u00f6rmezden gelemiyor\u275e<\/p>\n<p>Cumhurba\u015fkan\u0131 Erdo\u011fan, Hali\u00e7 Kongre Merkezi&#8217;nde 10. D\u00fcnya T\u00fcrk \u0130\u015f Konseyi Kurultay\u0131&#8217;nda konu\u015ftu <a href=\"https:\/\/t.co\/Id9B3k9tFf\">https:\/\/t.co\/Id9B3k9tFf<\/a> <a href=\"https:\/\/t.co\/MXLU2Bo0CJ\">pic.twitter.com\/MXLU2Bo0CJ<\/a><\/p>\n<p>\u2014 Anadolu Ajans\u0131 (@anadoluajansi) <a href=\"https:\/\/twitter.com\/anadoluajansi\/status\/1702678734472466692?ref_src=twsrc%5Etfw\">September 15, 2023<\/a><\/p><\/blockquote>\n<p>Cumhurba\u015fkan\u0131 Erdo\u011fan, T\u00fcrk d\u00fcnyas\u0131n\u0131n gerisindeki yenili\u011fe ve geli\u015fmeye a\u00e7\u0131k muhte\u015fem medeniyet birikimi, g\u00fc\u00e7l\u00fc devlet gelene\u011fi, sa\u011flam sosyal yap\u0131s\u0131, vizyoner sivil toplum kurulu\u015flar\u0131yla adeta yeni bir uyan\u0131\u015f, yeni bir \u015fahlan\u0131\u015f i\u00e7inde oldu\u011funu anlatarak, &#8220;\u00d6nce fikir olarak ortaya \u00e7\u0131kan, sonra eyleme d\u00f6n\u00fc\u015fen, nihayet hedeflere ad\u0131m ad\u0131m yakla\u015fma safhalar\u0131ndan olu\u015fan bu s\u00fcreci rahmetli Cemil Meri\u00e7&#8217;in o veciz ifadesiyle \u015fu \u015fekilde tasvir edebiliriz: D\u00fc\u015f\u00fcnmek sava\u015fmakt\u0131r. Bir nesil u\u011fruna, bir millet u\u011fruna, bir medeniyet u\u011fruna sava\u015fmakt\u0131r.&#8221; ifadelerini kulland\u0131.<\/p>\n<p><img decoding=\"async\" alt=\"\" src=\"https:\/\/www.aa.com.tr\/uploads\/userFiles\/76bad36d-1411-48e8-a1ae-b65e58872c06\/02.07%2F7%2F8%2FAA-32156896.jpg\"\/><\/p>\n<h3>&#8220;\u0130leti\u015fim imkanlar\u0131n\u0131n geli\u015fti\u011fi \u015fu d\u00f6nemde, ana vatan ile diaspora aras\u0131ndaki ba\u011flar\u0131 g\u00fc\u00e7lendirmek eskisine g\u00f6re daha kolayd\u0131r&#8221; <\/h3>\n<p>Cumhurba\u015fkan\u0131 Erdo\u011fan, burada yapt\u0131\u011f\u0131 konu\u015fmada,\u00a0 &#8220;\u0130leti\u015fim imkanlar\u0131n\u0131n geli\u015fti\u011fi \u015fu d\u00f6nemde, ana vatan ile diaspora aras\u0131ndaki ba\u011flar\u0131 g\u00fc\u00e7lendirmek eskisine g\u00f6re daha kolayd\u0131r.&#8221;\u00a0 dedi.<\/p>\n<p class=\"videoWrapper\">Cumhurba\u015fkan\u0131 Erdo\u011fan, &#8220;Meydan\u0131 bo\u015f b\u0131rakt\u0131\u011f\u0131m\u0131zda ter\u00f6r \u00f6rg\u00fctlerinden vesayet g\u00fc\u00e7lerine, misyonerlere, her g\u00f6r\u00fcn\u00fcmden kirli yap\u0131lar\u0131n ku\u015fatmas\u0131na maruz kalmam\u0131z ka\u00e7\u0131n\u0131lmazd\u0131r.\u00a0Bizim yapt\u0131\u011f\u0131m\u0131z birlik \u00e7a\u011fr\u0131lar\u0131n\u0131 sadece siyasi retorik \u015feklinde g\u00f6renler nas\u0131l bir yan\u0131lg\u0131 i\u00e7ine d\u00fc\u015ft\u00fcklerini anlad\u0131klar\u0131nda, \u00e7ok ge\u00e7 olacakt\u0131r. &#8221; diye ekledi.<\/p>\n<p>Erdo\u011fan, ileti\u015fim imkanlar\u0131n\u0131n geli\u015fti\u011fi \u015fu d\u00f6nemde, ana vatan ile diaspora aras\u0131ndaki ba\u011flar\u0131 g\u00fc\u00e7lendirmenin eskisine g\u00f6re daha kolay oldu\u011funu anlatarak, &#8220;A\u00e7\u0131k konu\u015fmak gerekirse, \u00f6zellikle Bat\u0131 \u00fclkelerinde ne T\u00fcrkiye&#8217;nin ne de di\u011fer dostlar\u0131m\u0131z\u0131n diasporadaki g\u00fc\u00e7lerini b\u0131rak\u0131n birle\u015ftirmeyi, teker teker bile yeterince etkin kullanamad\u0131\u011f\u0131 bir ger\u00e7ektir. Hem say\u0131sal hem ekonomik ve sosyal olarak bizlerden daha zay\u0131f diasporalar\u0131n, siyasi olarak \u00e7ok daha g\u00fc\u00e7l\u00fc oldu\u011funu ya\u015fad\u0131\u011f\u0131m\u0131z her hadisede tekrar tekrar g\u00f6r\u00fcyoruz. Bunun i\u00e7in hep birlikte \u00e7ok daha fazla \u00e7al\u0131\u015fmam\u0131z, \u00e7ok daha yak\u0131n i\u015fbirli\u011fi i\u00e7inde olmam\u0131z, \u00e7ok daha etkin mekanizmalar kurmam\u0131z gerekiyor.&#8221; de\u011ferlendirmesini yapt\u0131.<\/p>\n<p>Bu kurultay gibi platformlar\u0131n i\u015f d\u00fcnyas\u0131ndan ba\u015flayarak sosyal ve siyasi t\u00fcm alanlara yay\u0131lan bir dalga olu\u015fturaca\u011f\u0131na inand\u0131\u011f\u0131n\u0131 dile getiren Erdo\u011fan, konu\u015fmas\u0131n\u0131 \u015f\u00f6yle s\u00fcrd\u00fcrd\u00fc:<\/p>\n<p>&#8220;K\u00fcresel d\u00fczeydeki her geli\u015fmeyi kendi ortak hedeflerimizin dinamosu haline getirerek, k\u0131sa s\u00fcrede d\u00fcnya \u00e7ap\u0131nda hay\u0131rl\u0131 neticeler elde edece\u011fimizden \u015f\u00fcphe duymuyorum. \u00d6nce kendi aram\u0131zdaki, sonra di\u011fer kesimlerle \u00e7ok boyutlu ili\u015fkilerimizi bu do\u011frultuda h\u0131zla geli\u015ftirmenin yollar\u0131n\u0131 aramal\u0131y\u0131z. Biz meydan\u0131 bo\u015f b\u0131rakt\u0131\u011f\u0131m\u0131zda ter\u00f6r \u00f6rg\u00fctlerinden vesayet g\u00fc\u00e7lerine, istihbarat te\u015fkilatlar\u0131ndan misyonerlere, her g\u00f6r\u00fcn\u00fcmden kirli yap\u0131n\u0131n ku\u015fatmas\u0131na maruz kalmam\u0131z ka\u00e7\u0131n\u0131lmazd\u0131r. Merhum \u0130smail Gasp\u0131ral\u0131&#8217;n\u0131n dilde, fikirde, i\u015fte birlik \u00fclk\u00fcs\u00fc ham bir hayal de\u011fil. D\u00fcn oldu\u011fu gibi bug\u00fcn de birli\u011fimizi ve b\u00fct\u00fcnl\u00fc\u011f\u00fcm\u00fcz\u00fc sa\u011flamak, idame ettirmek, b\u00fcy\u00fctmek en \u00e7ok ihtiyac\u0131m\u0131z olan sac aya\u011f\u0131d\u0131r. As\u0131rl\u0131k ayr\u0131l\u0131klara, as\u0131rl\u0131k hasretlere, as\u0131rl\u0131k ac\u0131lara, as\u0131rl\u0131k yapayl\u0131klara son vermenin vakti gelmi\u015ftir. Hep beraber bir oldu\u011fumuzda, iri oldu\u011fumuzda, diri oldu\u011fumuzda, karde\u015f oldu\u011fumuzda, hep birlikte T\u00fcrk d\u00fcnyas\u0131 oldu\u011fumuzda bunu sa\u011flayabiliriz, endi\u015feniz olmas\u0131n. T\u00fcrkiye olarak bu do\u011frultuda \u00fczerimize d\u00fc\u015fen her \u015feyi yap\u0131yoruz, yapmaya da devam edece\u011fiz.&#8221;<\/p>\n<p><img decoding=\"async\" alt=\"\" src=\"https:\/\/www.aa.com.tr\/uploads\/userFiles\/76bad36d-1411-48e8-a1ae-b65e58872c06\/02.07%2F7%2F8%2FAA-32156892.jpg\"\/><\/p>\n<h3>&#8220;Birlikte hareket edersek d\u00fcnyan\u0131n girdi\u011fi yeni d\u00f6nemde arzu etti\u011fimiz yere ula\u015fabiliriz&#8221;<\/h3>\n<p>Cumhurba\u015fkan\u0131 Recep Tayyip Erdo\u011fan, insanl\u0131k tarihi boyunca toplumlar\u0131 ve devletleri k\u00f6k\u00fcnden sarsan pek \u00e7ok d\u00f6n\u00fcm noktas\u0131n\u0131n ya\u015fand\u0131\u011f\u0131na \u015fahit olundu\u011funu ifade etti.<\/p>\n<p>Son as\u0131rlarda, insanl\u0131\u011f\u0131n kadim birikiminin ve teknolojideki ilerlemenin etkisiyle adeta hayat\u0131n ak\u0131\u015f h\u0131z\u0131n\u0131n artt\u0131\u011f\u0131 bir s\u00fcrece girildi\u011fini s\u00f6yleyen Erdo\u011fan, \u015funlar\u0131 kaydetti:<\/p>\n<p>&#8220;Bat\u0131l\u0131lar\u0131n yazd\u0131\u011f\u0131 tarih kitaplar\u0131ndaki \u0130lk \u00c7a\u011f neredeyse 4 bin y\u0131l\u0131, Orta \u00c7a\u011f 1000 y\u0131l\u0131, Yeni \u00c7a\u011f 336 y\u0131l\u0131, Yak\u0131n \u00c7a\u011f ise 234 y\u0131l\u0131 ifade ediyor. Frans\u0131z \u0130htilali&#8217;ni milat alan Yak\u0131n \u00c7a\u011f\u0131 as\u0131l bi\u00e7imlendiren Birinci ve \u0130kinci D\u00fcnya sava\u015flar\u0131yd\u0131. Bu sava\u015flarda kurulan stat\u00fcko art\u0131k d\u00fcnyay\u0131 ta\u015f\u0131yam\u0131yor. Dolay\u0131s\u0131yla yeni bir \u00e7a\u011f\u0131n ayak sesleri giderek daha g\u00fc\u00e7l\u00fc bir \u015fekilde duyulmaya ba\u015fland\u0131. Biz T\u00fcrkiye olarak, t\u00fcm hesaplar\u0131m\u0131z\u0131 d\u00fcnyan\u0131n \u00f6n\u00fcndeki bu m\u00fcstakbel \u00e7a\u011f\u0131n lider \u00fclkeleri aras\u0131nda yer alma \u00fczerine kuruyoruz. &#8216;T\u00fcrkiye Y\u00fczy\u0131l\u0131&#8217; derken ifade etti\u011fimiz vizyon tam da budur. T\u00fcrk Devletleri Te\u015fkilat\u0131 ile bu vizyonu soyda\u015flar\u0131m\u0131zla payla\u015ft\u0131k. \u0130slam d\u00fcnyas\u0131nda da benzer aray\u0131\u015flar i\u00e7indeyiz. Ama a\u00e7\u0131k\u00e7as\u0131 orada mesafe katetmek daha zor ve yava\u015f oluyor. \u0130n\u015fallah bunu da sa\u011flayaca\u011f\u0131z. Ancak birle\u015firsek, bir olursak, birlikte hareket edersek, d\u00fcnyan\u0131n girdi\u011fi yeni d\u00f6nemde arzu etti\u011fimiz yere, hi\u00e7 \u015f\u00fcphem yok, ula\u015fabiliriz. Aksi takdirde kendimizi, pay\u0131m\u0131za s\u00f6m\u00fcr\u00fcn\u00fcn, zulm\u00fcn, sefaletin, ac\u0131n\u0131n d\u00fc\u015ft\u00fc\u011f\u00fc bir d\u00fczenin i\u00e7inde buluruz. Bu s\u00f6ylediklerim kuzeyimizde, g\u00fcneyimizde, do\u011fumuzda, bat\u0131m\u0131zda ya\u015fanan hadiselerin bize g\u00f6sterdi\u011fi hakikatin ta kendisidir.&#8221;<\/p>\n<p class=\"videoWrapper\"><img decoding=\"async\" alt=\"\" src=\"https:\/\/www.aa.com.tr\/uploads\/userFiles\/76bad36d-1411-48e8-a1ae-b65e58872c06\/02.07%2F7%2F8%2FAA-32156894.jpg\"\/><\/p>\n<h3><span style=\"font-size:1.16em;\">&#8220;Diasporam\u0131z\u0131n t\u00fcm d\u00fcnyaya yay\u0131lan ba\u015far\u0131lar\u0131yla yazd\u0131klar\u0131 destan\u0131 gururla takip ediyoruz&#8221;<\/span><br \/><\/h3>\n<p>\u00c7evrelerinde devletsiz ve vatans\u0131z kalman\u0131n ne anlama geldi\u011finin say\u0131s\u0131z \u00f6rne\u011fi oldu\u011funa i\u015faret eden Erdo\u011fan, s\u00f6zlerini \u015f\u00f6yle s\u00fcrd\u00fcrd\u00fc:<\/p>\n<p>&#8220;Diasporadaki her karde\u015fimiz, gerekti\u011finde d\u00f6n\u00fcp s\u0131\u011f\u0131nabilece\u011fi bir vatan\u0131 oldu\u011funun g\u00fcveniyle, ya\u015fad\u0131\u011f\u0131 yerde kendine bir gelecek in\u015fa etmenin, bireysel olarak ba\u015far\u0131l\u0131 olman\u0131n m\u00fccadelesini veriyor. \u015eayet bu g\u00fcven yoksa, r\u00fczgarda savrulan yaprak misali her an kendinizi savrulurken bulabilirsiniz. Bizim yapt\u0131\u011f\u0131m\u0131z birlik \u00e7a\u011fr\u0131lar\u0131n\u0131 sadece siyasi retorik \u015feklinde g\u00f6renler, nas\u0131l bir yan\u0131lg\u0131 i\u00e7ine d\u00fc\u015ft\u00fcklerini anlad\u0131klar\u0131nda her \u015fey i\u00e7in unutmay\u0131n, \u00e7ok ge\u00e7 olacakt\u0131r. Bunlara bak\u0131p da ibret almamak, ak\u0131l sahibi hi\u00e7 kimsenin yapaca\u011f\u0131 i\u015f de\u011fildir. Verdi\u011fimiz mesajlar\u0131 en iyi d\u00fcnyan\u0131n de\u011fi\u015fen ekonomik trendlerine, ticari ili\u015fkilerine, yeni f\u0131rsatlara h\u0131zl\u0131 uyum yetene\u011fine bizzat \u015fahit oldu\u011fumuz T\u00fcrk i\u015f d\u00fcnyas\u0131n\u0131n anlad\u0131\u011f\u0131na inan\u0131yorum. Diasporam\u0131z\u0131n da kendilerine yeni bir hayat kurduklar\u0131 \u00fclkelerden ba\u015flayarak, t\u00fcm d\u00fcnyaya yay\u0131lan ba\u015far\u0131lar\u0131yla yazd\u0131klar\u0131 destan\u0131 gururla takip ediyoruz.&#8221;<\/p>\n<h3>&#8220;S\u0131k\u0131nt\u0131lar\u0131 ad\u0131m ad\u0131m geride b\u0131rakt\u0131\u011f\u0131m\u0131z bir d\u00f6nemden ge\u00e7iyoruz&#8221;<\/h3>\n<p>Cumhurba\u015fkan\u0131 Erdo\u011fan, &#8220;T\u00fcrk ekonomisinde, k\u00fcresel ekonomik dalgalanmalar\u0131n etkisiyle ya\u015fanan s\u0131k\u0131nt\u0131lar\u0131 ad\u0131m ad\u0131m geride b\u0131rakt\u0131\u011f\u0131m\u0131z bir d\u00f6nemden ge\u00e7iyoruz. Yat\u0131r\u0131m, istihdam, \u00fcretim, ihracat ve cari fazla yoluyla \u00fclkemizi b\u00fcy\u00fctme yolunda katetti\u011fimiz her mesafe, i\u00e7erisi ve d\u0131\u015far\u0131yla t\u00fcm i\u015f d\u00fcnyam\u0131za da yeni nefestir. En az\u0131l\u0131 T\u00fcrkiye d\u00fc\u015fmanlar\u0131 bile art\u0131k \u00fclkemizi g\u00f6rmezden gelemiyor. Ekonomimiz \u00fczerinde kara bulutlar toplama \u00e7abalar\u0131nda ba\u015far\u0131l\u0131 olam\u0131yor. Elbette &#8216;T\u00fcrk&#8217;\u00fcn ezeli ve ebedi imtihan\u0131&#8217; diye tarif edebilece\u011fimiz bu kadim m\u00fccadele asla bitmeyecektir. Bize d\u00fc\u015fen g\u00f6rev, kendi sorumluluk alan\u0131m\u0131zda bu m\u00fccadeleyi en iyi \u015fekilde vermektir. Gerisi Rabb&#8217;imizin takdiridir.&#8221; \u015feklinde konu\u015ftu.<\/p>\n<p>Kurultay\u0131n ba\u015far\u0131l\u0131 ge\u00e7mesini dileyerek, program\u0131n d\u00fczenlenmesinde eme\u011fi ge\u00e7enleri tebrik eden Erdo\u011fan, T\u00fcrk Devletleri Te\u015fkilat\u0131 (TDT) ile Konsey aras\u0131nda imzalanacak anla\u015fman\u0131n hay\u0131rlara vesile olmas\u0131n\u0131 diledi.<\/p>\n<p>Erdo\u011fan, dost \u00fclkelerden ve diasporadan gelen misafirlere seslenerek, ya\u015fad\u0131klar\u0131 yerlere d\u00f6nd\u00fcklerinde t\u00fcm karde\u015flerine hassaten selamlar\u0131n\u0131 iletmelerini istedi.<\/p>\n<p><img decoding=\"async\" alt=\"\" src=\"https:\/\/www.aa.com.tr\/uploads\/userFiles\/76bad36d-1411-48e8-a1ae-b65e58872c06\/02.07%2F7%2F8%2FAA-32157247.jpg\"\/><\/p>\n<h3>DT\u0130K ile TDT aras\u0131nda i\u015fbirli\u011fi protokol\u00fc imzaland\u0131<\/h3>\n<p>Cumhurba\u015fkan\u0131 Erdo\u011fan&#8217;\u0131n konu\u015fmas\u0131n\u0131n ard\u0131ndan DT\u0130K ile TDT aras\u0131nda i\u015fbirli\u011fi protokol\u00fc imzaland\u0131. Protokol\u00fc, D\u0131\u015f Ekonomik \u0130li\u015fkiler Kurulu (DE\u0130K) ve DT\u0130K Ba\u015fkan\u0131 Nail Olpak ile TDT Genel Sekreteri Kuban\u0131\u00e7bek \u00d6m\u00fcraliyev imzalad\u0131.<\/p>\n<p>Cumhurba\u015fkan\u0131 Erdo\u011fan, daha sonra, \u00fcst\u00fcn ba\u015far\u0131 sa\u011flam\u0131\u015f T\u00fcrk k\u00f6kenli ve T\u00fcrkiye dostu y\u00f6neticiler, sporcular, sanat\u00e7\u0131lar ve siyasetin \u00fcst d\u00fczey temsilcilerine \u00f6d\u00fcllerini takdim etti.<\/p>\n<p>Diaspora \u00d6d\u00fcl T\u00f6reni sonras\u0131nda Erdo\u011fan ve beraberindekiler aile foto\u011fraf\u0131 \u00e7ektirdi.<\/p>\n<p>                            <span class=\"detay-foto-editor\">&#13;<br \/>\n                                <a href=\"https:\/\/www.aa.com.tr\/tr\/p\/abonelik-talep-formu\/1001\" target=\"_blank\" style=\"font-size:12px; color:#444; text-decoration:none;\" rel=\"noopener\">&#13;<br \/>\n                                    Anadolu Ajans\u0131 web sitesinde, AA Haber Ak\u0131\u015f Sistemi (HAS) \u00fczerinden abonelere sunulan haberler, \u00f6zetlenerek yay\u0131mlanmaktad\u0131r. <b style=\"color:#1897F7\">Abonelik i\u00e7in l\u00fctfen ileti\u015fime ge\u00e7iniz.<\/b>&#13;<br \/>\n                                <\/a>&#13;<br \/>\n                            <\/span>\n                        <\/div>\n<p><script async src=\"\/\/platform.twitter.com\/widgets.js\" charset=\"utf-8\"><\/script><script>\n\t  window.fbAsyncInit = function() {\n\t\tFB.init({\n\t\t  appId: '1855843514662870',\n\t\t  status : true, \/\/ check login status\n\t\t  cookie : true, \/\/ enable cookies to allow the server to access the session\n\t\t  xfbml  : true  \/\/ parse XFBML\n\t\t});\n\t  };<\/p>\n<p>\t  (function() {\n\t\tvar e = document.createElement('script');\n\t\te.src=\"https:\/\/connect.facebook.net\/tr_TR\/all.js\";\n\t\te.async = true;\n\t\tdocument.getElementById('fb-root').appendChild(e);\n\t  }());\n    <\/script><\/p>\n","protected":false},"excerpt":{"rendered":"<p>Cumhurba\u015fkan\u0131 Erdo\u011fan, Hali\u00e7 Kongre Merkezi&#8217;nde yap\u0131lan 10. D\u00fcnya T\u00fcrk \u0130\u015f Konseyi (DT\u0130K) Kurultay\u0131&#8217;nda yapt\u0131\u011f\u0131 konu\u015fmada, &#8220;T\u00fcrk Devletleri Te\u015fkilat\u0131: 5 Devlet Tek Diaspora&#8221; uhdesiyle toplanan kurultay\u0131n hay\u0131rlara vesile olmas\u0131 dile\u011finde bulundu. Kurultay&#8217;da yap\u0131lacak konu\u015fmalar\u0131n, tart\u0131\u015fmalar\u0131n ve al\u0131nacak kararlar\u0131n herkes i\u00e7in yeni bir d\u00f6nemin ba\u015flang\u0131c\u0131 olmas\u0131n\u0131 temenni eden Erdo\u011fan, \u015funlar\u0131 aktard\u0131: &amp;amp;amp;amp;amp;amp;amp;amp;amp;amp;amp;amp;amp;amp;amp;amp;amp;lt;br class=&#8221;k-br&#8221; \/&amp;amp;amp;amp;amp;amp;amp;amp;amp;amp;amp;amp;amp;amp;amp;amp;amp;gt; &#8220;T\u00fcrk Devletleri Te\u015fkilat\u0131 [&hellip;]<\/p>\n","protected":false},"author":1,"featured_media":14689,"comment_status":"","ping_status":"","sticky":false,"template":"","format":"standard","meta":[],"categories":[47],"tags":[],"_links":{"self":[{"href":"https:\/\/kraios.app\/news\/wp-json\/wp\/v2\/posts\/14688"}],"collection":[{"href":"https:\/\/kraios.app\/news\/wp-json\/wp\/v2\/posts"}],"about":[{"href":"https:\/\/kraios.app\/news\/wp-json\/wp\/v2\/types\/post"}],"author":[{"embeddable":true,"href":"https:\/\/kraios.app\/news\/wp-json\/wp\/v2\/users\/1"}],"replies":[{"embeddable":true,"href":"https:\/\/kraios.app\/news\/wp-json\/wp\/v2\/comments?post=14688"}],"version-history":[{"count":0,"href":"https:\/\/kraios.app\/news\/wp-json\/wp\/v2\/posts\/14688\/revisions"}],"wp:featuredmedia":[{"embeddable":true,"href":"https:\/\/kraios.app\/news\/wp-json\/wp\/v2\/media\/14689"}],"wp:attachment":[{"href":"https:\/\/kraios.app\/news\/wp-json\/wp\/v2\/media?parent=14688"}],"wp:term":[{"taxonomy":"category","embeddable":true,"href":"https:\/\/kraios.app\/news\/wp-json\/wp\/v2\/categories?post=14688"},{"taxonomy":"post_tag","embeddable":true,"href":"https:\/\/kraios.app\/news\/wp-json\/wp\/v2\/tags?post=14688"}],"curies":[{"name":"wp","href":"https:\/\/api.w.org\/{rel}","templated":true}]}}