{"id":14676,"date":"2023-09-19T14:24:46","date_gmt":"2023-09-19T14:24:46","guid":{"rendered":"https:\/\/kraios.app\/news\/siyaset\/2023\/09\/19\/ab-ile-dogmadik-ab-ile-olmeyiz\/"},"modified":"2023-09-19T14:24:46","modified_gmt":"2023-09-19T14:24:46","slug":"ab-ile-dogmadik-ab-ile-olmeyiz","status":"publish","type":"post","link":"https:\/\/kraios.app\/news\/siyaset\/2023\/09\/19\/ab-ile-dogmadik-ab-ile-olmeyiz\/","title":{"rendered":"AB ile do\u011fmad\u0131k, AB ile \u00f6lmeyiz"},"content":{"rendered":"<p><\/p>\n<div>\n<p>MHP Genel Ba\u015fkan\u0131 Devlet Bah\u00e7eli, MHP Genel Merkezi&#8217;nde toplanan Merkez Y\u00f6netim Kurulu (MYK) ve Merkez Disiplin Kurulu (MDK) sonras\u0131 bas\u0131n toplant\u0131s\u0131 d\u00fczenledi, g\u00fcndeme ili\u015fkin de\u011ferlendirmelerde bulundu.<\/p>\n<p>ABD&#8217;nin Ermenistan ile ortak tatbikat d\u00fczenlemesinin, gayrime\u015fru Ermeni g\u00fc\u00e7lerinin Azerbaycan&#8217;\u0131n Karaba\u011f b\u00f6lgesinde yapt\u0131\u011f\u0131 se\u00e7imlerin b\u00f6lge bar\u0131\u015f ve huzuruna kastetti\u011fini belirten Bah\u00e7eli, \u015f\u00f6yle devam etti:<\/p>\n<p>&#8220;Ermenistan, Birle\u015fmi\u015f Milletler Konseyi kararlar\u0131 ile AG\u0130T ilkelerini ihlal etmektedir. Karaba\u011f T\u00fcrk&#8217;t\u00fcr, T\u00fcrk&#8217;\u00fcn yurdudur, can Azerbaycan&#8217;\u0131n ayr\u0131lmaz, ayr\u0131lamaz, kopar\u0131lamaz vatan topra\u011f\u0131d\u0131r. Ermenistan akl\u0131n\u0131 ba\u015f\u0131na almal\u0131, ate\u015fle oynamaktan vazge\u00e7melidir. Bar\u0131\u015f g\u00f6r\u00fc\u015fmelerini sekteye u\u011fratacak, istikrar aray\u0131\u015flar\u0131n\u0131 bo\u015fa \u00e7\u0131karacak her provokasyonun a\u011f\u0131r sonu\u00e7lar\u0131na Erivan y\u00f6netimi, yeri ve zaman\u0131 geldi\u011finde tekrar katlanmak durumunda kalacakt\u0131r. T\u00fcrkiye&#8217;nin, Azerbaycan&#8217;\u0131n toprak b\u00fct\u00fcnl\u00fc\u011f\u00fcn\u00fc ve egemenlik haklar\u0131n\u0131 tehdit eden zora dayal\u0131 kanun ve kural d\u0131\u015f\u0131 muamele ve m\u00fcdahalelere direnmesi iki devlet, tek millet onurunun bir icab\u0131d\u0131r. Soyda\u015flar\u0131m\u0131z yaln\u0131z de\u011fildir. Karaba\u011f karanl\u0131\u011fa \u00e7ekilemeyecektir. Azatl\u0131k T\u00fcrk&#8217;\u00fcn ve T\u00fcrk yurtlar\u0131n\u0131n ezeli ve ebedi kaderidir.&#8221;<\/p>\n<h3>&#8220;AB s\u00fcreci ta\u015f\u0131nmas\u0131 imkans\u0131z hale gelen zelil bir hamuleye d\u00f6n\u00fc\u015ft\u00fc&#8221;<\/h3>\n<p>T\u00fcrkiye&#8217;nin \u00f6ng\u00f6r\u00fcs\u00fc ve manevra kabiliyeti y\u00fcksek bir d\u0131\u015f politika icra etti\u011fini vurgulayan Bah\u00e7eli, &#8220;K\u00f6kl\u00fc diplomasi gelene\u011fine sahip T\u00fcrkiye, d\u0131\u015f politikas\u0131nda co\u011frafi konumu, tarih zenginli\u011fi, g\u00fc\u00e7l\u00fc kurumlar\u0131, kadim millet varl\u0131\u011f\u0131, ahlaki ve manevi m\u00fcktesebat\u0131 ba\u015fta olmak \u00fczere bir\u00e7ok yerli ve milli unsurdan beslenmektedir. T\u00fcrkiye g\u00f6z ard\u0131 edilecek, mesela planlanan Hindistan-Orta Do\u011fu ve Avrupa ekonomi koridorunda ihmal edilecek bir \u00fclke de\u011fildir.&#8221; ifadelerini kulland\u0131.<\/p>\n<p>T\u00fcrkiye&#8217;nin, k\u0131talar\u0131n kesi\u015fme noktas\u0131nda bulundu\u011funa dikkati \u00e7eken Bah\u00e7eli, \u015f\u00f6yle konu\u015ftu:<\/p>\n<p>&#8220;Kutup y\u0131ld\u0131z\u0131 gibi parlayan T\u00fcrk ku\u015fa\u011f\u0131 hem b\u00f6lgemize hem de d\u00fcnyaya bar\u0131\u015f, huzur ve istikrar vadetmektedir.<br \/>Art\u0131k sahada ve masada s\u00f6z\u00fc ge\u00e7en, s\u00f6z\u00fc dinlenen, ne diyece\u011fi merak uyand\u0131ran bir T\u00fcrkiye ger\u00e7e\u011fi vard\u0131r ve g\u00fcn ge\u00e7tik\u00e7e bu yal\u0131n ger\u00e7ek k\u00f6kle\u015fmektedir. Ancak Avrupa Birli\u011fi ile ili\u015fkilerimiz bug\u00fcne kadar bir t\u00fcrl\u00fc istikrar kazanamam\u0131\u015f, kar\u015f\u0131l\u0131kl\u0131 hak ve \u00e7\u0131karlara sayg\u0131 esas\u0131na dayal\u0131 bir seyir izleyememi\u015ftir. Ankara Antla\u015fmas\u0131&#8217;n\u0131n imzaland\u0131\u011f\u0131 12 Eyl\u00fcl 1963 y\u0131l\u0131ndan bu tarafa, yani tam 60 y\u0131ld\u0131r bir aldatma ve oyalama s\u00fcreci devaml\u0131 canl\u0131l\u0131\u011f\u0131n\u0131 korumu\u015ftur. Bu tek yanl\u0131, pe\u015fin h\u00fck\u00fcml\u00fc, d\u0131\u015flay\u0131c\u0131, dayatmac\u0131, hakkaniyetten uzak, \u00f6tekile\u015ftiren, \u00f6l\u00fcm\u00fc g\u00f6sterip s\u0131tmaya raz\u0131 etmeye yarayan, irademizi ve milli haysiyetimizi zedeleyen Avrupa Birli\u011fi s\u00fcreci art\u0131k ta\u015f\u0131nmas\u0131 ve tahamm\u00fcl\u00fc imkans\u0131z hale gelen zelil bir hamuleye d\u00f6n\u00fc\u015fm\u00fc\u015ft\u00fcr.&#8221;<\/p>\n<p>Bah\u00e7eli, Avrupa Parlamentosu&#8217;nda 13 Eyl\u00fcl&#8217;de kabul edilen T\u00fcrkiye Raporu&#8217;nda, &#8220;Mevcut \u015fartlarda T\u00fcrkiye&#8217;nin AB&#8217;ye kat\u0131l\u0131m s\u00fcrecinin yeniden ba\u015flat\u0131lmayaca\u011f\u0131&#8221; ifadesine yer verildi\u011fini hat\u0131rlatarak, &#8220;Br\u00fcksel oradaysa Ankara buradad\u0131r. Kat\u0131l\u0131m s\u00fcrecine art\u0131k kim kat\u0131l\u0131yorsa kat\u0131ls\u0131n, hepsi onlar\u0131n olsun, sabah ak\u015fam kat\u0131l\u0131m \u00e7etelesi tutsunlar, kat\u0131l\u0131mlar\u0131n\u0131 da m\u00fczakerelerini de bast\u0131rs\u0131nlar ba\u015flar\u0131na, k\u0131st\u0131rs\u0131nlar di\u015flerine, biz T\u00fcrkiye Cumhuriyeti&#8217;yiz, biz T\u00fcrk milletiyiz.&#8221; dedi.<\/p>\n<p>S\u00f6z konusu raporda, T\u00fcrkiye ile tam \u00fcyelik yerine &#8220;stratejik ortakl\u0131k&#8221; \u00f6nerisinin de g\u00fcndeme getirildi\u011fini belirten Bah\u00e7eli, \u015funlar\u0131 s\u00f6yledi:<\/p>\n<p>&#8220;Ak\u0131llar\u0131nca bizi avutarak ba\u011f\u0131ml\u0131l\u0131\u011f\u0131n y\u00f6r\u00fcngesinde tutmay\u0131 istiyorlar. Ankara&#8217;da bulamad\u0131\u011f\u0131m\u0131z\u0131 Br\u00fcksel&#8217;in kap\u0131 \u00f6nlerinde arayal\u0131m istiyorlar. 3 Ekim 2005 tarihinde L\u00fcksemburg&#8217;da yap\u0131lan konferansla T\u00fcrkiye resmen Avrupa Birli\u011fi&#8217;ne kat\u0131l\u0131m m\u00fczakerelerine ba\u015flam\u0131\u015ft\u0131. Yine ayn\u0131 g\u00fcn T\u00fcrkiye i\u00e7in M\u00fczakere \u00c7er\u00e7eve Belgesi yay\u0131mlanm\u0131\u015ft\u0131. B\u00f6ylece, T\u00fcrkiye ile Avrupa Birli\u011fi aras\u0131ndaki gelgitli ili\u015fki, \u00e7ok \u00f6nemli bir d\u00f6n\u00fcm noktas\u0131n\u0131 a\u015farak yepyeni bir s\u00fcrece girmi\u015fti. Kat\u0131l\u0131m m\u00fczakerelerinde \u015fu ana kadar 16 fas\u0131l m\u00fczakerelere a\u00e7\u0131lm\u0131\u015f, bir tanesi de ge\u00e7ici olarak kapat\u0131lm\u0131\u015ft\u0131. Baz\u0131 \u00fcye \u00fclkelerin siyasi blokajlar\u0131 ve K\u0131br\u0131s sorunu m\u00fczakere s\u00fcrecini rehin alm\u0131\u015ft\u0131. 2006-2010 y\u0131llar\u0131 aras\u0131nda 13 fas\u0131l m\u00fczakereye a\u00e7\u0131lm\u0131\u015fken, a\u00e7\u0131lmayan fas\u0131llar\u0131n b\u00fcy\u00fck bir b\u00f6l\u00fcm\u00fc \u00fcye \u00fclkelerin siyasi diren\u00e7lerine tak\u0131ld\u0131\u011f\u0131 i\u00e7in, 2010-2013 d\u00f6neminde yaln\u0131zca bir fas\u0131l m\u00fczakereye a\u00e7\u0131labilmi\u015fti. Hatta 17 May\u0131s 2012 tarihinde T\u00fcrkiye ve Avrupa Komisyonu aras\u0131nda pozitif g\u00fcndem ba\u015flat\u0131lm\u0131\u015f, T\u00fcrkiye-Avrupa Birli\u011fi ili\u015fkileri a\u00e7\u0131s\u0131ndan baz\u0131 \u00f6nemli konulardaki i\u015fbirli\u011fi mekanizmalar\u0131n\u0131n g\u00fc\u00e7lendirilmesi hedeflenmi\u015fti.&#8221;<\/p>\n<h3>&#8220;Vakit, Br\u00fcksel maceras\u0131na son vermenin vaktidir&#8221;<\/h3>\n<p>AB&#8217;nin, FET\u00d6&#8217;n\u00fcn darbe giri\u015fimi sonras\u0131nda T\u00fcrkiye&#8217;ye kar\u015f\u0131 sergiledi\u011fi &#8220;dayan\u0131\u015fma eksikli\u011fi, ter\u00f6rle m\u00fccadeleye \u015fa\u015f\u0131 ve so\u011fuk bak\u0131\u015f\u0131&#8221;n\u0131n ili\u015fkileri olumsuz etkiledi\u011fini dile getiren Bah\u00e7eli, &#8220;Ne yap\u0131l\u0131rsa yap\u0131ls\u0131n, T\u00fcrkiye-AB aras\u0131ndaki g\u00fcven bunal\u0131m\u0131, Br\u00fcksel merkezli subjektif yarg\u0131lar a\u015f\u0131lamam\u0131\u015ft\u0131r. T\u00fcrkiye&#8217;ye \u00fc\u00e7\u00fcnc\u00fc s\u0131n\u0131f \u00fclke muamelesi yap\u0131lmas\u0131, her seferinde a\u00e7\u0131lmayan, a\u00e7\u0131lsa da bir t\u00fcrl\u00fc kapanmayan fas\u0131llarla m\u00fczakerelerin y\u0131prat\u0131c\u0131 ve yorucu seyri milli gururumuzu defalarca incitmi\u015ftir.&#8221; diye konu\u015ftu.<\/p>\n<p>T\u00fcrkiye ile Avrupa Birli\u011fi aras\u0131nda kar\u015f\u0131l\u0131kl\u0131 g\u00fcvenin yeni ba\u015ftan in\u015fas\u0131 i\u00e7in d\u00fczenlenen 26 Mart 2018 tarihli Varna Zirvesi&#8217;nden de bir sonu\u00e7 al\u0131nmad\u0131\u011f\u0131n\u0131 belirten Bah\u00e7eli, \u015funlar\u0131 kaydetti:<\/p>\n<p>&#8220;Avrupa Birli\u011fi, Rumlar\u0131n ve Yunan tezlerinin ambargosu alt\u0131nda T\u00fcrkiye&#8217;nin tarihi haklar\u0131ndan ve egemenlik \u00e7\u0131karlar\u0131ndan vazge\u00e7mesi i\u00e7in s\u00fcrekli yeni engeller \u00e7\u0131karm\u0131\u015ft\u0131r. T\u00fcrkiye&#8217;nin tarihine, milli ve manevi de\u011ferlerine s\u0131rt d\u00f6nmesini, yani varl\u0131\u011f\u0131n\u0131 kesin olarak reddetmesini projelendirenler, m\u00fczakere havucuyla tek yanl\u0131 ba\u011f\u0131ml\u0131l\u0131\u011f\u0131 s\u00fcrekli hale getirmek i\u00e7in u\u011fra\u015fm\u0131\u015flard\u0131r. Yaln\u0131zca Rum ve Yunan komplosu de\u011fil, geri planda ABD&#8217;nin, Almanya&#8217;n\u0131n ve Fransa&#8217;n\u0131n bulundu\u011fu potansiyel blok, T\u00fcrkiye&#8217;nin birli\u011fe giri\u015fini yapay bahanelerle devaml\u0131 kundaklam\u0131\u015f ve k\u00f6steklemi\u015ftir. 2019 y\u0131l\u0131n\u0131n ikinci yar\u0131s\u0131nda, Rum y\u00f6netiminin ve Yunanistan&#8217;\u0131n &#8216;Do\u011fu Akdeniz&#8217;de \u00fclkemizin ve KKTC&#8217;nin me\u015fru haklar\u0131 hilaf\u0131na giri\u015ftikleri hidrokarbon sondaj faaliyetleri&#8217;ne verdi\u011fimiz tepki sonras\u0131 AB&#8217;nin &#8216;Birlik Dayan\u0131\u015fmas\u0131&#8217; ad\u0131 alt\u0131nda \u00fclkemize kar\u015f\u0131 ald\u0131\u011f\u0131 kararlar tam bir \u00e7ifte standart olarak tarihe ge\u00e7mi\u015fti. Ard\u0131ndan Suriye&#8217;nin kuzeyindeki PKK\/YPG yuvalanmas\u0131na kar\u015f\u0131 me\u015fru m\u00fccadelemize y\u00f6nelik AB&#8217;nin temelsiz su\u00e7lamalar\u0131 \u00fcyelik m\u00fczakerelerini baltalam\u0131\u015ft\u0131. A\u00e7\u0131k\u00e7a s\u00f6ylemek isterim ki, Avrupa Birli\u011finin T\u00fcrkiye&#8217;yi \u00fcye olarak kabul etmeye niyeti, b\u00f6yle bir hedefi, samimi ve d\u00fcr\u00fcst bir \u00e7izgisi, tutarl\u0131, objektif ve ahlaki bir bak\u0131\u015f\u0131 yoktur, hi\u00e7 de olmam\u0131\u015ft\u0131r.&#8221;<\/p>\n<p>T\u00fcrkiye&#8217;nin bir yol ayr\u0131m\u0131na, bir karar vermenin e\u015fi\u011fine geldi\u011fini vurgulayan Bah\u00e7eli, \u015f\u00f6yle devam etti:<\/p>\n<p>&#8220;Ger\u00e7ekten vakit T\u00fcrkiye vaktidir, vakit Br\u00fcksel maceras\u0131na son vermenin vaktidir. Egemenli\u011fimizin Br\u00fcksel&#8217;e, sahte yery\u00fcz\u00fc cennetine devri diye bir \u015fey s\u00f6z konusu olamayacakt\u0131r. Avrupa Birli\u011fi madem bizi istemiyor, madem k\u0131rk dereden su getiriyor, madem g\u00f6z\u00fcn\u00fcz\u00fcn \u00fcst\u00fcnde ka\u015f\u0131n\u0131z var diyor, o halde biz de onlar\u0131 d\u00fcnden istemedi\u011fimizi, \u00fcyelik ser\u00fcveninin bir an evvel noktalanmas\u0131 hususunda parti g\u00f6r\u00fc\u015f\u00fcm\u00fcz\u00fc aziz milletimizle payla\u015f\u0131yoruz. Avrupa Birli\u011finin kirli, kindar ve tarihi hesaplarla ihata edilmi\u015f m\u00fczakere defteri a\u00e7\u0131lmamak \u00fczere ister tek tarafl\u0131 ister iki tarafl\u0131 olsun mutlaka kapat\u0131lmal\u0131d\u0131r. Bizim i\u00e7in Avrupa Birli\u011fi bitmi\u015ftir. AB&#8217;yle do\u011fmad\u0131k, AB&#8217;siz de \u00f6lmeyiz. AB&#8217;yle var olmad\u0131k, AB&#8217;siz de yolda kalmay\u0131z. 60 y\u0131l kaybettik, bir 60 y\u0131l daha kaybedemeyiz, onun bunun a\u011fz\u0131na bakamay\u0131z. \u00dclkemizi yarg\u0131layan, sinirlerimizi geren, milli \u015ferefimize dil uzatan bir birlik yap\u0131s\u0131n\u0131n isteseler de art\u0131k i\u00e7inde olamay\u0131z, olmamal\u0131y\u0131z. D\u00fcnya AB&#8217;den m\u00fcte\u015fekkil de\u011fildir. T\u00fcrkiye tarihi referanslar\u0131yla, medeniyet birikimiyle, m\u00fcstesna k\u00fclt\u00fcr hazinesiyle, karde\u015flik ve iyi kom\u015fuluk hukukuyla \u00e7evresinde dost ku\u015fa\u011f\u0131 olu\u015fturmaya mahir ve muktedirdir. Avrupa Birli\u011finin PKK&#8217;y\u0131 \u00fcye \u00f6rg\u00fct stat\u00fcs\u00fcnde saflar\u0131na almas\u0131n\u0131n \u00f6n\u00fcnde de bir engel kalmam\u0131\u015ft\u0131r.&#8221;<\/p>\n<h3>&#8220;Avrupa Birli\u011fi i\u015fine baks\u0131n&#8221;<\/h3>\n<p>Bah\u00e7eli, NATO&#8217;nun da tart\u0131\u015f\u0131lmas\u0131, gerekirse yeni ba\u015ftan ittifak hukukunun milli de\u011ferler kapsam\u0131nda ele al\u0131nmas\u0131n\u0131n bir zorunluluk oldu\u011funu belirterek, &#8220;NATO&#8217;ya da mahkum olmad\u0131\u011f\u0131m\u0131z herkes\u00e7e bilinmelidir. \u0130sve\u00e7&#8217;in NATO \u00fcyeli\u011fine \u015fu \u015fartlar alt\u0131nda MHP&#8217;nin olumlu bakmas\u0131 ise e\u015fyan\u0131n tabiat\u0131na b\u00fct\u00fcn\u00fcyle ayk\u0131r\u0131d\u0131r. T\u00fcrkiye Cumhuriyeti tam ba\u011f\u0131ms\u0131zd\u0131r. Cumhuriyet&#8217;in yeni y\u00fczy\u0131l\u0131nda i\u00e7 ve d\u0131\u015f kaynakl\u0131 t\u00fcm kamburlardan kurtulmak milli gayemizdir. Kimseyi u\u015fak g\u00f6rmeyiz, hi\u00e7 kimsenin de T\u00fcrkiye&#8217;yi u\u015fak mertebesine \u00e7ekmesine m\u00fcsaade etmeyiz.&#8221; a\u00e7\u0131klamalar\u0131nda bulundu.<\/p>\n<p>B\u00f6lgesel ve k\u00fcresel \u00e7apta T\u00fcrkiye&#8217;ye sayg\u0131yla yakla\u015fan, kar\u015f\u0131l\u0131kl\u0131 hak ve \u00e7\u0131karlara sayg\u0131 g\u00f6steren \u00fclkelerle kucakla\u015fmak i\u00e7in yeni bir seferberlik s\u00fcreci ba\u015flat\u0131lmas\u0131 gerekti\u011fini dile getiren Bah\u00e7eli, &#8220;Bunlardan birisi olan T\u00fcrk Devletleri Te\u015fkilat\u0131, tarih ile co\u011frafya kayna\u015ft\u0131rmaktad\u0131r. T\u00fcrk ve \u0130slam toplumlar\u0131 Afrika ve Balkan \u00fclkelerini de i\u00e7ine alacak \u015fekilde yeni bir d\u00fcnyan\u0131n yol haritas\u0131n\u0131 \u00e7izebilecektir. AB i\u015fine baks\u0131n, kand\u0131racak, m\u00fczakere \u00e7\u0131kmaz\u0131na s\u00fcr\u00fckleyecek boynu e\u011fik yeni \u00fclkelerin pe\u015fine d\u00fc\u015fs\u00fcn, bizden de sonuna kadar uzak dursun.&#8221; dedi.<\/p>\n<h3>Yeni anayasa<\/h3>\n<p>Yeni anayasa tart\u0131\u015fmalar\u0131na y\u00f6nelik de de\u011ferlendirmelerde bulunan Bah\u00e7eli, &#8220;T\u00fcrkiye Cumhuriyeti&#8217;nin, yepyeni bir dirili\u015f ruhuyla darbe anayasas\u0131n\u0131n yerine herkesi kapsayan, geni\u015f kat\u0131l\u0131ml\u0131, demokratik, insan hak ve h\u00fcrriyetine ba\u011fl\u0131, devlet ve toplum hayat\u0131n\u0131n hassasiyetlerini \u00f6z\u00fcmseyen, Cumhurba\u015fkanl\u0131\u011f\u0131 H\u00fck\u00fcmet Sistemi ile uyumlu, milli ilkelerle b\u00fct\u00fcnle\u015fmi\u015f bir anayasayla yeni y\u00fczy\u0131la m\u00fch\u00fcr vuraca\u011f\u0131na inan\u0131yoruz.&#8221; diye konu\u015ftu.<\/p>\n<p>Partisinin buna haz\u0131r oldu\u011funu vurgulayan Bah\u00e7eli, \u015funlar\u0131 s\u00f6yledi:<\/p>\n<p>&#8220;Cumhuriyet&#8217;in 100&#8217;\u00fcnc\u00fc y\u0131l d\u00f6n\u00fcm\u00fcnde 100 maddelik anayasa teklifimizle de haz\u0131rl\u0131klar\u0131m\u0131z tamamlanm\u0131\u015f, bizatihi Say\u0131n Cumhurba\u015fkan\u0131m\u0131zla payla\u015f\u0131lm\u0131\u015ft\u0131r. Cumhur \u0130ttifak\u0131 olarak ba\u015faraca\u011f\u0131m\u0131zdan ku\u015fku duymuyorum. T\u00fcrkiye, d\u00fcnyan\u0131n parlayan y\u0131ld\u0131z\u0131d\u0131r. D\u00fcnyadan T\u00fcrk\u2019\u00fc ve T\u00fcrkiye&#8217;yi \u00e7ekip \u00e7\u0131kard\u0131\u011f\u0131n\u0131zda geriye hi\u00e7bir \u015fey kalmayacakt\u0131r ve d\u00fcnyan\u0131n kalbi de T\u00fcrkiye&#8217;den, T\u00fcrk d\u00fcnyas\u0131ndan atacakt\u0131r. Ya\u015fas\u0131n T\u00fcrk milleti, ya\u015fas\u0131n T\u00fcrk vatan\u0131. Var olsun T\u00fcrkiye Cumhuriyeti.&#8221;<\/p>\n<h3>&#8220;Sezgin Tanr\u0131kulu i\u00e7in\u00a0mahkeme yolu ard\u0131na kadar a\u00e7\u0131lmal\u0131d\u0131r&#8221;<\/h3>\n<p>CHP milletvekili Sezgin Tanr\u0131kulu hakk\u0131nda Bah\u00e7eli, &#8220;Hukuk ve demokrasinin kurallar\u0131 eksiksiz i\u015fletilerek, bu \u00e7\u00fcr\u00fcm\u00fc\u015f\u00fcn milletvekilli\u011fi d\u00fc\u015f\u00fcr\u00fclmeli, mahkeme yolu ard\u0131na kadar a\u00e7\u0131lmal\u0131d\u0131r.&#8221; dedi.<\/p>\n<p>                            <span class=\"detay-foto-editor\">&#13;<br \/>\n                                <a href=\"https:\/\/www.aa.com.tr\/tr\/p\/abonelik-talep-formu\/1001\" target=\"_blank\" style=\"font-size:12px; color:#444; text-decoration:none;\" rel=\"noopener\">&#13;<br \/>\n                                    Anadolu Ajans\u0131 web sitesinde, AA Haber Ak\u0131\u015f Sistemi (HAS) \u00fczerinden abonelere sunulan haberler, \u00f6zetlenerek yay\u0131mlanmaktad\u0131r. <b style=\"color:#1897F7\">Abonelik i\u00e7in l\u00fctfen ileti\u015fime ge\u00e7iniz.<\/b>&#13;<br \/>\n                                <\/a>&#13;<br \/>\n                            <\/span>\n                        <\/div>\n<p><script>\n\t  window.fbAsyncInit = function() {\n\t\tFB.init({\n\t\t  appId: '1855843514662870',\n\t\t  status : true, \/\/ check login status\n\t\t  cookie : true, \/\/ enable cookies to allow the server to access the session\n\t\t  xfbml  : true  \/\/ parse XFBML\n\t\t});\n\t  };<\/p>\n<p>\t  (function() {\n\t\tvar e = document.createElement('script');\n\t\te.src=\"https:\/\/connect.facebook.net\/tr_TR\/all.js\";\n\t\te.async = true;\n\t\tdocument.getElementById('fb-root').appendChild(e);\n\t  }());\n    <\/script><\/p>\n","protected":false},"excerpt":{"rendered":"<p>MHP Genel Ba\u015fkan\u0131 Devlet Bah\u00e7eli, MHP Genel Merkezi&#8217;nde toplanan Merkez Y\u00f6netim Kurulu (MYK) ve Merkez Disiplin Kurulu (MDK) sonras\u0131 bas\u0131n toplant\u0131s\u0131 d\u00fczenledi, g\u00fcndeme ili\u015fkin de\u011ferlendirmelerde bulundu. ABD&#8217;nin Ermenistan ile ortak tatbikat d\u00fczenlemesinin, gayrime\u015fru Ermeni g\u00fc\u00e7lerinin Azerbaycan&#8217;\u0131n Karaba\u011f b\u00f6lgesinde yapt\u0131\u011f\u0131 se\u00e7imlerin b\u00f6lge bar\u0131\u015f ve huzuruna kastetti\u011fini belirten Bah\u00e7eli, \u015f\u00f6yle devam etti: &#8220;Ermenistan, Birle\u015fmi\u015f Milletler Konseyi kararlar\u0131 [&hellip;]<\/p>\n","protected":false},"author":1,"featured_media":14677,"comment_status":"","ping_status":"","sticky":false,"template":"","format":"standard","meta":[],"categories":[47],"tags":[],"_links":{"self":[{"href":"https:\/\/kraios.app\/news\/wp-json\/wp\/v2\/posts\/14676"}],"collection":[{"href":"https:\/\/kraios.app\/news\/wp-json\/wp\/v2\/posts"}],"about":[{"href":"https:\/\/kraios.app\/news\/wp-json\/wp\/v2\/types\/post"}],"author":[{"embeddable":true,"href":"https:\/\/kraios.app\/news\/wp-json\/wp\/v2\/users\/1"}],"replies":[{"embeddable":true,"href":"https:\/\/kraios.app\/news\/wp-json\/wp\/v2\/comments?post=14676"}],"version-history":[{"count":0,"href":"https:\/\/kraios.app\/news\/wp-json\/wp\/v2\/posts\/14676\/revisions"}],"wp:featuredmedia":[{"embeddable":true,"href":"https:\/\/kraios.app\/news\/wp-json\/wp\/v2\/media\/14677"}],"wp:attachment":[{"href":"https:\/\/kraios.app\/news\/wp-json\/wp\/v2\/media?parent=14676"}],"wp:term":[{"taxonomy":"category","embeddable":true,"href":"https:\/\/kraios.app\/news\/wp-json\/wp\/v2\/categories?post=14676"},{"taxonomy":"post_tag","embeddable":true,"href":"https:\/\/kraios.app\/news\/wp-json\/wp\/v2\/tags?post=14676"}],"curies":[{"name":"wp","href":"https:\/\/api.w.org\/{rel}","templated":true}]}}