{"id":14537,"date":"2023-09-17T21:45:51","date_gmt":"2023-09-17T21:45:51","guid":{"rendered":"https:\/\/kraios.app\/news\/siyaset\/2023\/09\/17\/disisleri-bakani-fidan-new-yorkta-alman-mevkidasi-baerbock-ile-gorustu\/"},"modified":"2023-09-17T21:45:51","modified_gmt":"2023-09-17T21:45:51","slug":"disisleri-bakani-fidan-new-yorkta-alman-mevkidasi-baerbock-ile-gorustu","status":"publish","type":"post","link":"https:\/\/kraios.app\/news\/siyaset\/2023\/09\/17\/disisleri-bakani-fidan-new-yorkta-alman-mevkidasi-baerbock-ile-gorustu\/","title":{"rendered":"D\u0131\u015fi\u015fleri Bakan\u0131 Fidan, New York&#039;ta Alman mevkida\u015f\u0131 Baerbock ile g\u00f6r\u00fc\u015ft\u00fc"},"content":{"rendered":"<p>D\u0131\u015fi\u015fleri Bakan\u0131 Hakan Fidan, New York&#8217;ta, Almanya D\u0131\u015fi\u015fleri Bakan\u0131 Annalena Baerbock ile bir araya geldi.<\/p>\n","protected":false},"excerpt":{"rendered":"<p>D\u0131\u015fi\u015fleri Bakan\u0131 Hakan Fidan, New York&#8217;ta, Almanya D\u0131\u015fi\u015fleri Bakan\u0131 Annalena Baerbock ile bir araya geldi.<\/p>\n","protected":false},"author":1,"featured_media":14538,"comment_status":"","ping_status":"","sticky":false,"template":"","format":"standard","meta":[],"categories":[47],"tags":[],"_links":{"self":[{"href":"https:\/\/kraios.app\/news\/wp-json\/wp\/v2\/posts\/14537"}],"collection":[{"href":"https:\/\/kraios.app\/news\/wp-json\/wp\/v2\/posts"}],"about":[{"href":"https:\/\/kraios.app\/news\/wp-json\/wp\/v2\/types\/post"}],"author":[{"embeddable":true,"href":"https:\/\/kraios.app\/news\/wp-json\/wp\/v2\/users\/1"}],"replies":[{"embeddable":true,"href":"https:\/\/kraios.app\/news\/wp-json\/wp\/v2\/comments?post=14537"}],"version-history":[{"count":0,"href":"https:\/\/kraios.app\/news\/wp-json\/wp\/v2\/posts\/14537\/revisions"}],"wp:featuredmedia":[{"embeddable":true,"href":"https:\/\/kraios.app\/news\/wp-json\/wp\/v2\/media\/14538"}],"wp:attachment":[{"href":"https:\/\/kraios.app\/news\/wp-json\/wp\/v2\/media?parent=14537"}],"wp:term":[{"taxonomy":"category","embeddable":true,"href":"https:\/\/kraios.app\/news\/wp-json\/wp\/v2\/categories?post=14537"},{"taxonomy":"post_tag","embeddable":true,"href":"https:\/\/kraios.app\/news\/wp-json\/wp\/v2\/tags?post=14537"}],"curies":[{"name":"wp","href":"https:\/\/api.w.org\/{rel}","templated":true}]}}