{"id":14520,"date":"2023-09-17T09:06:50","date_gmt":"2023-09-17T09:06:50","guid":{"rendered":"https:\/\/kraios.app\/news\/siyaset\/2023\/09\/17\/tbmm-baskani-kurtulmus-basbakan-menderes-ve-arkadaslarini-idam-edilislerinin-62-yilinda-andi\/"},"modified":"2023-09-17T09:06:50","modified_gmt":"2023-09-17T09:06:50","slug":"tbmm-baskani-kurtulmus-basbakan-menderes-ve-arkadaslarini-idam-edilislerinin-62-yilinda-andi","status":"publish","type":"post","link":"https:\/\/kraios.app\/news\/siyaset\/2023\/09\/17\/tbmm-baskani-kurtulmus-basbakan-menderes-ve-arkadaslarini-idam-edilislerinin-62-yilinda-andi\/","title":{"rendered":"TBMM Ba\u015fkan\u0131 Kurtulmu\u015f, Ba\u015fbakan Menderes ve arkada\u015flar\u0131n\u0131 idam edili\u015flerinin 62. y\u0131l\u0131nda and\u0131"},"content":{"rendered":"<p>TBMM Ba\u015fkan\u0131 Numan Kurtulmu\u015f, merhum Ba\u015fbakan Adnan Menderes&#8217;in 17 Eyl\u00fcl 1961&#8217;de idam edili\u015finin 62&#8217;nci y\u0131l\u0131 dolay\u0131s\u0131yla anma mesaj\u0131 yay\u0131mlad\u0131.<\/p>\n","protected":false},"excerpt":{"rendered":"<p>TBMM Ba\u015fkan\u0131 Numan Kurtulmu\u015f, merhum Ba\u015fbakan Adnan Menderes&#8217;in 17 Eyl\u00fcl 1961&#8217;de idam edili\u015finin 62&#8217;nci y\u0131l\u0131 dolay\u0131s\u0131yla anma mesaj\u0131 yay\u0131mlad\u0131.<\/p>\n","protected":false},"author":1,"featured_media":14521,"comment_status":"","ping_status":"","sticky":false,"template":"","format":"standard","meta":[],"categories":[47],"tags":[],"_links":{"self":[{"href":"https:\/\/kraios.app\/news\/wp-json\/wp\/v2\/posts\/14520"}],"collection":[{"href":"https:\/\/kraios.app\/news\/wp-json\/wp\/v2\/posts"}],"about":[{"href":"https:\/\/kraios.app\/news\/wp-json\/wp\/v2\/types\/post"}],"author":[{"embeddable":true,"href":"https:\/\/kraios.app\/news\/wp-json\/wp\/v2\/users\/1"}],"replies":[{"embeddable":true,"href":"https:\/\/kraios.app\/news\/wp-json\/wp\/v2\/comments?post=14520"}],"version-history":[{"count":0,"href":"https:\/\/kraios.app\/news\/wp-json\/wp\/v2\/posts\/14520\/revisions"}],"wp:featuredmedia":[{"embeddable":true,"href":"https:\/\/kraios.app\/news\/wp-json\/wp\/v2\/media\/14521"}],"wp:attachment":[{"href":"https:\/\/kraios.app\/news\/wp-json\/wp\/v2\/media?parent=14520"}],"wp:term":[{"taxonomy":"category","embeddable":true,"href":"https:\/\/kraios.app\/news\/wp-json\/wp\/v2\/categories?post=14520"},{"taxonomy":"post_tag","embeddable":true,"href":"https:\/\/kraios.app\/news\/wp-json\/wp\/v2\/tags?post=14520"}],"curies":[{"name":"wp","href":"https:\/\/api.w.org\/{rel}","templated":true}]}}