{"id":14502,"date":"2023-09-16T03:52:03","date_gmt":"2023-09-16T03:52:03","guid":{"rendered":"https:\/\/kraios.app\/news\/siyaset\/2023\/09\/16\/disisleri-bakanligi-cocuklarin-silah-altina-alinmasi-konusunda-atfedilen-iddialari-reddetti\/"},"modified":"2023-09-16T03:52:03","modified_gmt":"2023-09-16T03:52:03","slug":"disisleri-bakanligi-cocuklarin-silah-altina-alinmasi-konusunda-atfedilen-iddialari-reddetti","status":"publish","type":"post","link":"https:\/\/kraios.app\/news\/siyaset\/2023\/09\/16\/disisleri-bakanligi-cocuklarin-silah-altina-alinmasi-konusunda-atfedilen-iddialari-reddetti\/","title":{"rendered":"D\u0131\u015fi\u015fleri Bakanl\u0131\u011f\u0131, \u00e7ocuklar\u0131n silah alt\u0131na al\u0131nmas\u0131 konusunda atfedilen iddialar\u0131 reddetti"},"content":{"rendered":"<p><\/p>\n<div>\n<p>D\u0131\u015fi\u015fleri Bakanl\u0131\u011f\u0131, <strong>ABD<\/strong> D\u0131\u015fi\u015fleri Bakanl\u0131\u011f\u0131&#8217;n\u0131n 2023 y\u0131l\u0131 \u0130nsan Ticareti Raporu i\u00e7inde yapt\u0131\u011f\u0131 g\u00fcncellemeyle \u00e7ocuk asker kullanan \u00fclkelerin listesinde <strong>T\u00fcrkiye<\/strong>&#8216;ye de yer vermesine ili\u015fkin, T\u00fcrkiye&#8217;nin uluslararas\u0131 d\u00fczenlemelere taraf olarak bunlar\u0131 itinayla uygulad\u0131\u011f\u0131n\u0131 belirterek, \u00e7ocuklar\u0131n silah alt\u0131na al\u0131nmas\u0131 konusunda atfedilen iddialar\u0131 reddetti.<\/p>\n<p>Bakanl\u0131k, ABD \u0130nsan Ticareti Raporu&#8217;nun T\u00fcrkiye&#8217;ye ili\u015fkin b\u00f6l\u00fcm\u00fc hakk\u0131nda yaz\u0131l\u0131 a\u00e7\u0131klama yapt\u0131.<\/p>\n<p>ABD D\u0131\u015fi\u015fleri Bakanl\u0131\u011f\u0131\u2019n\u0131n 2023 y\u0131l\u0131 \u0130nsan Ticareti Raporu i\u00e7inde yap\u0131lan bir g\u00fcncellemeyle, &#8220;\u00c7ocuk Asker Kullan\u0131m\u0131n\u0131n Engellenmesi Yasas\u0131&#8221; \u00e7er\u00e7evesinde, \u00e7ocuk asker kullanan \u00fclkelerin listesinde T\u00fcrkiye&#8217;ye de yer verdi\u011fi belirtilen a\u00e7\u0131klamada, T\u00fcrkiye\u2019nin insan ticaretinin \u00f6nlenmesi konusundaki kayda de\u011fer \u00e7abalar\u0131n\u0131n g\u00f6z ard\u0131 edilmesinin esefle kar\u015f\u0131land\u0131\u011f\u0131 ifade edildi.<\/p>\n<p>T\u00fcrkiye&#8217;nin insan ticareti su\u00e7unun \u00f6nlenmesi, su\u00e7lular\u0131n cezaland\u0131r\u0131lmas\u0131 ve su\u00e7 ma\u011fdurlar\u0131n\u0131n korunmas\u0131 i\u00e7in her t\u00fcrl\u00fc \u00e7abay\u0131 g\u00f6sterdi\u011fi; bu \u00e7er\u00e7evede, ikili, b\u00f6lgesel ve uluslararas\u0131 i\u015fbirli\u011finin daha da g\u00fc\u00e7lendirilmesine y\u00f6nelik \u00e7al\u0131\u015fmalar\u0131n\u0131 kesintisiz s\u00fcrd\u00fcrd\u00fc\u011f\u00fc kaydedilen a\u00e7\u0131klamada, &#8220;\u00d6te yandan, raporda insan haklar\u0131 konusunun bir kez daha siyasile\u015ftirildi\u011fi g\u00f6r\u00fclmektedir. \u00c7ocuk haklar\u0131n\u0131n korunmas\u0131na ili\u015fkin BM b\u00fcnyesinde kabul edilenler dahil ba\u015fl\u0131ca uluslararas\u0131 d\u00fczenlemelere taraf olan ve bunlar\u0131 itinayla uygulayan \u00fclkemize \u00e7ocuklar\u0131n silah alt\u0131na al\u0131nmas\u0131 konusunda atfedilen iddialar\u0131 reddediyoruz.&#8221; ifadesi kullan\u0131ld\u0131.<\/p>\n<p>A\u00e7\u0131klamada, \u015funlar kaydedildi:<\/p>\n<p>&#8220;Suriye ve Irak&#8217;taki ter\u00f6r eylemlerinde \u00e7ocuklar\u0131 zorla silah alt\u0131na alan PKK\/YPG ter\u00f6r \u00f6rg\u00fct\u00fcne askeri ve mali destek sa\u011flayan ABD\u2019nin, T\u00fcrkiye&#8217;ye b\u00f6ylesi bir karalamada bulunmadan \u00f6nce, bu ger\u00e7ekle y\u00fczle\u015fmesi beklenirdi. Bu durum, ABD makamlar\u0131n\u0131n kararlar\u0131n\u0131 dayand\u0131rd\u0131\u011f\u0131 bilgi kaynaklar\u0131n\u0131n objektifli\u011fi konusunda ciddi soru i\u015faretleri yaratmaktad\u0131r. M\u00fcttefiklik ruhuyla ba\u011fda\u015fmayan bu iftiraya kar\u015f\u0131 gerekli cevap verilecektir. <\/p>\n<p>Ter\u00f6r \u00f6rg\u00fct\u00fc PKK\/YPG g\u00fcd\u00fcm\u00fcndeki s\u00f6zde &#8216;Suriye Demokratik G\u00fc\u00e7leri&#8217;nin Suriye&#8217;de \u00e7ocuklar\u0131n zorla silah alt\u0131na al\u0131nmas\u0131, ka\u00e7\u0131r\u0131lmas\u0131, \u00f6zg\u00fcrl\u00fckten mahrum b\u0131rak\u0131lmas\u0131, okullar\u0131n askeri ama\u00e7larla kullan\u0131lmas\u0131 gibi bir\u00e7ok a\u011f\u0131r su\u00e7 i\u015fledi\u011fi, son olarak BM Suriye Ba\u011f\u0131ms\u0131z Uluslararas\u0131 Soru\u015fturma Komisyonu\u2019nun 12 Eyl\u00fcl 2023 tarihinde kamuoyuyla payla\u015f\u0131lan raporunda kay\u0131t alt\u0131na al\u0131nm\u0131\u015ft\u0131r. \u00d6te yandan, bu ter\u00f6r \u00f6rg\u00fct\u00fcn\u00fcn b\u00f6lgedeki Arap \u00e7o\u011funlu\u011fa kar\u015f\u0131 bask\u0131c\u0131 uygulamalar\u0131n\u0131n ve i\u015fledi\u011fi su\u00e7lar\u0131n son \u00f6rne\u011fi Deyrizor&#8217;da ya\u015fanm\u0131\u015ft\u0131r.<\/p>\n<p>ABD D\u0131\u015fi\u015fleri Bakanl\u0131\u011f\u0131&#8217;n\u0131n Irak\u2019a dair 2022 y\u0131l\u0131 Dini \u00d6zg\u00fcrl\u00fckler Raporunda da PKK&#8217;n\u0131n y\u00fczlerce Yezidi \u00e7ocu\u011fu zorla silah alt\u0131na alma ve ideolojik beyin y\u0131kama amac\u0131yla ka\u00e7\u0131rd\u0131\u011f\u0131, bizatihi Sincar&#8217;daki Yezidi toplumuna atfen ortaya konmaktad\u0131r. B\u00f6l\u00fcc\u00fc ter\u00f6r \u00f6rg\u00fct\u00fcn\u00fcn bask\u0131c\u0131 uygulama ve a\u011f\u0131r su\u00e7lar\u0131n\u0131n mercek alt\u0131na al\u0131nmas\u0131n\u0131n ABD\u2019nin temel sorumluluklar\u0131ndan oldu\u011funu da bu vesileyle hat\u0131rlatmak isteriz.<\/p>\n<p>T\u00fcrkiye, taraf oldu\u011fu b\u00f6lgesel ve uluslararas\u0131 s\u00f6zle\u015fmelere ba\u011fl\u0131 olarak, insan ticareti su\u00e7unu \u00f6nlemek i\u00e7in ge\u00e7mi\u015fte oldu\u011fu gibi bundan sonra da \u00e7abalar\u0131n\u0131 kararl\u0131l\u0131kla s\u00fcrd\u00fcrecektir.&#8221;<\/p>\n<p>                            <span class=\"detay-foto-editor\">&#13;<br \/>\n                                <a href=\"https:\/\/www.aa.com.tr\/tr\/p\/abonelik-talep-formu\/1001\" target=\"_blank\" style=\"font-size:12px; color:#444; text-decoration:none;\" rel=\"noopener\">&#13;<br \/>\n                                    Anadolu Ajans\u0131 web sitesinde, AA Haber Ak\u0131\u015f Sistemi (HAS) \u00fczerinden abonelere sunulan haberler, \u00f6zetlenerek yay\u0131mlanmaktad\u0131r. <b style=\"color:#1897F7\">Abonelik i\u00e7in l\u00fctfen ileti\u015fime ge\u00e7iniz.<\/b>&#13;<br \/>\n                                <\/a>&#13;<br \/>\n                            <\/span>\n                        <\/div>\n<p><script>\n\t  window.fbAsyncInit = function() {\n\t\tFB.init({\n\t\t  appId: '1855843514662870',\n\t\t  status : true, \/\/ check login status\n\t\t  cookie : true, \/\/ enable cookies to allow the server to access the session\n\t\t  xfbml  : true  \/\/ parse XFBML\n\t\t});\n\t  };<\/p>\n<p>\t  (function() {\n\t\tvar e = document.createElement('script');\n\t\te.src=\"https:\/\/connect.facebook.net\/tr_TR\/all.js\";\n\t\te.async = true;\n\t\tdocument.getElementById('fb-root').appendChild(e);\n\t  }());\n    <\/script><\/p>\n","protected":false},"excerpt":{"rendered":"<p>D\u0131\u015fi\u015fleri Bakanl\u0131\u011f\u0131, ABD D\u0131\u015fi\u015fleri Bakanl\u0131\u011f\u0131&#8217;n\u0131n 2023 y\u0131l\u0131 \u0130nsan Ticareti Raporu i\u00e7inde yapt\u0131\u011f\u0131 g\u00fcncellemeyle \u00e7ocuk asker kullanan \u00fclkelerin listesinde T\u00fcrkiye&#8216;ye de yer vermesine ili\u015fkin, T\u00fcrkiye&#8217;nin uluslararas\u0131 d\u00fczenlemelere taraf olarak bunlar\u0131 itinayla uygulad\u0131\u011f\u0131n\u0131 belirterek, \u00e7ocuklar\u0131n silah alt\u0131na al\u0131nmas\u0131 konusunda atfedilen iddialar\u0131 reddetti. Bakanl\u0131k, ABD \u0130nsan Ticareti Raporu&#8217;nun T\u00fcrkiye&#8217;ye ili\u015fkin b\u00f6l\u00fcm\u00fc hakk\u0131nda yaz\u0131l\u0131 a\u00e7\u0131klama yapt\u0131. ABD D\u0131\u015fi\u015fleri Bakanl\u0131\u011f\u0131\u2019n\u0131n [&hellip;]<\/p>\n","protected":false},"author":1,"featured_media":14503,"comment_status":"","ping_status":"","sticky":false,"template":"","format":"standard","meta":[],"categories":[47],"tags":[],"_links":{"self":[{"href":"https:\/\/kraios.app\/news\/wp-json\/wp\/v2\/posts\/14502"}],"collection":[{"href":"https:\/\/kraios.app\/news\/wp-json\/wp\/v2\/posts"}],"about":[{"href":"https:\/\/kraios.app\/news\/wp-json\/wp\/v2\/types\/post"}],"author":[{"embeddable":true,"href":"https:\/\/kraios.app\/news\/wp-json\/wp\/v2\/users\/1"}],"replies":[{"embeddable":true,"href":"https:\/\/kraios.app\/news\/wp-json\/wp\/v2\/comments?post=14502"}],"version-history":[{"count":0,"href":"https:\/\/kraios.app\/news\/wp-json\/wp\/v2\/posts\/14502\/revisions"}],"wp:featuredmedia":[{"embeddable":true,"href":"https:\/\/kraios.app\/news\/wp-json\/wp\/v2\/media\/14503"}],"wp:attachment":[{"href":"https:\/\/kraios.app\/news\/wp-json\/wp\/v2\/media?parent=14502"}],"wp:term":[{"taxonomy":"category","embeddable":true,"href":"https:\/\/kraios.app\/news\/wp-json\/wp\/v2\/categories?post=14502"},{"taxonomy":"post_tag","embeddable":true,"href":"https:\/\/kraios.app\/news\/wp-json\/wp\/v2\/tags?post=14502"}],"curies":[{"name":"wp","href":"https:\/\/api.w.org\/{rel}","templated":true}]}}