{"id":14484,"date":"2023-09-15T21:09:32","date_gmt":"2023-09-15T21:09:32","guid":{"rendered":"https:\/\/kraios.app\/news\/siyaset\/2023\/09\/15\/chp-grup-baskani-ozel-genel-baskanliga-adayligini-acikladi\/"},"modified":"2023-09-15T21:09:32","modified_gmt":"2023-09-15T21:09:32","slug":"chp-grup-baskani-ozel-genel-baskanliga-adayligini-acikladi","status":"publish","type":"post","link":"https:\/\/kraios.app\/news\/siyaset\/2023\/09\/15\/chp-grup-baskani-ozel-genel-baskanliga-adayligini-acikladi\/","title":{"rendered":"CHP Grup Ba\u015fkan\u0131 \u00d6zel, Genel Ba\u015fkanl\u0131\u011fa adayl\u0131\u011f\u0131n\u0131 a\u00e7\u0131klad\u0131"},"content":{"rendered":"<p><\/p>\n<div>\n<p>\u00d6zel, parti genel merkezinde bas\u0131n toplant\u0131s\u0131 d\u00fczenledi.<\/p>\n<p>CHP&#8217;deki de\u011fi\u015fimin \u00fclkenin de\u011fi\u015fimi i\u00e7in \u00f6n ko\u015ful oldu\u011funu ifade eden \u00d6zel, &#8220;Cumhuriyet Halk Partisi Genel Ba\u015fkanl\u0131\u011f\u0131na adayl\u0131\u011f\u0131m\u0131 ilan ediyorum.&#8221; diyerek adayl\u0131\u011f\u0131n\u0131 a\u00e7\u0131klad\u0131.<\/p>\n<p>\u00d6zg\u00fcr \u00d6zel, &#8220;Cumhuriyetin 100. y\u0131l\u0131na tarihimizin en b\u00fcy\u00fck umutsuzlu\u011fuyla giremeyiz, buna izin veremeyiz, buna izin vermem, vermeyece\u011fim, hep birlikte vermeyece\u011fiz.&#8221; dedi.<\/p>\n<p>\u00dclkeyi ve milleti kurtaracak olan\u0131n yine milletin azim ve kararl\u0131l\u0131\u011f\u0131 oldu\u011funu dile getiren \u00d6zel, &#8220;Herkesi bu b\u00fcy\u00fck y\u00fcr\u00fcy\u00fc\u015fe davet ediyorum. \u00c7a\u011fr\u0131m\u0131z t\u00fcm \u00fcyelerimize, t\u00fcm se\u00e7menlerimize, T\u00fcrkiye Cumhuriyeti&#8217;nin t\u00fcm vatanda\u015flar\u0131nad\u0131r. Gelin bu yeni yolu birlikte a\u00e7al\u0131m, hedefe birlikte y\u00fcr\u00fcyelim. \u00c7\u00fcnk\u00fc CHP de\u011fi\u015firse T\u00fcrkiye de\u011fi\u015fir. Bu memleket bizim, bu davet bizim, bu hasret bizim.&#8221; diye konu\u015ftu.<\/p>\n<p>\u00d6zel, Grup Ba\u015fkanl\u0131\u011f\u0131 g\u00f6revini s\u00fcrd\u00fcr\u00fcp s\u00fcrd\u00fcrmeyece\u011fi y\u00f6n\u00fcndeki soru \u00fczerine, yar\u0131ndan itibaren ilan edilen takvim dahilinde yo\u011fun olarak yap\u0131lacak il kongrelerini takip edeceklerini s\u00f6yledi.<\/p>\n<p>\u00d6zg\u00fcr \u00d6zel, &#8220;Bundan \u00f6nce partimizin bize ihtiya\u00e7 duydu\u011fu her s\u00fcre\u00e7te aln\u0131m\u0131z\u0131n bir damla terini nas\u0131l sak\u0131nmad\u0131ysak ve son damlas\u0131na nas\u0131l ak\u0131tt\u0131ysak \u00f6yle ak\u0131tmaya, \u00f6yle \u00e7al\u0131\u015fmaya devam edece\u011fiz.&#8221; ifadelerini kulland\u0131.<\/p>\n<p>Kendisinin, CHP tarihinde genel ba\u015fkanl\u0131k g\u00f6revi y\u00fcr\u00fctmeyen ilk grup ba\u015fkan\u0131, Kemal K\u0131l\u0131\u00e7daro\u011flu&#8217;nun da milletvekili olmayan ilk genel ba\u015fkan oldu\u011funu hat\u0131rlatan \u00d6zel, \u015funlar\u0131 kaydetti:<\/p>\n<p>&#8220;G\u00f6revimizi yetkiyi ald\u0131\u011f\u0131m\u0131z grubumuza ba\u011fl\u0131l\u0131kla bundan sonraki s\u00fcre\u00e7te de s\u00fcrd\u00fcrece\u011fiz ancak resmi kurultay karar\u0131 al\u0131nd\u0131\u011f\u0131 g\u00fcn tekrar bir de\u011ferlendirme yapaca\u011f\u0131z ve o g\u00fcn g\u00f6r\u00fc\u015f\u00fcm\u00fcz\u00fc, karar\u0131m\u0131z\u0131 sizlerle de payla\u015faca\u011f\u0131z.<\/p>\n<p>\u015e\u00f6yle d\u00fc\u015f\u00fcnmekte de fayda var, bazen \u015f\u00f6yle yaz\u0131l\u0131yor &#8216;Bu ikilik de\u011fil mi?&#8217; diye. E\u011fer kurultayda kazan\u0131rsam genel ba\u015fkan ve grup ba\u015fkan\u0131 olaca\u011f\u0131m. Say\u0131n Genel Ba\u015fkan&#8217;\u0131m\u0131z kurultayda aday olursa ve yeniden se\u00e7ilirse yine bir genel ba\u015fkan ve grup ba\u015fkan\u0131 olacak. O y\u00fczden bu s\u00fcre\u00e7le ilgili durumu ikilik olarak tan\u0131mlamamak gerekiyor. Ancak delegemiz, \u00fcyelerimiz bu konunun b\u00f6yle bir ikilikle olmamas\u0131n\u0131 tercih edecek olurlarsa o zaman milletvekili olan bir genel ba\u015fkan\u0131n g\u00f6reve getirilmesi bu ikili g\u00f6revlendirmeyi de otomatikman ortadan kald\u0131racakt\u0131r.&#8221;<\/p>\n<p>\u00d6zel, bug\u00fcn anlataca\u011f\u0131 hikayenin, &#8220;T\u00fcrkiye&#8217;yi de\u011fi\u015ftirmek i\u00e7in CHP&#8217;yi de\u011fi\u015ftirmek isteyenlerin hikayesi&#8221; oldu\u011funu ifade etti.<\/p>\n<p>De\u011fi\u015fim ad\u0131na ilk ad\u0131m\u0131 att\u0131\u011f\u0131n\u0131 belirten \u00d6zel, &#8220;Bu tek bir ki\u015finin de\u011fil, bir kadronun att\u0131\u011f\u0131 kocaman bir ad\u0131md\u0131r. Bir parti i\u00e7in iktidar m\u00fccadelesinin de\u011fil, bir b\u00fcy\u00fck iktidar hayalinin ilk ad\u0131m\u0131d\u0131r. Bizler bu y\u00fcr\u00fcy\u00fc\u015f ile Cumhuriyet devrimimiz ve lideri Gazi Mustafa Kemal Atat\u00fcrk&#8217;\u00fcn devrimci, d\u00f6n\u00fc\u015ft\u00fcr\u00fcc\u00fc karakterini esas alan b\u00fcy\u00fck bir meydan okumay\u0131 hedefliyoruz.&#8221; diye konu\u015ftu.<\/p>\n<p>\u00d6zel, 14 May\u0131s&#8217;ta yap\u0131lan 28. D\u00f6nem Milletvekili Genel Se\u00e7imleri ve Cumhurba\u015fkan\u0131 Se\u00e7im sonu\u00e7lar\u0131na ili\u015fkin parti y\u00f6netimine ele\u015ftirilerini s\u0131ralad\u0131\u011f\u0131 a\u00e7\u0131klamas\u0131nda, &#8220;Se\u00e7im \u00f6ncesi T\u00fcrkiye&#8217;de olu\u015fan b\u00fcy\u00fck umut ve de\u011fi\u015fim inanc\u0131 h\u0131zla derin bir hayal k\u0131r\u0131kl\u0131\u011f\u0131na d\u00f6n\u00fc\u015ft\u00fc. Toplumsal talep ve ihtiya\u00e7lar\u0131n aksine partimizin y\u00f6netimi, yenilginin nedenlerini ciddiyetle ara\u015ft\u0131r\u0131p yeni bir yol haritas\u0131 \u00e7izmedi. Al\u0131nan sonuca farkl\u0131 bahaneler \u00fcretti ve yenilginin siyasi sorumlulu\u011funu maalesef \u00fcstlenmedi. Parti i\u00e7i iktidar\u0131 korumaya odakland\u0131.&#8221; de\u011ferlendirmesinde bulundu.<\/p>\n<p>Toplumun her kesimine dokunan yatay siyaset anlay\u0131\u015f\u0131n\u0131 savunduklar\u0131n\u0131 ifade eden \u00d6zel, &#8220;Kurucu de\u011ferlerimizi temsil eden Atat\u00fcrk ilkeleri ve &#8216;Alt\u0131 Ok&#8217; program\u0131na ba\u011fl\u0131l\u0131\u011f\u0131m\u0131z, tarihsel birikimimize duydu\u011fumuz sayg\u0131n\u0131n ifadesi oldu\u011fu gibi \u00f6z g\u00fcvenli siyasetin temeli, gelece\u011fimize \u0131\u015f\u0131k tutan bir rehber ve do\u011fru yolu g\u00f6steren pusulam\u0131zd\u0131r.&#8221; dedi.<\/p>\n<p>&#8220;\u0130ttifak siyaseti, ittifak kuranlar\u0131n birbirine d\u00f6n\u00fc\u015ft\u00fc\u011f\u00fc, benzedi\u011fi siyaset olmamal\u0131d\u0131r.&#8221; ele\u015ftirisinde bulunan \u00d6zel, may\u0131s ay\u0131nda yap\u0131lan se\u00e7imlerde, se\u00e7ilebilecek s\u0131ralardan 39 milletvekilli\u011finin ba\u015fka partilere verilmesinin, parti vicdan\u0131nda ve tarihinde unutulmayacak bir hasar b\u0131rakt\u0131\u011f\u0131n\u0131 s\u00f6yledi.<\/p>\n<p>G\u00fc\u00e7l\u00fc bir sosyal demokrat duru\u015f ve siyaset anlay\u0131\u015f\u0131ndan mahrum olundu\u011funu savunan \u00d6zel, &#8220;Hedefledi\u011fimiz de\u011fi\u015fim emekten yana, \u00fcretimden yana, \u00e7evreden yana, kad\u0131nlardan yana, gen\u00e7lerden yana ve olan t\u00fcm g\u00fc\u00e7leri bir araya getirdi\u011fimiz yeni, cesaretli ve \u00f6z g\u00fcvenli siyasetimizle hayat bulacakt\u0131r.&#8221; diye konu\u015ftu.<\/p>\n<h3>&#8220;CHP&#8217;nin kay\u0131t d\u0131\u015f\u0131 siyasete teslim olmas\u0131n\u0131 asla kabul etmiyoruz&#8221;<\/h3>\n<p>\u00d6zg\u00fcr \u00d6zel, CHP y\u00f6netiminin de\u011fi\u015fim s\u00fcrecini &#8220;t\u00fcz\u00fc\u011f\u00fcn baz\u0131 maddelerinin de\u011fi\u015ftirilmesi&#8221; ve &#8220;parti program\u0131n\u0131n basit ve yal\u0131n dille yaz\u0131lmas\u0131&#8221; olarak alg\u0131lad\u0131\u011f\u0131n\u0131 aktard\u0131.<\/p>\n<p>Parti t\u00fcz\u00fc\u011f\u00fcnde ve program\u0131nda daha demokratik de\u011fi\u015fiklikler yap\u0131lmas\u0131 gerekti\u011fini savunan \u00d6zel, \u015f\u00f6yle devam etti:<\/p>\n<p>&#8220;T\u00fcz\u00fckte ve programda daha demokratik ve olumlu y\u00f6nde yap\u0131lacak \u00f6nerilere ve t\u00fcm de\u011fi\u015fikliklere katk\u0131 vermeye kararl\u0131y\u0131z. Ancak se\u00e7im ya da kurultaylar\u0131n bask\u0131s\u0131 alt\u0131nda sa\u011fl\u0131kl\u0131, sakin, objektif, yap\u0131sal d\u00f6n\u00fc\u015f\u00fcm ko\u015fullar\u0131n\u0131 yakalaman\u0131n olanaks\u0131z oldu\u011fu ger\u00e7e\u011finin de bilincindeyiz. Bu nedenle yap\u0131lacak de\u011fi\u015fikliklere katk\u0131lar\u0131 verip kurultay\u0131m\u0131z\u0131 tamamlad\u0131ktan sonra hem teorik hem de \u00f6rg\u00fctsel katk\u0131larla ger\u00e7ekle\u015fecek t\u00fcz\u00fck ve program kurultay\u0131n\u0131 yerel se\u00e7im takviminden hemen sonra ba\u015flatacak, 2024 y\u0131l\u0131 i\u00e7erisinde ger\u00e7ekle\u015ftirece\u011fiz. Parti i\u00e7i kurumlar\u0131n, karar ve y\u00f6netim organlar\u0131n\u0131n i\u015flevsiz k\u0131l\u0131nmas\u0131, siyasal yetki ve sorumlulu\u011fu olmayan dan\u0131\u015fmanl\u0131k kurumunun partinin kurumsal yap\u0131s\u0131n\u0131n yerine ge\u00e7mesi, partimizi bir b\u00fct\u00fcn olarak etkisiz ve i\u015flevsiz hale getirerek zay\u0131flatm\u0131\u015ft\u0131r. Cumhuriyet Halk Partisinin \u015fartlar ve gerek\u00e7eler ne olursa olsun kay\u0131t d\u0131\u015f\u0131 siyasete teslim olmas\u0131n\u0131 asla kabul etmiyoruz.&#8221;<\/p>\n<h3>&#8220;Zihniyet de\u011fi\u015fikli\u011fine ihtiya\u00e7 var&#8221;<\/h3>\n<p>\u00d6zel, CHP&#8217;deki karar alma ve aday belirleme s\u00fcre\u00e7lerinin tamamen merkezile\u015fti\u011fi, \u00f6n se\u00e7imlerin kald\u0131r\u0131ld\u0131\u011f\u0131, parti kararlar\u0131n\u0131n atanm\u0131\u015f dan\u0131\u015fmanlar taraf\u0131ndan belirlendi\u011fi ele\u015ftirilerini s\u0131ralad\u0131.<\/p>\n<p>CHP&#8217;de &#8220;bir zihniyet de\u011fi\u015fikli\u011fine ihtiya\u00e7 oldu\u011funu&#8221; s\u00f6yleyen \u00d6zel, &#8220;\u00dclkede anayasas\u0131zla\u015ft\u0131rmaya itiraz eden bir parti \u00f6rg\u00fct\u00fcn\u00fcn, kendi i\u00e7indeki tabi oldu\u011fu t\u00fcz\u00fckten mahrum b\u0131rak\u0131lmas\u0131 giri\u015fimleri asla hak edilmemektedir. Cumhuriyet Halk Partisinin iyi y\u00f6netilmesine her zamankinden daha fazla ihtiya\u00e7 duyulmaktad\u0131r. Bu ama\u00e7la kapsaml\u0131 bir \u00fcye reformu ger\u00e7ekle\u015ftirilerek, \u00fcyelerin genel ba\u015fkan\u0131 do\u011frudan se\u00e7meleri dahil olmak \u00fczere t\u00fcm s\u00fcre\u00e7lere kat\u0131l\u0131mlar\u0131 sa\u011flanacakt\u0131r.&#8221; ifadelerini kulland\u0131.<\/p>\n<p>\u00d6zel, milletvekili, belediye ba\u015fkan\u0131 ve meclis \u00fcyesi adaylar\u0131n\u0131n belirlenmesinde \u00f6n se\u00e7imin esas al\u0131naca\u011f\u0131n\u0131, yeniden aday g\u00f6sterilecek yerel y\u00f6neticilerin belirlenmesinde objektif kriterlerin belirlenece\u011fini, genel merkez y\u00f6neticileri, milletvekilleri, belediye ba\u015fkanlar\u0131 ve belediye meclisi \u00fcyeleri i\u00e7in de 3 d\u00f6nem s\u0131n\u0131r\u0131 getirilece\u011fini bildirdi.<\/p>\n<p>Parti Meclisi&#8217;nin ger\u00e7ek bir meclis gibi \u00e7al\u0131\u015ft\u0131r\u0131laca\u011f\u0131n\u0131 belirten \u00d6zel, &#8220;Parti politikalar\u0131n\u0131n belirlenmesinde dan\u0131\u015fmanlar de\u011fil Parti Meclisi mutlak s\u00f6z sahibi k\u0131l\u0131nacakt\u0131r.&#8221; dedi.<\/p>\n<p>\u00d6zel, CHP&#8217;nin yeni kadrolarla bulu\u015fmas\u0131 gerekti\u011fini belirterek, &#8220;CHP&#8217;deki de\u011fi\u015fim, \u00fclkedeki de\u011fi\u015fim i\u00e7in \u00f6n ko\u015fuldur.&#8221; g\u00f6r\u00fc\u015f\u00fcn\u00fc payla\u015ft\u0131.<\/p>\n<p>                            <span class=\"detay-foto-editor\">&#13;<br \/>\n                                <a href=\"https:\/\/www.aa.com.tr\/tr\/p\/abonelik-talep-formu\/1001\" target=\"_blank\" style=\"font-size:12px; color:#444; text-decoration:none;\" rel=\"noopener\">&#13;<br \/>\n                                    Anadolu Ajans\u0131 web sitesinde, AA Haber Ak\u0131\u015f Sistemi (HAS) \u00fczerinden abonelere sunulan haberler, \u00f6zetlenerek yay\u0131mlanmaktad\u0131r. <b style=\"color:#1897F7\">Abonelik i\u00e7in l\u00fctfen ileti\u015fime ge\u00e7iniz.<\/b>&#13;<br \/>\n                                <\/a>&#13;<br \/>\n                            <\/span>\n                        <\/div>\n<p><script>\n\t  window.fbAsyncInit = function() {\n\t\tFB.init({\n\t\t  appId: '1855843514662870',\n\t\t  status : true, \/\/ check login status\n\t\t  cookie : true, \/\/ enable cookies to allow the server to access the session\n\t\t  xfbml  : true  \/\/ parse XFBML\n\t\t});\n\t  };<\/p>\n<p>\t  (function() {\n\t\tvar e = document.createElement('script');\n\t\te.src=\"https:\/\/connect.facebook.net\/tr_TR\/all.js\";\n\t\te.async = true;\n\t\tdocument.getElementById('fb-root').appendChild(e);\n\t  }());\n    <\/script><\/p>\n","protected":false},"excerpt":{"rendered":"<p>\u00d6zel, parti genel merkezinde bas\u0131n toplant\u0131s\u0131 d\u00fczenledi. CHP&#8217;deki de\u011fi\u015fimin \u00fclkenin de\u011fi\u015fimi i\u00e7in \u00f6n ko\u015ful oldu\u011funu ifade eden \u00d6zel, &#8220;Cumhuriyet Halk Partisi Genel Ba\u015fkanl\u0131\u011f\u0131na adayl\u0131\u011f\u0131m\u0131 ilan ediyorum.&#8221; diyerek adayl\u0131\u011f\u0131n\u0131 a\u00e7\u0131klad\u0131. \u00d6zg\u00fcr \u00d6zel, &#8220;Cumhuriyetin 100. y\u0131l\u0131na tarihimizin en b\u00fcy\u00fck umutsuzlu\u011fuyla giremeyiz, buna izin veremeyiz, buna izin vermem, vermeyece\u011fim, hep birlikte vermeyece\u011fiz.&#8221; dedi. \u00dclkeyi ve milleti kurtaracak olan\u0131n [&hellip;]<\/p>\n","protected":false},"author":1,"featured_media":14485,"comment_status":"","ping_status":"","sticky":false,"template":"","format":"standard","meta":[],"categories":[47],"tags":[],"_links":{"self":[{"href":"https:\/\/kraios.app\/news\/wp-json\/wp\/v2\/posts\/14484"}],"collection":[{"href":"https:\/\/kraios.app\/news\/wp-json\/wp\/v2\/posts"}],"about":[{"href":"https:\/\/kraios.app\/news\/wp-json\/wp\/v2\/types\/post"}],"author":[{"embeddable":true,"href":"https:\/\/kraios.app\/news\/wp-json\/wp\/v2\/users\/1"}],"replies":[{"embeddable":true,"href":"https:\/\/kraios.app\/news\/wp-json\/wp\/v2\/comments?post=14484"}],"version-history":[{"count":0,"href":"https:\/\/kraios.app\/news\/wp-json\/wp\/v2\/posts\/14484\/revisions"}],"wp:featuredmedia":[{"embeddable":true,"href":"https:\/\/kraios.app\/news\/wp-json\/wp\/v2\/media\/14485"}],"wp:attachment":[{"href":"https:\/\/kraios.app\/news\/wp-json\/wp\/v2\/media?parent=14484"}],"wp:term":[{"taxonomy":"category","embeddable":true,"href":"https:\/\/kraios.app\/news\/wp-json\/wp\/v2\/categories?post=14484"},{"taxonomy":"post_tag","embeddable":true,"href":"https:\/\/kraios.app\/news\/wp-json\/wp\/v2\/tags?post=14484"}],"curies":[{"name":"wp","href":"https:\/\/api.w.org\/{rel}","templated":true}]}}