{"id":14470,"date":"2023-09-15T14:57:17","date_gmt":"2023-09-15T14:57:17","guid":{"rendered":"https:\/\/kraios.app\/news\/siyaset\/2023\/09\/15\/chp-uyesi-orsan-kunter-oymen-chp-genel-baskanligina-aday-oldugunu-acikladi\/"},"modified":"2023-09-15T14:57:17","modified_gmt":"2023-09-15T14:57:17","slug":"chp-uyesi-orsan-kunter-oymen-chp-genel-baskanligina-aday-oldugunu-acikladi","status":"publish","type":"post","link":"https:\/\/kraios.app\/news\/siyaset\/2023\/09\/15\/chp-uyesi-orsan-kunter-oymen-chp-genel-baskanligina-aday-oldugunu-acikladi\/","title":{"rendered":"CHP \u00fcyesi \u00d6rsan Kunter \u00d6ymen, CHP Genel Ba\u015fkanl\u0131\u011f\u0131na aday oldu\u011funu a\u00e7\u0131klad\u0131"},"content":{"rendered":"<p>CHP \u00fcyesi \u00d6rsan Kunter \u00d6ymen, CHP Genel Ba\u015fkanl\u0131\u011f\u0131na aday oldu\u011funu a\u00e7\u0131klad\u0131.<\/p>\n","protected":false},"excerpt":{"rendered":"<p>CHP \u00fcyesi \u00d6rsan Kunter \u00d6ymen, CHP Genel Ba\u015fkanl\u0131\u011f\u0131na aday oldu\u011funu a\u00e7\u0131klad\u0131.<\/p>\n","protected":false},"author":1,"featured_media":14471,"comment_status":"","ping_status":"","sticky":false,"template":"","format":"standard","meta":[],"categories":[47],"tags":[],"_links":{"self":[{"href":"https:\/\/kraios.app\/news\/wp-json\/wp\/v2\/posts\/14470"}],"collection":[{"href":"https:\/\/kraios.app\/news\/wp-json\/wp\/v2\/posts"}],"about":[{"href":"https:\/\/kraios.app\/news\/wp-json\/wp\/v2\/types\/post"}],"author":[{"embeddable":true,"href":"https:\/\/kraios.app\/news\/wp-json\/wp\/v2\/users\/1"}],"replies":[{"embeddable":true,"href":"https:\/\/kraios.app\/news\/wp-json\/wp\/v2\/comments?post=14470"}],"version-history":[{"count":0,"href":"https:\/\/kraios.app\/news\/wp-json\/wp\/v2\/posts\/14470\/revisions"}],"wp:featuredmedia":[{"embeddable":true,"href":"https:\/\/kraios.app\/news\/wp-json\/wp\/v2\/media\/14471"}],"wp:attachment":[{"href":"https:\/\/kraios.app\/news\/wp-json\/wp\/v2\/media?parent=14470"}],"wp:term":[{"taxonomy":"category","embeddable":true,"href":"https:\/\/kraios.app\/news\/wp-json\/wp\/v2\/categories?post=14470"},{"taxonomy":"post_tag","embeddable":true,"href":"https:\/\/kraios.app\/news\/wp-json\/wp\/v2\/tags?post=14470"}],"curies":[{"name":"wp","href":"https:\/\/api.w.org\/{rel}","templated":true}]}}