{"id":14403,"date":"2023-09-14T20:46:33","date_gmt":"2023-09-14T20:46:33","guid":{"rendered":"https:\/\/kraios.app\/news\/siyaset\/2023\/09\/14\/kktc-gayriinsani-bir-izolasyonla-karsi-karsiya-izah-edilebilir-bir-durum-degil\/"},"modified":"2023-09-14T20:46:33","modified_gmt":"2023-09-14T20:46:33","slug":"kktc-gayriinsani-bir-izolasyonla-karsi-karsiya-izah-edilebilir-bir-durum-degil","status":"publish","type":"post","link":"https:\/\/kraios.app\/news\/siyaset\/2023\/09\/14\/kktc-gayriinsani-bir-izolasyonla-karsi-karsiya-izah-edilebilir-bir-durum-degil\/","title":{"rendered":"KKTC gayriinsani bir izolasyonla kar\u015f\u0131 kar\u015f\u0131ya, izah edilebilir bir durum de\u011fil"},"content":{"rendered":"<p><\/p>\n<div>\n<p>Y\u0131lmaz, BRT televizyonu \u00f6zel yay\u0131n\u0131nda g\u00fcndeme ili\u015fkin a\u00e7\u0131klamalarda bulundu ve sorular\u0131 yan\u0131tlad\u0131.<\/p>\n<p>Kuzey K\u0131br\u0131s T\u00fcrk Cumhuriyeti (KKTC) ve T\u00fcrkiye aras\u0131ndaki \u0130ktisadi ve Mali \u0130\u015fbirli\u011fi Protokol\u00fc&#8217;ne y\u00f6nelik soru \u00fczerine Y\u0131lmaz, s\u00f6z konusu belgenin yeni kabinenin kurulmas\u0131n\u0131n ard\u0131ndan Cumhurba\u015fkan\u0131 Recep Tayyip Erdo\u011fan taraf\u0131ndan imzalanan ilk protokol oldu\u011funu vurgulad\u0131.<\/p>\n<p>Bunu KKTC&#8217;ye verilen \u00f6nemin a\u00e7\u0131k g\u00f6stergesi olarak nitelendiren Y\u0131lmaz, protokol\u00fcn, her \u015feyden \u00f6nce KKTC&#8217;nin egemen devlet olarak varl\u0131\u011f\u0131n\u0131, altyap\u0131s\u0131n\u0131 g\u00fc\u00e7lendirmeyi, K\u0131br\u0131s T\u00fcrk\u00fc&#8217;n\u00fcn refah\u0131n\u0131 art\u0131rmay\u0131 hedefleyen \u00f6nemli bir belge oldu\u011funu belirtti.<\/p>\n<p>Cevdet Y\u0131lmaz, protokol\u00fcn, T\u00fcrkiye ile KKTC aras\u0131ndaki dayan\u0131\u015fman\u0131n en g\u00fc\u00e7l\u00fc g\u00f6stergelerinden oldu\u011funa i\u015faret ederek, &#8220;KKTC&#8217;nin devlet ve millet olarak \u00f6nceli\u011fi neyse bizim bu belgemizin esas \u00f6nceli\u011fi de o.&#8221; de\u011ferlendirmesinde bulundu.<\/p>\n<p>Su ve Toprak Kaynaklar\u0131 Master Plan\u0131 a\u00e7\u0131l\u0131\u015f toplant\u0131s\u0131n\u0131n yap\u0131laca\u011f\u0131 hat\u0131rlat\u0131larak \u00f6zellikle su konusundaki projelere ili\u015fkin soru \u00fczerine Y\u0131lmaz, son d\u00f6nemde ya\u015fanan geli\u015fmelerin \u00f6zellikle tar\u0131m ve g\u0131da g\u00fcvenli\u011fi konular\u0131n\u0131n ne kadar \u00f6nemli oldu\u011funu bir kez daha g\u00f6zler \u00f6n\u00fcne serdi\u011fini an\u0131msatt\u0131.<\/p>\n<p>Tar\u0131mda su kullan\u0131m\u0131n\u0131n kritik oldu\u011funu vurgulayan Y\u0131lmaz, Su ve Toprak Kaynaklar\u0131 Master Plan\u0131&#8217;n\u0131n, gelecek a\u00e7\u0131s\u0131ndan hayati bir proje oldu\u011funu bildirdi.<\/p>\n<p>Ger\u00e7ekle\u015ftirilen &#8220;dev bir proje&#8221; ile T\u00fcrkiye&#8217;den KKTC&#8217;ye denizin alt\u0131ndan borularla su ta\u015f\u0131nd\u0131\u011f\u0131n\u0131 ifade eden Y\u0131lmaz, b\u00f6ylece i\u00e7me suyu konusundaki sorunun b\u00fcy\u00fck oranda \u00e7\u00f6z\u00fcld\u00fc\u011f\u00fcn\u00fc aktard\u0131.<\/p>\n<p>&#8220;\u015eimdi s\u0131ra sulama k\u0131sm\u0131nda&#8221; diyen Y\u0131lmaz, bu konuda \u00f6nemli \u00e7al\u0131\u015fmalar\u0131n y\u00fcr\u00fct\u00fcld\u00fc\u011f\u00fcn\u00fc, bu alandaki projelerin hayata ge\u00e7mesinin istihdam ve refaha katk\u0131 sa\u011flad\u0131\u011f\u0131n\u0131 s\u00f6yledi.<\/p>\n<p>Enerji arz\u0131 g\u00fcvenli\u011fi i\u00e7in kabloyla enerji sa\u011flanmas\u0131na y\u00f6nelik projeye ili\u015fkin soru \u00fczerine Y\u0131lmaz, T\u00fcrkiye ile kurulacak enterkonnekte sistemle sadece KKTC&#8217;nin de\u011fil, t\u00fcm Ada&#8217;n\u0131n d\u00fcnyaya ba\u011flanaca\u011f\u0131n\u0131 anlatt\u0131.<\/p>\n<p>Enerjinin, sanayiden g\u00fcndelik hayata kadar etkisine vurgu yapan Y\u0131lmaz, imzalanan mutabakatla s\u00f6z konusu projedeki s\u00fcrecin h\u0131zland\u0131r\u0131ld\u0131\u011f\u0131n\u0131 dile getirdi.<\/p>\n<p>Proje fizibilite \u00e7al\u0131\u015fmalar\u0131n\u0131n yap\u0131ld\u0131\u011f\u0131n\u0131, tamamlanmas\u0131n\u0131n ard\u0131ndan yap\u0131m a\u015famas\u0131na ge\u00e7ilece\u011fini belirten Y\u0131lmaz, \u015funlar\u0131 kaydetti:<\/p>\n<p>&#8220;B\u00fcy\u00fck \u00f6l\u00e7ekli projeler aras\u0131nda g\u00fcndemimizdeki en \u00f6nemli proje bu olacak. Ercan Havaliman\u0131 \u00e7ok \u015f\u00fck\u00fcr hayata ge\u00e7ti. Art\u0131k KKTC&#8217;nin yeni vitrini oldu. Muazzam bir yat\u0131r\u0131m. Zamanla \u00e7ok daha iyi bir hale gelecek. Bu t\u00fcr projeler hayata ge\u00e7tik\u00e7e buradaki insan\u0131m\u0131z da \u00e7ok daha m\u00fcreffeh ya\u015fam ortam\u0131na kavu\u015fmu\u015f olacak. B\u00fcy\u00fck \u00f6l\u00e7ekli yat\u0131r\u0131mlar\u0131 birer birer hayata ge\u00e7irip ba\u015far\u0131 hikayelerimizi \u00e7o\u011faltaca\u011f\u0131z. Suda bir ba\u015far\u0131 hikayemiz var, havaliman\u0131nda bir ba\u015far\u0131 hikayemiz olu\u015ftu. \u015eimdi elektrikte de in\u015fallah ayn\u0131 ba\u015far\u0131 hikayesini elbirli\u011fiyle, T\u00fcrkiye Cumhuriyeti ve KKTC b\u00fct\u00fcn yetkilileri, ilgilileri, teknik kadrolar\u0131 ile ba\u015faraca\u011f\u0131z.&#8221;<\/p>\n<h3>&#8220;\u00dc\u00e7 devlet tek millet&#8230;&#8221;<\/h3>\n<p>Azerbaycan&#8217;da d\u00fczenlenen &#8220;Bakanlar Toplant\u0131s\u0131&#8221;nda KKTC&#8217;nin g\u00f6zlemci s\u0131fat\u0131yla yerini ald\u0131\u011f\u0131 an\u0131msat\u0131larak, KKTC&#8217;nin \u00f6zellikle T\u00fcrk d\u00fcnyas\u0131ndaki stat\u00fcs\u00fcne ili\u015fkin soru \u00fczerine Y\u0131lmaz, T\u00fcrkiye ile Azerbaycan aras\u0131ndaki karde\u015flik ve dostlu\u011fa vurgu yapt\u0131.<\/p>\n<p>&#8220;\u0130ki devlet, tek millet&#8221; anlay\u0131\u015f\u0131n\u0131 hat\u0131rlatan Y\u0131lmaz, &#8220;Asl\u0131nda &#8216;\u00fc\u00e7 devlet tek millet&#8217; demek laz\u0131m, KKTC&#8217;yi de katt\u0131\u011f\u0131m\u0131z zaman&#8221; ifadesini kulland\u0131. S\u00f6z konusu toplant\u0131n\u0131n \u00f6nemli ve baz\u0131 \u015feylerin i\u015fareti oldu\u011funu aktaran Y\u0131lmaz, \u015fu g\u00f6r\u00fc\u015fleri payla\u015ft\u0131:<\/p>\n<p>&#8220;KKTC, \u00f6n\u00fcm\u00fczdeki d\u00f6nemde giderek d\u00fcnyada daha etkili bir hale gelecek, d\u00fcnya ile daha fazla kanallar a\u00e7acak. Bunlar ekonomik, akademik, sportif, sanat aktiviteleri gibi kanallar olabilir. Bunlardan biri de k\u00fclt\u00fcrel boyut. Bunu b\u00fct\u00fcn d\u00fcnyaya ta\u015f\u0131mak durumunda KKTC. Buna engel olmak asl\u0131nda insanl\u0131\u011fa engel olmak demek. Bakt\u0131\u011f\u0131n\u0131zda KKTC gayriinsani bir izolasyonla kar\u015f\u0131 kar\u015f\u0131ya. Hi\u00e7bir \u015fekilde izah edilebilir bir durum de\u011fil. Bunlar in\u015fallah birer birer ortadan kalkacak.&#8221;<\/p>\n<p>Y\u0131lmaz, T\u00fcrk Devletleri Te\u015fkilat\u0131 ile KKTC aras\u0131ndaki entegrasyonun g\u00fc\u00e7lendirilmesinin \u00f6nemine de\u011finerek, &#8220;Bu sadece KKTC a\u00e7\u0131s\u0131ndan de\u011fil, T\u00fcrk d\u00fcnyas\u0131 a\u00e7\u0131s\u0131ndan da her bak\u0131mdan k\u0131ymetli.&#8221; s\u00f6zlerini sarf etti.<\/p>\n<p>&#8220;T\u00fcrkiye Y\u00fczy\u0131l\u0131, ayn\u0131 zamanda KKTC y\u00fczy\u0131l\u0131 olacak&#8221; s\u00f6zleri hat\u0131rlat\u0131larak de\u011ferlendirmesi sorulan Y\u0131lmaz, Cumhuriyet&#8217;in 100. y\u0131l\u0131nda ge\u00e7mi\u015ften gelen kazan\u0131mlarla birlikte &#8220;T\u00fcrkiye Y\u00fczy\u0131l\u0131&#8221; ad\u0131n\u0131 verdikleri yeni bir d\u00f6nemi ba\u015flatt\u0131klar\u0131n\u0131 belirtti.<\/p>\n<p>T\u00fcrkiye&#8217;nin, 21. y\u00fczy\u0131l\u0131n y\u00fckselen g\u00fc\u00e7leri aras\u0131nda en \u00f6n s\u0131ralarda yerini alaca\u011f\u0131n\u0131 kaydeden Y\u0131lmaz, &#8220;\u00c7ok ciddi tarihi birikimleri, bir\u00e7ok co\u011frafya ile \u00e7ok \u00f6nemli ba\u011flant\u0131lar\u0131 olan bir \u00fclkeyiz. \u015eimdi yeni y\u00fczy\u0131lda, bu y\u00fczy\u0131l\u0131n \u015fartlar\u0131 i\u00e7inde yeti\u015fmi\u015f insan g\u00fcc\u00fc, teknolojik altyap\u0131, kurumsal kapasite, demokratik, hukuk standartlar\u0131 y\u00fcksek bir \u00fclke olarak gelece\u011fe y\u00fcr\u00fcyecek, \u00e7ok daha etkili bir \u00fclke haline gelece\u011fiz.&#8221; dedi.<\/p>\n<p>B\u00fcy\u00fck badireler atlatan T\u00fcrkiye&#8217;nin \u00f6nemli bir e\u015fi\u011fe geldi\u011fine ve bunu da ge\u00e7erek \u00e7ok daha ileri \u00fclkeler s\u0131n\u0131f\u0131na girece\u011fine y\u00f6nelik inanc\u0131n\u0131 dile getiren Y\u0131lmaz, &#8220;Bu y\u00fczy\u0131l, T\u00fcrkiye y\u00fczy\u0131l\u0131 olacak in\u015fallah. G\u00fc\u00e7lenen T\u00fcrkiye ayn\u0131 zamanda g\u00fc\u00e7lenen KKTC ile birlikte ger\u00e7ekle\u015fecek.&#8221; a\u00e7\u0131klamas\u0131nda bulundu.<\/p>\n<p>Farkl\u0131 bir gelece\u011fin kendilerini bekledi\u011fini anlatan Y\u0131lmaz, &#8220;T\u00fcrkiye&#8217;nin liderli\u011finde, Say\u0131n Cumhurba\u015fkan\u0131m\u0131z\u0131n koydu\u011fu bu vizyon ad\u0131m ad\u0131m ger\u00e7ekle\u015fecek. \u00d6nce 2053 sonra 2071 diyoruz. Bu uzun vadeli vizyonumuz \u00e7er\u00e7evesinde b\u00fct\u00fcn toplumsal kesimlerin kat\u0131l\u0131m\u0131yla &#8216;T\u00fcrkiye Y\u00fczy\u0131l\u0131&#8217;n\u0131 ve &#8216;KKTC Y\u00fczy\u0131l\u0131&#8217;n\u0131 in\u015fa edece\u011fiz. Ge\u00e7mi\u015fimiz, tarihimiz, de\u011ferlerimiz bir, gelece\u011fimiz ve kaderimiz de bir diye d\u00fc\u015f\u00fcn\u00fcyorum. Dolay\u0131s\u0131yla birlikte y\u00fckselip birlikte g\u00fc\u00e7lenece\u011fiz. Bunun sa\u011flad\u0131\u011f\u0131 refahtan da t\u00fcm toplum istifade edecek.&#8221; ifadesini kulland\u0131.\u200b\u200b\u200b\u200b\u200b\u200b\u200b<\/p>\n<p>                            <span class=\"detay-foto-editor\">&#13;<br \/>\n                                <a href=\"https:\/\/www.aa.com.tr\/tr\/p\/abonelik-talep-formu\/1001\" target=\"_blank\" style=\"font-size:12px; color:#444; text-decoration:none;\" rel=\"noopener\">&#13;<br \/>\n                                    Anadolu Ajans\u0131 web sitesinde, AA Haber Ak\u0131\u015f Sistemi (HAS) \u00fczerinden abonelere sunulan haberler, \u00f6zetlenerek yay\u0131mlanmaktad\u0131r. <b style=\"color:#1897F7\">Abonelik i\u00e7in l\u00fctfen ileti\u015fime ge\u00e7iniz.<\/b>&#13;<br \/>\n                                <\/a>&#13;<br \/>\n                            <\/span>\n                        <\/div>\n<p><script>\n\t  window.fbAsyncInit = function() {\n\t\tFB.init({\n\t\t  appId: '1855843514662870',\n\t\t  status : true, \/\/ check login status\n\t\t  cookie : true, \/\/ enable cookies to allow the server to access the session\n\t\t  xfbml  : true  \/\/ parse XFBML\n\t\t});\n\t  };<\/p>\n<p>\t  (function() {\n\t\tvar e = document.createElement('script');\n\t\te.src=\"https:\/\/connect.facebook.net\/tr_TR\/all.js\";\n\t\te.async = true;\n\t\tdocument.getElementById('fb-root').appendChild(e);\n\t  }());\n    <\/script><\/p>\n","protected":false},"excerpt":{"rendered":"<p>Y\u0131lmaz, BRT televizyonu \u00f6zel yay\u0131n\u0131nda g\u00fcndeme ili\u015fkin a\u00e7\u0131klamalarda bulundu ve sorular\u0131 yan\u0131tlad\u0131. Kuzey K\u0131br\u0131s T\u00fcrk Cumhuriyeti (KKTC) ve T\u00fcrkiye aras\u0131ndaki \u0130ktisadi ve Mali \u0130\u015fbirli\u011fi Protokol\u00fc&#8217;ne y\u00f6nelik soru \u00fczerine Y\u0131lmaz, s\u00f6z konusu belgenin yeni kabinenin kurulmas\u0131n\u0131n ard\u0131ndan Cumhurba\u015fkan\u0131 Recep Tayyip Erdo\u011fan taraf\u0131ndan imzalanan ilk protokol oldu\u011funu vurgulad\u0131. Bunu KKTC&#8217;ye verilen \u00f6nemin a\u00e7\u0131k g\u00f6stergesi olarak nitelendiren Y\u0131lmaz, [&hellip;]<\/p>\n","protected":false},"author":1,"featured_media":14404,"comment_status":"","ping_status":"","sticky":false,"template":"","format":"standard","meta":[],"categories":[47],"tags":[],"_links":{"self":[{"href":"https:\/\/kraios.app\/news\/wp-json\/wp\/v2\/posts\/14403"}],"collection":[{"href":"https:\/\/kraios.app\/news\/wp-json\/wp\/v2\/posts"}],"about":[{"href":"https:\/\/kraios.app\/news\/wp-json\/wp\/v2\/types\/post"}],"author":[{"embeddable":true,"href":"https:\/\/kraios.app\/news\/wp-json\/wp\/v2\/users\/1"}],"replies":[{"embeddable":true,"href":"https:\/\/kraios.app\/news\/wp-json\/wp\/v2\/comments?post=14403"}],"version-history":[{"count":0,"href":"https:\/\/kraios.app\/news\/wp-json\/wp\/v2\/posts\/14403\/revisions"}],"wp:featuredmedia":[{"embeddable":true,"href":"https:\/\/kraios.app\/news\/wp-json\/wp\/v2\/media\/14404"}],"wp:attachment":[{"href":"https:\/\/kraios.app\/news\/wp-json\/wp\/v2\/media?parent=14403"}],"wp:term":[{"taxonomy":"category","embeddable":true,"href":"https:\/\/kraios.app\/news\/wp-json\/wp\/v2\/categories?post=14403"},{"taxonomy":"post_tag","embeddable":true,"href":"https:\/\/kraios.app\/news\/wp-json\/wp\/v2\/tags?post=14403"}],"curies":[{"name":"wp","href":"https:\/\/api.w.org\/{rel}","templated":true}]}}