{"id":14380,"date":"2023-09-14T20:00:33","date_gmt":"2023-09-14T20:00:33","guid":{"rendered":"https:\/\/kraios.app\/news\/siyaset\/2023\/09\/14\/tbmm-cesitli-ulkelerdeki-iklim-degisikligine-iliskin-kanunlari-inceledi\/"},"modified":"2023-09-14T20:00:33","modified_gmt":"2023-09-14T20:00:33","slug":"tbmm-cesitli-ulkelerdeki-iklim-degisikligine-iliskin-kanunlari-inceledi","status":"publish","type":"post","link":"https:\/\/kraios.app\/news\/siyaset\/2023\/09\/14\/tbmm-cesitli-ulkelerdeki-iklim-degisikligine-iliskin-kanunlari-inceledi\/","title":{"rendered":"TBMM, \u00e7e\u015fitli \u00fclkelerdeki iklim de\u011fi\u015fikli\u011fine ili\u015fkin kanunlar\u0131 inceledi"},"content":{"rendered":"<p><\/p>\n<div>\n<p>Ara\u015ft\u0131rmaya g\u00f6re, iklim de\u011fi\u015fikli\u011fini m\u00fcstakil bir d\u00fczenleme \u015feklinde ele alan \u00fclkeler oldu\u011fu gibi \u00e7evre koruma, enerji, end\u00fcstri ve ye\u015fil b\u00fcy\u00fcme alanlar\u0131n\u0131 d\u00fczenleyen \u00e7e\u015fitli kanunlarda bu konuya yer veren \u00fclkeler de bulunuyor.<\/p>\n<p>\u0130klim de\u011fi\u015fikli\u011fi konusunu kapsaml\u0131, ayr\u0131nt\u0131l\u0131 ve sistemli bir \u015fekilde m\u00fcstakil kanun i\u00e7erisinde d\u00fczenleyen \u00fclkelerin ama\u00e7 olarak; iklim de\u011fi\u015fikli\u011fini \u00e7ok ciddi bir sorun addettikleri, \u00f6nleme kararl\u0131l\u0131\u011f\u0131 belirttikleri ve m\u00fccadelede uluslararas\u0131 i\u015fbirli\u011fine at\u0131fta bulunduklar\u0131 g\u00f6r\u00fcl\u00fcyor.<\/p>\n<p>\u00dclkelerin b\u00fcy\u00fck \u00e7o\u011funlu\u011fu iklim kanunlar\u0131nda do\u011frudan, net, niceliksel ve uzun vadeli hedefler koyuyor. Sera gaz\u0131 emisyon azalt\u0131m hedeflerindeki y\u0131l ve oran miktarlar\u0131nda genellikle Paris Anla\u015fmas\u0131 dikkate al\u0131n\u0131yor. \u00c7o\u011fu \u00fclke kanunlar\u0131, net s\u0131f\u0131r emisyon hedeflerini veya buna yakla\u015fan emisyon azalt\u0131mlar\u0131n\u0131 i\u00e7eriyor.<\/p>\n<p>M\u00fcstakil, ba\u011f\u0131ms\u0131z, bilimsel ve uzman bir kurulun olu\u015fturulmas\u0131, kanunlar\u0131n i\u00e7erdi\u011fi \u00f6nemli bir husus olarak \u00e7al\u0131\u015fmada yer al\u0131yor.<\/p>\n<p>S\u00f6z konusu kanunlarda, h\u00fck\u00fcmetin, do\u011frudan ilgili bakanl\u0131\u011f\u0131n veya ba\u011f\u0131ms\u0131z kurulun periyodik olarak iklim de\u011fi\u015fikli\u011fi politikas\u0131n\u0131n \u00e7e\u015fitli y\u00f6nlerine ili\u015fkin rapor haz\u0131rlamas\u0131, raporlar\u0131n y\u00fcr\u00fctme ve parlamentoya sunulmas\u0131 ile kamuoyuna a\u00e7\u0131klanmas\u0131na ili\u015fkin h\u00fck\u00fcmler yer al\u0131yor.<\/p>\n<p>\u00d6te yandan ulusal parlamentolara a\u00e7\u0131k\u00e7a iklim politikas\u0131n\u0131 g\u00f6zetme rol\u00fc veriliyor.<\/p>\n<h3>Almanya&#8217;da y\u0131ll\u0131k emisyon b\u00fct\u00e7eleri a\u015f\u0131l\u0131rsa, acil eylem program\u0131 haz\u0131rlan\u0131yor<\/h3>\n<p>Almanya&#8217;da Federal \u0130klimi Koruma Kanunu&#8217;nda, Paris Anla\u015fmas\u0131 uyar\u0131nca d\u00fcnya \u00e7ap\u0131nda iklim de\u011fi\u015fikli\u011finin etkilerini en aza indirmek i\u00e7in k\u00fcresel ortalama s\u0131cakl\u0131k art\u0131\u015f\u0131n\u0131, sanayi \u00f6ncesi seviyenin 2 santigrat derece alt\u0131nda tutma ve m\u00fcmk\u00fcnse 1,5 santigrat derecenin alt\u0131na d\u00fc\u015fmeyecek \u015fekilde s\u0131n\u0131rlama y\u00fck\u00fcml\u00fcl\u00fc\u011f\u00fc vurgulan\u0131yor.<\/p>\n<p>Kanunda 2021 y\u0131l\u0131nda yap\u0131lan de\u011fi\u015fiklikle hedef y\u00fckseltmesine gidilerek sera gaz\u0131 emisyonlar\u0131n\u0131n 1990 y\u0131l\u0131ndaki seviyelere k\u0131yasla kademeli olarak 2030 y\u0131l\u0131na kadar en az y\u00fczde 65 oran\u0131nda, 2040 y\u0131l\u0131na kadar en az y\u00fczde 88 oran\u0131nda, 2045 y\u0131l\u0131na kadar net sera gaz\u0131 n\u00f6tr noktas\u0131na kadar azalt\u0131laca\u011f\u0131, 2050 y\u0131l\u0131ndan sonra negatif sera gaz\u0131 emisyonlar\u0131na ula\u015f\u0131laca\u011f\u0131 \u00f6ng\u00f6r\u00fcl\u00fcyor.<\/p>\n<p>Kanunda y\u0131ll\u0131k emisyon b\u00fct\u00e7elerinin a\u015f\u0131lmas\u0131 halinde haz\u0131rlanacak acil eylem program\u0131 d\u00fczenleniyor.<\/p>\n<p>Emisyon verilerinin, bir sekt\u00f6r i\u00e7in izin verilen y\u0131ll\u0131k emisyon b\u00fct\u00e7esinin bir raporlama y\u0131l\u0131nda a\u015f\u0131ld\u0131\u011f\u0131n\u0131 g\u00f6stermesi halinde, ilgili bakanl\u0131\u011f\u0131n \u0130klim De\u011fi\u015fikli\u011fi Uzmanlar Konseyinin emisyon verilerini de\u011ferlendiren \u00e7al\u0131\u015fmas\u0131n\u0131 izleyen 3 ay i\u00e7inde ilgili sekt\u00f6r i\u00e7in bir acil eylem program\u0131 sunaca\u011f\u0131; bu program\u0131n takip eden y\u0131llarda y\u0131ll\u0131k sekt\u00f6rel emisyon b\u00fct\u00e7elerine uyulmas\u0131n\u0131 sa\u011flayaca\u011f\u0131; federal h\u00fck\u00fcmetin, ilgili sekt\u00f6rde veya di\u011fer sekt\u00f6rlerde al\u0131nacak \u00f6nlemleri veya sekt\u00f6rler aras\u0131 \u00f6nlemleri g\u00f6r\u00fc\u015fece\u011fi ve bu \u00f6nlemleri m\u00fcmk\u00fcn olan en k\u0131sa s\u00fcrede alaca\u011f\u0131 ifade ediliyor.<\/p>\n<p>Kanunda, Federal H\u00fck\u00fcmetin, \u0130klim Eylem Plan\u0131n\u0131n her g\u00fcncellenmesinden sonra bir iklim eylem program\u0131n\u0131 kabul edece\u011fi, hedeflere ula\u015f\u0131lamamas\u0131 halinde mevcut iklim eylem program\u0131n\u0131n tedbirleri i\u00e7erecek \u015fekilde g\u00fcncellenece\u011fi belirtiliyor.<\/p>\n<p>\u00d6te yandan sekt\u00f6rel sorumlulu\u011fu bulunan federal bakanl\u0131klar\u0131n \u0130klim Eylem Plan\u0131n\u0131n g\u00fcncellenmesini takip eden alt\u0131 ay i\u00e7inde ilgili sekt\u00f6rlerde gerekli ek sera gaz\u0131 azalt\u0131mlar\u0131n\u0131n ger\u00e7ekle\u015ftirilmesi i\u00e7in uygun olan tedbirleri \u00f6nermesi de kanunda yer al\u0131yor.<\/p>\n<h3>H\u00fck\u00fcmet, y\u0131ll\u0131k iklim eylem raporu haz\u0131rlayacak<\/h3>\n<p>Kanuna g\u00f6re, h\u00fck\u00fcmet, meclise iletmek \u00fczere acil eylem programlar\u0131n\u0131n uygulanmas\u0131ndaki ilerleme durumu hakk\u0131nda bilgi veren ve muhtemel sera gaz\u0131 azaltma etkilerine ili\u015fkin tahmin i\u00e7eren y\u0131ll\u0131k iklim eylem raporu haz\u0131rlayacak. \u0130lki 2024 y\u0131l\u0131nda olmak \u00fczere rapor her iki y\u0131lda bir haz\u0131rlanacak.<\/p>\n<p>Kanuna g\u00f6re, h\u00fck\u00fcmet, y\u0131ll\u0131k emisyon b\u00fct\u00e7elerinin de\u011fi\u015ftirilmesi veya belirlenmesi, \u0130klim Eylem Plan\u0131n\u0131n g\u00fcncellenmesi ve iklim eylem programlar\u0131n\u0131n kabul edilmesinden \u00f6nce sera gazlar\u0131n\u0131n azalt\u0131lmas\u0131na ili\u015fkin temel varsay\u0131mlar hakk\u0131nda \u0130klim De\u011fi\u015fikli\u011fi Uzmanlar Konseyinin g\u00f6r\u00fc\u015f\u00fcn\u00fc alacak.<\/p>\n<p>Kanunda, federasyonun, 2030&#8217;a kadar kamu y\u00f6netimini iklim n\u00f6tr bir \u015fekilde yap\u0131land\u0131rmay\u0131 hedefleyece\u011fi ve bu hedefe ula\u015fmak i\u00e7in en ge\u00e7 2023&#8217;te ve bundan sonra her be\u015f y\u0131lda bir, federal makamlar\u0131n ve kurumlar\u0131n uymalar\u0131 gereken \u00f6nlemlerin belirlenece\u011fi ifade ediliyor.<\/p>\n<h3>Avrupa Birli\u011fi&#8217;nden 2040 hedefi<\/h3>\n<p>Avrupa Parlamentosu ve Avrupa Birli\u011fi Konseyince kabul edilen Avrupa \u0130klim Kanununda, Birlik i\u00e7erisinde en ge\u00e7 2050 y\u0131l\u0131na kadar emisyonlar\u0131n s\u0131f\u0131ra indirilmesinin ve bundan sonra negatif emisyon elde edilmesinin ama\u00e7land\u0131\u011f\u0131 ifade ediliyor.<\/p>\n<p>Kanunda, 2009 y\u0131l\u0131nda kurulmu\u015f olan Avrupa \u0130klim De\u011fi\u015fikli\u011fi Bilimsel Dan\u0131\u015fma Kurulunun ba\u011f\u0131ms\u0131z olarak bilimsel ve teknik bilgi ve dan\u0131\u015fma kurulu olarak hizmet verece\u011fi belirtiliyor. Kurula, Paris Anla\u015fmas\u0131 ve bu Kanundan kaynakl\u0131 taahh\u00fctler \u0131\u015f\u0131\u011f\u0131nda iklim hedeflerine y\u00f6nelik bilimsel rapor haz\u0131rlay\u0131p sunma, fark\u0131ndal\u0131\u011f\u0131 art\u0131rma ve uluslararas\u0131 bilimsel \u00e7al\u0131\u015fmalar\u0131 izleme gibi g\u00f6revler y\u00fckleniyor.<\/p>\n<p>\u00d6te yandan \u00fcye \u00fclkelerin kendi ulusal bilimsel dan\u0131\u015fma kurullar\u0131n\u0131 olu\u015fturmalar\u0131 \u00f6neriliyor.<\/p>\n<p>\u0130klime zarars\u0131zl\u0131k hedefi i\u00e7in emisyon de\u011ferlerinin 2030&#8217;a kadar 1990 y\u0131l\u0131ndaki de\u011ferlerin net olarak y\u00fczde 55&#8217;ine d\u00fc\u015f\u00fcr\u00fclece\u011fi belirtilen kanunda, bunun i\u00e7in birlik kurumlar\u0131 ve \u00fcye devletlerin h\u0131zl\u0131 bir \u015fekilde emisyon azalt\u0131m\u0131na \u00f6ncelik vermeleri isteniyor.<\/p>\n<p>2030&#8217;a kadar kald\u0131r\u0131lacak net emisyon miktar\u0131 225 milyon ton ile s\u0131n\u0131rland\u0131r\u0131l\u0131yor.<\/p>\n<p>Birlik, 2040 hedefi belirleyecek. Bu hedef, Paris Anla\u015fmas\u0131&#8217;ndaki ilk k\u00fcresel de\u011ferlendirmenin (2023 y\u0131l\u0131nda) \u00fczerinden 6 ay ge\u00e7meden haz\u0131rlanacak.<\/p>\n<h3>Avustralya&#8217;da y\u0131ll\u0131k iklim de\u011fi\u015fikli\u011fi beyan\u0131 parlamentoya sunuluyor<\/h3>\n<p>Avustralya&#8217;da \u0130klim De\u011fi\u015fikli\u011fi Kanunu&#8217;na g\u00f6re, Avustralya net sera gaz\u0131 emisyonlar\u0131n\u0131 2030 y\u0131l\u0131na kadar 2005 seviyesinin y\u00fczde 43 alt\u0131na d\u00fc\u015f\u00fcrecek, 2050 y\u0131l\u0131na kadar da s\u0131f\u0131ra indirecek.<\/p>\n<p>Kanunda, \u0130klim De\u011fi\u015fikli\u011fi Bakan\u0131n\u0131n y\u0131ll\u0131k iklim de\u011fi\u015fikli\u011fi beyan\u0131 haz\u0131rlamas\u0131 ve parlamentonun iki kanad\u0131na da sunmas\u0131 h\u00fckme ba\u011flan\u0131yor.<\/p>\n<h3>Birle\u015fik Krall\u0131k&#8217;ta karbon b\u00fct\u00e7eleme sistemi<\/h3>\n<p>M\u00fcstakil iklim kanunlar\u0131n\u0131n ilk \u00f6rneklerinden biri olan 26 Kas\u0131m 2008 tarihli \u0130klim De\u011fi\u015fikli\u011fi Kanunu, Birle\u015fik Krall\u0131k&#8217;\u0131n sera gaz\u0131 emisyonlar\u0131n\u0131 azaltmaya y\u00f6nelik uzun vadeli hedeflerine ula\u015fmas\u0131 ve iklim de\u011fi\u015fikli\u011finin etkilerine uyum sa\u011flamaya y\u00f6nelik ad\u0131mlar at\u0131lmas\u0131 i\u00e7in bir \u00e7er\u00e7eve olu\u015fturuyor.<\/p>\n<p>Karbon y\u00f6netimini geli\u015ftirmek, d\u00fc\u015f\u00fck karbon ekonomisine ge\u00e7i\u015fi sa\u011flamak, d\u00fc\u015f\u00fck karbonlu \u00fcr\u00fcnlere yat\u0131r\u0131m yap\u0131lmas\u0131n\u0131 te\u015fvik etmek i\u00e7in orta ve uzun vadeli hedefler koyan kanun, ekonomik olarak g\u00fcvenilir bir emisyon azaltma stratejisi \u00e7iziyor.<\/p>\n<p>Kanunda sera gaz\u0131 emisyonunda 1990 y\u0131l\u0131 baz al\u0131narak 2050 y\u0131l\u0131na kadar en az y\u00fczde 80 oran\u0131nda azalt\u0131m sa\u011flama hedefi \u00f6ng\u00f6r\u00fcl\u00fcrken, 2019 y\u0131l\u0131nda yap\u0131lan de\u011fi\u015fiklikle bu oran y\u00fczde 100&#8217;e, net s\u0131f\u0131r emisyon hedefine y\u00fckseltiliyor.<\/p>\n<p>Kanun, belirli bir zaman dilimindeki toplam emisyon miktar\u0131n\u0131 s\u0131n\u0131rlayan bir karbon b\u00fct\u00e7eleme sistemi getiriyor. Devlet bakan\u0131n\u0131n karbon b\u00fct\u00e7esini parlamentoya sunmadan \u00f6nce \u0130klim De\u011fi\u015fikli\u011fi Komitesinin tavsiyelerini ve di\u011fer ulusal makamlar\u0131n beyanlar\u0131n\u0131 almas\u0131 gerekiyor.<\/p>\n<p>\u0130klim de\u011fi\u015fikli\u011finin etkileri hakk\u0131nda raporu, ilgili devlet bakan\u0131n\u0131n, be\u015f y\u0131l\u0131 ge\u00e7meyecek d\u00f6nemlerde parlamentoya sunmas\u0131 gerekiyor.<\/p>\n<p>Kanun, sera gaz\u0131 emisyonlar\u0131 hakk\u0131nda h\u00fck\u00fcmetin y\u0131ll\u0131k bir rapor sunmas\u0131n\u0131 da \u00f6ng\u00f6r\u00fcyor.<\/p>\n<p>&#8211; \u0130klim De\u011fi\u015fikli\u011fi Komitesi parlamentoya y\u0131ll\u0131k rapor vermekle g\u00f6revli<\/p>\n<p>Kanunda, iklim de\u011fi\u015fikli\u011fiyle ilgili t\u00fcm konularda tavsiyelerde bulunmak \u00fczere ba\u011f\u0131ms\u0131z yeni bir organ olan \u0130klim De\u011fi\u015fikli\u011fi Komitesi olu\u015fturuluyor. Kanuna g\u00f6re, bu komite, 2050 hedefinin a\u015famalar\u0131na, karbon b\u00fct\u00e7elerinin d\u00fczeyi ile uluslararas\u0131 havac\u0131l\u0131k ve uluslararas\u0131 deniz ta\u015f\u0131mac\u0131l\u0131\u011f\u0131ndan kaynaklanan emisyonlara ve ekonominin ticaret planlar\u0131na konu k\u0131sm\u0131 ile geri kalan\u0131 taraf\u0131ndan ne kadar \u00e7aba sarf edilmesi gerekti\u011fi hususlar\u0131nda tavsiyelerde bulunmakla ve ilerleme hakk\u0131nda parlamentoya y\u0131ll\u0131k rapor vermekle g\u00f6revli.<\/p>\n<p>Grantham \u0130klim De\u011fi\u015fikli\u011fi ve \u00c7evre Ara\u015ft\u0131rma Enstit\u00fcs\u00fcnce haz\u0131rlanan ve 1 Nisan 2018&#8217;de yay\u0131mlanan &#8220;Birle\u015fik Krall\u0131k \u0130klim De\u011fi\u015fikli\u011fi Kanununun On Y\u0131l\u0131&#8221; ba\u015fl\u0131kl\u0131 raporunda, kanunun uygulanmas\u0131 ve karbon b\u00fct\u00e7elerinin piyasada i\u015flemesiyle, Birle\u015fik Krall\u0131k&#8217;ta \u00f6zellikle enerji sekt\u00f6r\u00fcndeki emisyonlar azal\u0131rken b\u00fcy\u00fcmenin devam etti\u011fi belirtiliyor.<\/p>\n<p>Raporda, \u0130klim De\u011fi\u015fikli\u011fi Kanununun iklim eylemini ilerletmede etkili oldu\u011fu, ancak Birle\u015fik Krall\u0131k&#8217;\u0131n uluslararas\u0131 iklim y\u00fck\u00fcml\u00fcl\u00fcklerini yerine getirmesi i\u00e7in Kanunda reform yap\u0131lmas\u0131 gerekti\u011fi de\u011ferlendiriliyor.<\/p>\n<h3>Fransa&#8217;da \u0130klim Y\u00fcksek Konseyi<\/h3>\n<p>Fransa&#8217;da \u0130klim De\u011fi\u015fikli\u011fine Kar\u015f\u0131 M\u00fccadele ve Etkilerine Kar\u015f\u0131 Direncin G\u00fc\u00e7lendirilmesi Hakk\u0131nda Kanun, olduk\u00e7a kapsaml\u0131 olup, t\u00fcketim, \u00e7al\u0131\u015fma ve \u00fcretim, ula\u015f\u0131m, bar\u0131nma, g\u0131da g\u00fcvenli\u011fi, \u00e7evrenin hukuki olarak korunmas\u0131n\u0131n g\u00fc\u00e7lendirilmesi ile iklim ve \u00e7evresel izleme konular\u0131na odaklan\u0131yor.<\/p>\n<p>Ba\u015fta fosil yak\u0131tlar ve y\u00fcksek kirlilik olu\u015fturan ta\u015f\u0131tlar olmak \u00fczere iklim \u00fczerinde a\u015f\u0131r\u0131 etkisi olan \u00fcr\u00fcn ve hizmetlerin tan\u0131t\u0131m\u0131nda baz\u0131 \u015fartlar getiriliyor. Bu do\u011frultuda 1 Mart 2022&#8217;den itibaren ta\u015f\u0131t \u00fcreticileri, ara\u00e7lar\u0131n\u0131n karbondioksit emisyon s\u0131n\u0131f\u0131n\u0131 reklamlar\u0131nda g\u00f6stermek zorunda.<\/p>\n<p>Ula\u015f\u0131mla ilgili \u00f6nlemler aras\u0131nda;<\/p>\n<p>&#8211; 150 binden fazla n\u00fcfusa sahip \u015fehirlerin veya metropol alanlar\u0131n 31 Aral\u0131k 2024&#8217;ten \u00f6nce d\u00fc\u015f\u00fck emisyonlu bir hareketlilik b\u00f6lgesi olu\u015fturma zorunlulu\u011fu,<\/p>\n<p>&#8211; Yolculu\u011fun ulusal demiryolu a\u011f\u0131 \u00fczerinden aktarmas\u0131z olarak ve g\u00fcnde 2 saat 30 dakikadan az s\u00fcren birka\u00e7 aktarma ile sa\u011flanabiliyor olmas\u0131 halinde Fransa topraklar\u0131 i\u00e7erisinde ayn\u0131 hattaki i\u00e7 hat u\u00e7u\u015flar\u0131n yasaklanmas\u0131,<\/p>\n<p>&#8211; B\u00f6lgelere 2024&#8217;ten itibaren bir karayolu eko-vergisi olu\u015fturma imkan\u0131 tan\u0131nmas\u0131 yer al\u0131yor.<\/p>\n<p>Ba\u011f\u0131ms\u0131z bir organ olarak d\u00fczenlenen \u0130klim Y\u00fcksek Konseyi; y\u0131ll\u0131k olarak, sera gaz\u0131 emisyonlar\u0131n\u0131n ve karbon ayak izinin azalt\u0131m\u0131, karbon b\u00fct\u00e7eleri ve stratejisi, karbon yutaklar\u0131n\u0131n geli\u015ftirilmesi, b\u00fct\u00e7e ve vergi h\u00fck\u00fcmleri de dahil olmak \u00fczere iklim de\u011fi\u015fikli\u011fine uyum sa\u011flamak i\u00e7in kararla\u015ft\u0131r\u0131lan politika ve tedbirlerin uygulanmas\u0131 ve etkinli\u011fi, kamu politikalar\u0131n\u0131n \u00f6zellikle e\u011fitim ve istihdam \u00fczerindeki sosyoekonomik etkisi ve biyolojik \u00e7e\u015fitlilik de dahil olmak \u00fczere \u00e7evresel etkisi hususlar\u0131n\u0131 i\u00e7eren rapor haz\u0131rlay\u0131p Ba\u015fbakana ve parlamentoya sunmakla g\u00f6revli.<\/p>\n<h3>G\u00fcney Kore&#8217;de \u0130klimle M\u00fccadele Fonu<\/h3>\n<p>G\u00fcney Kore&#8217;de \u0130klim Krizine M\u00fcdahale i\u00e7in Karbon N\u00f6tr Ye\u015fil B\u00fcy\u00fcme Kanununda, merkezi devletin, yerel y\u00f6netimlerin, kamu kurumlar\u0131n\u0131n, \u015firketlerin ve vatanda\u015flar\u0131n iklim kriziyle ba\u015f etme konusunda sorumluluklar\u0131 s\u0131ralan\u0131yor.<\/p>\n<p>Kanunda 2050&#8217;ye kadar karbon-n\u00f6tr bir toplum hedefi zikredilerek, 2030 y\u0131l\u0131na kadar gaz emisyonunun y\u00fczde 35 oran\u0131nda veya daha \u00e7ok azalt\u0131lmas\u0131 gerekti\u011fi, bunun i\u00e7in y\u0131ll\u0131k bir sera gaz\u0131 azalt\u0131m hedefi belirlenece\u011fi ifade ediliyor.<\/p>\n<p>Kanunla 2050 Karbon-N\u00f6tr Ye\u015fil B\u00fcy\u00fcme Komisyonu kuruluyor. Komisyonun ye\u015fil b\u00fcy\u00fcme stratejisi ve karbon-n\u00f6tr hedefi i\u00e7in plan ve politika olu\u015fturaca\u011f\u0131 belirtiliyor. Komisyon Ba\u015fkan\u0131 y\u0131ll\u0131k ve orta-uzun vadeli hedeflerin uygulanmas\u0131n\u0131 izlemekle g\u00f6revli.<\/p>\n<p>Kanunla, \u0130klimle M\u00fccadele Fonu olu\u015fturuluyor. Bu fon, h\u00fck\u00fcmetin katk\u0131s\u0131n\u0131n yan\u0131 s\u0131ra bireylerin ba\u011f\u0131\u015f ve katk\u0131lar\u0131, di\u011fer fonlardan transferler, bor\u00e7lanma ve emisyon izinlerinden al\u0131nacak vergiler gibi kaynaklardan olu\u015fuyor. Fonun y\u00f6netimi Strateji ve Maliye Bakanl\u0131\u011f\u0131n\u0131n uhdesinde bulunuyor.<\/p>\n<p>Kolombiya&#8217;da \u0130klim De\u011fi\u015fikli\u011fi Y\u00f6netimi Kanunu ile kurulan Ulusal \u0130klim De\u011fi\u015fikli\u011fi Sistemi; organize bir \u015fekilde uygulanan politikalar, d\u00fczenlemeler, s\u00fcre\u00e7ler, devlet ve \u00f6zel kurulu\u015flar, kaynaklar, planlar, stratejiler, ara\u00e7lar, mekanizmalar ve veriler dizgesini ifade ediyor. Sekt\u00f6rleraras\u0131 \u0130klim De\u011fi\u015fikli\u011fi Komisyonu, Ulusal \u0130klim De\u011fi\u015fikli\u011fi Sisteminin e\u015f g\u00fcd\u00fcm\u00fcnden sorumlu.<\/p>\n<p>Grantham \u0130klim De\u011fi\u015fikli\u011fi ve \u00c7evre Ara\u015ft\u0131rma Enstit\u00fcs\u00fcnce haz\u0131rlanan &#8220;\u0130klim De\u011fi\u015fikli\u011finde Kanun Yap\u0131m\u0131 ve Adli S\u00fcre\u00e7lere \u0130li\u015fkin K\u00fcresel E\u011filimler: 2018 Durum Raporu&#8221;na g\u00f6re, \u00fclkelerin iklim kanunlar\u0131nda ve politika belgelerinde art\u0131\u015f s\u00f6z konusu olup Paris Anla\u015fmas\u0131n\u0131 imzalayan veya onaylayan \u00fclkelerin tamam\u0131 iklim de\u011fi\u015fikli\u011fi konusunda en az bir ulusal kanun veya politika belgesine sahip.<\/p>\n<p>Raporda, d\u00fcnya genelinde 1500&#8217;den fazla ulusal iklim de\u011fi\u015fikli\u011fi kanunu ve resmi politika belgesi bulundu\u011fu belirtiliyor.<\/p>\n<p>                            <span class=\"detay-foto-editor\">&#13;<br \/>\n                                <a href=\"https:\/\/www.aa.com.tr\/tr\/p\/abonelik-talep-formu\/1001\" target=\"_blank\" style=\"font-size:12px; color:#444; text-decoration:none;\" rel=\"noopener\">&#13;<br \/>\n                                    Anadolu Ajans\u0131 web sitesinde, AA Haber Ak\u0131\u015f Sistemi (HAS) \u00fczerinden abonelere sunulan haberler, \u00f6zetlenerek yay\u0131mlanmaktad\u0131r. <b style=\"color:#1897F7\">Abonelik i\u00e7in l\u00fctfen ileti\u015fime ge\u00e7iniz.<\/b>&#13;<br \/>\n                                <\/a>&#13;<br \/>\n                            <\/span>\n                        <\/div>\n<p><script>\n\t  window.fbAsyncInit = function() {\n\t\tFB.init({\n\t\t  appId: '1855843514662870',\n\t\t  status : true, \/\/ check login status\n\t\t  cookie : true, \/\/ enable cookies to allow the server to access the session\n\t\t  xfbml  : true  \/\/ parse XFBML\n\t\t});\n\t  };<\/p>\n<p>\t  (function() {\n\t\tvar e = document.createElement('script');\n\t\te.src=\"https:\/\/connect.facebook.net\/tr_TR\/all.js\";\n\t\te.async = true;\n\t\tdocument.getElementById('fb-root').appendChild(e);\n\t  }());\n    <\/script><\/p>\n","protected":false},"excerpt":{"rendered":"<p>Ara\u015ft\u0131rmaya g\u00f6re, iklim de\u011fi\u015fikli\u011fini m\u00fcstakil bir d\u00fczenleme \u015feklinde ele alan \u00fclkeler oldu\u011fu gibi \u00e7evre koruma, enerji, end\u00fcstri ve ye\u015fil b\u00fcy\u00fcme alanlar\u0131n\u0131 d\u00fczenleyen \u00e7e\u015fitli kanunlarda bu konuya yer veren \u00fclkeler de bulunuyor. \u0130klim de\u011fi\u015fikli\u011fi konusunu kapsaml\u0131, ayr\u0131nt\u0131l\u0131 ve sistemli bir \u015fekilde m\u00fcstakil kanun i\u00e7erisinde d\u00fczenleyen \u00fclkelerin ama\u00e7 olarak; iklim de\u011fi\u015fikli\u011fini \u00e7ok ciddi bir sorun addettikleri, \u00f6nleme [&hellip;]<\/p>\n","protected":false},"author":1,"featured_media":14381,"comment_status":"","ping_status":"","sticky":false,"template":"","format":"standard","meta":[],"categories":[47],"tags":[],"_links":{"self":[{"href":"https:\/\/kraios.app\/news\/wp-json\/wp\/v2\/posts\/14380"}],"collection":[{"href":"https:\/\/kraios.app\/news\/wp-json\/wp\/v2\/posts"}],"about":[{"href":"https:\/\/kraios.app\/news\/wp-json\/wp\/v2\/types\/post"}],"author":[{"embeddable":true,"href":"https:\/\/kraios.app\/news\/wp-json\/wp\/v2\/users\/1"}],"replies":[{"embeddable":true,"href":"https:\/\/kraios.app\/news\/wp-json\/wp\/v2\/comments?post=14380"}],"version-history":[{"count":0,"href":"https:\/\/kraios.app\/news\/wp-json\/wp\/v2\/posts\/14380\/revisions"}],"wp:featuredmedia":[{"embeddable":true,"href":"https:\/\/kraios.app\/news\/wp-json\/wp\/v2\/media\/14381"}],"wp:attachment":[{"href":"https:\/\/kraios.app\/news\/wp-json\/wp\/v2\/media?parent=14380"}],"wp:term":[{"taxonomy":"category","embeddable":true,"href":"https:\/\/kraios.app\/news\/wp-json\/wp\/v2\/categories?post=14380"},{"taxonomy":"post_tag","embeddable":true,"href":"https:\/\/kraios.app\/news\/wp-json\/wp\/v2\/tags?post=14380"}],"curies":[{"name":"wp","href":"https:\/\/api.w.org\/{rel}","templated":true}]}}