{"id":14343,"date":"2023-09-14T12:19:36","date_gmt":"2023-09-14T12:19:36","guid":{"rendered":"https:\/\/kraios.app\/news\/siyaset\/2023\/09\/14\/tbmm-baskani-kurtulmus-kirim-tatarlarinin-milli-lideri-kirimoglu-ve-beraberindeki-heyeti-kabul-etti\/"},"modified":"2023-09-14T12:19:36","modified_gmt":"2023-09-14T12:19:36","slug":"tbmm-baskani-kurtulmus-kirim-tatarlarinin-milli-lideri-kirimoglu-ve-beraberindeki-heyeti-kabul-etti","status":"publish","type":"post","link":"https:\/\/kraios.app\/news\/siyaset\/2023\/09\/14\/tbmm-baskani-kurtulmus-kirim-tatarlarinin-milli-lideri-kirimoglu-ve-beraberindeki-heyeti-kabul-etti\/","title":{"rendered":"TBMM Ba\u015fkan\u0131 Kurtulmu\u015f, K\u0131r\u0131m Tatarlar\u0131n\u0131n milli lideri K\u0131r\u0131mo\u011flu ve beraberindeki heyeti kabul etti"},"content":{"rendered":"<p><\/p>\n<div>\n<p>TBMM Ba\u015fkan\u0131 Numan Kurtulmu\u015f, Meclis&#8217;te, K\u0131r\u0131m Tatarlar\u0131n\u0131n milli lideri ve Ukrayna Parlamentosu Milletvekili Mustafa Abd\u00fclcemil K\u0131r\u0131mo\u011flu, Ukrayna-T\u00fcrkiye Parlamentolar Aras\u0131 Dostluk Grubu Ba\u015fkan\u0131 ve K\u0131r\u0131m Tatar Milli Meclisi Ba\u015fkan Yard\u0131mc\u0131s\u0131 Ahtem \u00c7iyg\u00f6z ile beraberindeki heyeti kabul etti.<\/p>\n<p>Numan Kurtulmu\u015f, K\u0131r\u0131m Tatarlar\u0131n\u0131n hakl\u0131 davas\u0131n\u0131 T\u00fcrkiye olarak ba\u015f\u0131ndan beri b\u00fct\u00fcn imkanlar\u0131yla desteklediklerini belirtti.<\/p>\n<p>K\u0131r\u0131m&#8217;\u0131n Rusya taraf\u0131ndan ilhak\u0131yla ba\u015flayan s\u00fcre\u00e7te T\u00fcrkiye&#8217;nin tutumunun belli oldu\u011funu, bu ilhak\u0131 kabul etmediklerini her platformda dile getirdiklerini belirten Kurtulmu\u015f, &#8220;Uluslararas\u0131 b\u00fct\u00fcn platformlarda K\u0131r\u0131m&#8217;\u0131n ve ard\u0131ndan da Ukrayna&#8217;n\u0131n toprak b\u00fct\u00fcnl\u00fc\u011f\u00fc i\u00e7erisinde yer alan di\u011fer b\u00f6lgelerin ilhak\u0131n\u0131 gayrime\u015fru buldu\u011fumuzu, bunu tan\u0131mad\u0131\u011f\u0131m\u0131z\u0131 ifade ediyoruz.&#8221; diye konu\u015ftu.<\/p>\n<h3>&#8220;Sava\u015f\u0131n ma\u011fduru olan kitlelerin yeniden huzura eri\u015fmesini temin etmek, T\u00fcrkiye&#8217;nin de \u00f6ncelikli vazifelerinden birisidir&#8221;<\/h3>\n<p>T\u00fcrkiye&#8217;nin, Rusya-Ukrayna sava\u015f\u0131n\u0131n bir an evvel bitirilmesi i\u00e7in bar\u0131\u015f\u00e7\u0131l bir misyonu icra etmeye gayret sarf etti\u011fini dile getiren Kurtulmu\u015f, \u015funlar\u0131 s\u00f6yledi:<\/p>\n<p>&#8220;T\u00fcrkiye, Rusya-Ukrayna aras\u0131ndaki sava\u015fta neredeyse her iki tarafla da konu\u015fabilen tek \u00fclkedir. Bu sava\u015f\u0131n devam etmesinin her iki taraf i\u00e7in de a\u011f\u0131r kay\u0131plar olu\u015fturdu\u011funu g\u00f6r\u00fcyoruz ama bunun da \u00f6tesinde bu sava\u015f, asl\u0131nda sadece Rusya-Ukrayna aras\u0131nda bir sava\u015f de\u011fil, Rusya&#8217;yla topyekun Bat\u0131 aras\u0131nda bir sava\u015fa ve k\u00fcresel bir tehdide do\u011fru d\u00f6n\u00fc\u015fme potansiyeli ta\u015f\u0131yor. Bunun i\u00e7in de bir an evvel bu sava\u015f\u0131n bitirilmesi gerekir. Ba\u015fta K\u0131r\u0131ml\u0131 Tatar dostlar\u0131m\u0131z, karde\u015flerimiz olmak \u00fczere bu b\u00f6lgede sava\u015f\u0131n ma\u011fduru olan insanlar\u0131n yeniden huzura eri\u015fmesini temin etmek, T\u00fcrkiye olarak bizim de \u00f6ncelikli vazifelerimizden birisidir.<\/p>\n<p>Ayr\u0131ca bu sava\u015f\u0131n devam\u0131yla birlikte ba\u015fta tah\u0131l krizi olmak \u00fczere zaten uluslararas\u0131 alanda var olan, \u00f6zellikle Afrika \u00fclkelerini de derinden etkileyen g\u0131da krizinin artan bir \u015fekilde devam edece\u011fini g\u00f6r\u00fcyoruz. Bu sava\u015f\u0131 bir an evvel bitirmek, her iki taraf i\u00e7in de kabul edilebilecek makul ve adil bir sonucun ortaya \u00e7\u0131kmas\u0131n\u0131 temin etmek gerekir.&#8221;<\/p>\n<p>K\u0131r\u0131m Tatarlar\u0131n\u0131n milli lideri K\u0131r\u0131mo\u011flu ise T\u00fcrkiye\u2019nin i\u015fgali tan\u0131mamas\u0131n\u0131n, Ukrayna&#8217;n\u0131n toprak b\u00fct\u00fcnl\u00fc\u011f\u00fcn\u00fc savunmas\u0131n\u0131n kendileri i\u00e7in b\u00fcy\u00fck bir destek oldu\u011funu belirtti.<\/p>\n<p>K\u0131r\u0131m&#8217;\u0131n i\u015fgalden kurtar\u0131lamamas\u0131 durumunda K\u0131r\u0131m Tatarlar\u0131n\u0131n hi\u00e7bir gelece\u011finin bulunmayaca\u011f\u0131n\u0131 belirten K\u0131r\u0131mo\u011flu, bu sava\u015f\u0131n, kendileri i\u00e7in yery\u00fcz\u00fcnde kalmak ya da yok olmak meselesi oldu\u011funu s\u00f6yledi.<\/p>\n<p>                            <span class=\"detay-foto-editor\">&#13;<br \/>\n                                <a href=\"https:\/\/www.aa.com.tr\/tr\/p\/abonelik-talep-formu\/1001\" target=\"_blank\" style=\"font-size:12px; color:#444; text-decoration:none;\" rel=\"noopener\">&#13;<br \/>\n                                    Anadolu Ajans\u0131 web sitesinde, AA Haber Ak\u0131\u015f Sistemi (HAS) \u00fczerinden abonelere sunulan haberler, \u00f6zetlenerek yay\u0131mlanmaktad\u0131r. <b style=\"color:#1897F7\">Abonelik i\u00e7in l\u00fctfen ileti\u015fime ge\u00e7iniz.<\/b>&#13;<br \/>\n                                <\/a>&#13;<br \/>\n                            <\/span>\n                        <\/div>\n<p><script>\n\t  window.fbAsyncInit = function() {\n\t\tFB.init({\n\t\t  appId: '1855843514662870',\n\t\t  status : true, \/\/ check login status\n\t\t  cookie : true, \/\/ enable cookies to allow the server to access the session\n\t\t  xfbml  : true  \/\/ parse XFBML\n\t\t});\n\t  };<\/p>\n<p>\t  (function() {\n\t\tvar e = document.createElement('script');\n\t\te.src=\"https:\/\/connect.facebook.net\/tr_TR\/all.js\";\n\t\te.async = true;\n\t\tdocument.getElementById('fb-root').appendChild(e);\n\t  }());\n    <\/script><\/p>\n","protected":false},"excerpt":{"rendered":"<p>TBMM Ba\u015fkan\u0131 Numan Kurtulmu\u015f, Meclis&#8217;te, K\u0131r\u0131m Tatarlar\u0131n\u0131n milli lideri ve Ukrayna Parlamentosu Milletvekili Mustafa Abd\u00fclcemil K\u0131r\u0131mo\u011flu, Ukrayna-T\u00fcrkiye Parlamentolar Aras\u0131 Dostluk Grubu Ba\u015fkan\u0131 ve K\u0131r\u0131m Tatar Milli Meclisi Ba\u015fkan Yard\u0131mc\u0131s\u0131 Ahtem \u00c7iyg\u00f6z ile beraberindeki heyeti kabul etti. Numan Kurtulmu\u015f, K\u0131r\u0131m Tatarlar\u0131n\u0131n hakl\u0131 davas\u0131n\u0131 T\u00fcrkiye olarak ba\u015f\u0131ndan beri b\u00fct\u00fcn imkanlar\u0131yla desteklediklerini belirtti. K\u0131r\u0131m&#8217;\u0131n Rusya taraf\u0131ndan ilhak\u0131yla ba\u015flayan [&hellip;]<\/p>\n","protected":false},"author":1,"featured_media":14344,"comment_status":"","ping_status":"","sticky":false,"template":"","format":"standard","meta":[],"categories":[47],"tags":[],"_links":{"self":[{"href":"https:\/\/kraios.app\/news\/wp-json\/wp\/v2\/posts\/14343"}],"collection":[{"href":"https:\/\/kraios.app\/news\/wp-json\/wp\/v2\/posts"}],"about":[{"href":"https:\/\/kraios.app\/news\/wp-json\/wp\/v2\/types\/post"}],"author":[{"embeddable":true,"href":"https:\/\/kraios.app\/news\/wp-json\/wp\/v2\/users\/1"}],"replies":[{"embeddable":true,"href":"https:\/\/kraios.app\/news\/wp-json\/wp\/v2\/comments?post=14343"}],"version-history":[{"count":0,"href":"https:\/\/kraios.app\/news\/wp-json\/wp\/v2\/posts\/14343\/revisions"}],"wp:featuredmedia":[{"embeddable":true,"href":"https:\/\/kraios.app\/news\/wp-json\/wp\/v2\/media\/14344"}],"wp:attachment":[{"href":"https:\/\/kraios.app\/news\/wp-json\/wp\/v2\/media?parent=14343"}],"wp:term":[{"taxonomy":"category","embeddable":true,"href":"https:\/\/kraios.app\/news\/wp-json\/wp\/v2\/categories?post=14343"},{"taxonomy":"post_tag","embeddable":true,"href":"https:\/\/kraios.app\/news\/wp-json\/wp\/v2\/tags?post=14343"}],"curies":[{"name":"wp","href":"https:\/\/api.w.org\/{rel}","templated":true}]}}