{"id":14265,"date":"2023-09-12T22:20:20","date_gmt":"2023-09-12T22:20:20","guid":{"rendered":"https:\/\/kraios.app\/news\/spor\/2023\/09\/12\/ziraat-turkiye-kupasinda-on-eleme-turu-eslesmeleri-ve-mac-programi-belli-oldu\/"},"modified":"2023-09-12T22:20:20","modified_gmt":"2023-09-12T22:20:20","slug":"ziraat-turkiye-kupasinda-on-eleme-turu-eslesmeleri-ve-mac-programi-belli-oldu","status":"publish","type":"post","link":"https:\/\/kraios.app\/news\/spor\/2023\/09\/12\/ziraat-turkiye-kupasinda-on-eleme-turu-eslesmeleri-ve-mac-programi-belli-oldu\/","title":{"rendered":"Ziraat T\u00fcrkiye Kupas\u0131&#039;nda \u00f6n eleme turu e\u015fle\u015fmeleri ve ma\u00e7 program\u0131 belli oldu"},"content":{"rendered":"<p>Ziraat T\u00fcrkiye Kupas\u0131&#8217;nda \u00f6n eleme turunun kura \u00e7ekimi yap\u0131l\u0131rken, ma\u00e7 program\u0131 da belli oldu.<\/p>\n","protected":false},"excerpt":{"rendered":"<p>Ziraat T\u00fcrkiye Kupas\u0131&#8217;nda \u00f6n eleme turunun kura \u00e7ekimi yap\u0131l\u0131rken, ma\u00e7 program\u0131 da belli oldu.<\/p>\n","protected":false},"author":1,"featured_media":14266,"comment_status":"","ping_status":"","sticky":false,"template":"","format":"standard","meta":[],"categories":[48],"tags":[],"_links":{"self":[{"href":"https:\/\/kraios.app\/news\/wp-json\/wp\/v2\/posts\/14265"}],"collection":[{"href":"https:\/\/kraios.app\/news\/wp-json\/wp\/v2\/posts"}],"about":[{"href":"https:\/\/kraios.app\/news\/wp-json\/wp\/v2\/types\/post"}],"author":[{"embeddable":true,"href":"https:\/\/kraios.app\/news\/wp-json\/wp\/v2\/users\/1"}],"replies":[{"embeddable":true,"href":"https:\/\/kraios.app\/news\/wp-json\/wp\/v2\/comments?post=14265"}],"version-history":[{"count":0,"href":"https:\/\/kraios.app\/news\/wp-json\/wp\/v2\/posts\/14265\/revisions"}],"wp:featuredmedia":[{"embeddable":true,"href":"https:\/\/kraios.app\/news\/wp-json\/wp\/v2\/media\/14266"}],"wp:attachment":[{"href":"https:\/\/kraios.app\/news\/wp-json\/wp\/v2\/media?parent=14265"}],"wp:term":[{"taxonomy":"category","embeddable":true,"href":"https:\/\/kraios.app\/news\/wp-json\/wp\/v2\/categories?post=14265"},{"taxonomy":"post_tag","embeddable":true,"href":"https:\/\/kraios.app\/news\/wp-json\/wp\/v2\/tags?post=14265"}],"curies":[{"name":"wp","href":"https:\/\/api.w.org\/{rel}","templated":true}]}}