{"id":14257,"date":"2023-09-12T19:07:52","date_gmt":"2023-09-12T19:07:52","guid":{"rendered":"https:\/\/kraios.app\/news\/siyaset\/2023\/09\/12\/tahil-girisimi-anlasmasinin-yeniden-canlandirilmasi-gerekiyor\/"},"modified":"2023-09-12T19:07:52","modified_gmt":"2023-09-12T19:07:52","slug":"tahil-girisimi-anlasmasinin-yeniden-canlandirilmasi-gerekiyor","status":"publish","type":"post","link":"https:\/\/kraios.app\/news\/siyaset\/2023\/09\/12\/tahil-girisimi-anlasmasinin-yeniden-canlandirilmasi-gerekiyor\/","title":{"rendered":"Tah\u0131l Giri\u015fimi anla\u015fmas\u0131n\u0131n yeniden canland\u0131r\u0131lmas\u0131 gerekiyor"},"content":{"rendered":"<p><\/p>\n<div>\n<p>\u00c7elik, Parti Genel Merkezi&#8217;nde, Cumhurba\u015fkan\u0131 ve AK Parti Genel Ba\u015fkan\u0131 Recep Tayyip Erdo\u011fan&#8217;\u0131n ba\u015fkanl\u0131\u011f\u0131nda yap\u0131lan AK Parti Merkez Y\u00fcr\u00fctme Kurulu (MYK) toplant\u0131s\u0131n\u0131n ard\u0131ndan bas\u0131n toplant\u0131s\u0131 d\u00fczenledi.<\/p>\n<p>Toplant\u0131da, 7 Ekim&#8217;de ger\u00e7ekle\u015ftirilecek B\u00fcy\u00fck Kongre haz\u0131rl\u0131klar\u0131na ili\u015fkin sunumlar yap\u0131ld\u0131\u011f\u0131n\u0131 belirten \u00c7elik, b\u00fct\u00fcn birimlerle kongreye haz\u0131r olduklar\u0131n\u0131 s\u00f6yledi.<\/p>\n<p>Darbelerin tarihi a\u00e7\u0131s\u0131ndan 12 Eyl\u00fcl&#8217;\u00fcn en k\u00f6t\u00fc sonu\u00e7 do\u011furanlardan biri oldu\u011funu ifade eden \u00c7elik, &#8220;hukuk d\u0131\u015f\u0131 vatanseverli\u011fin&#8221; olmayaca\u011f\u0131n\u0131, darbeleri yapanlar\u0131n \u00fclkeyi kurtarmaktan bahsetti\u011fini ancak \u00fclkenin getirildi\u011fi durumda askeri vesayetin sorumlulu\u011fundan bahsetmediklerini dile getirdi.<\/p>\n<p>S\u00fcrekli siyaset kurumunun a\u015fa\u011f\u0131land\u0131\u011f\u0131 birtak\u0131m arg\u00fcmanlarla yola \u00e7\u0131k\u0131ld\u0131\u011f\u0131na i\u015faret eden \u00c7elik, \u00fclke savunmas\u0131yla ilgili bir kurumun siyasetle ne ilgisi olabilece\u011fi konusundaki &#8220;k\u00f6t\u00fc ge\u00e7mi\u015fin&#8221; de\u011ferlendirilmedi\u011fini belirtti.<\/p>\n<p>&#8220;Her darbe kendisine bir vatanseverlik atfetse de asl\u0131nda vatana ihanet anlam\u0131na gelen bir\u00e7ok sonu\u00e7 do\u011furmu\u015ftur.&#8221; diyen \u00c7elik, 12 Eyl\u00fcl darbesiyle u\u011fruna \u0130stiklal Sava\u015f\u0131 verilen yeni Cumhuriyet&#8217;in omurgas\u0131n\u0131 olu\u015fturan &#8220;Egemenlik kay\u0131ts\u0131z \u015farts\u0131z milletindir&#8221; ilkesinin la\u011fvedildi\u011fini, ayaklar alt\u0131na al\u0131nd\u0131\u011f\u0131n\u0131 ifade etti.<\/p>\n<p>Di\u011fer darbelerden farkl\u0131 olarak FET\u00d6&#8217;n\u00fcn ger\u00e7ekle\u015ftirmeye \u00e7al\u0131\u015ft\u0131\u011f\u0131 15 Temmuz&#8217;un milletin iradesiyle kar\u015f\u0131la\u015fan ve sonuca ula\u015famam\u0131\u015f bir darbe oldu\u011funu aktaran \u00c7elik, &#8220;Cumhurba\u015fkan\u0131m\u0131z\u0131n o gece yapt\u0131\u011f\u0131 \u00e7a\u011fr\u0131 ve liderlik, milletimizin ortaya koydu\u011fu duru\u015f, demokrasimize ne olursa olsun sahip \u00e7\u0131kaca\u011f\u0131m\u0131z bir d\u00f6nemin ba\u015flang\u0131c\u0131 olmu\u015ftur.&#8221; dedi.<\/p>\n<h3>&#8220;Kirli yolu takip etmeye devam ediyorlar&#8221;<\/h3>\n<p>CHP Genel Ba\u015fkan\u0131 Kemal K\u0131l\u0131\u00e7daro\u011flu&#8217;nun 12 Eyl\u00fcl darbesini k\u0131narken &#8220;20 Temmuz darbesi&#8221; \u015feklinde bir ifade kulland\u0131\u011f\u0131na i\u015faret eden \u00c7elik, K\u0131l\u0131\u00e7daro\u011flu&#8217;nun &#8220;sivil darbeciler&#8221; diyerek de se\u00e7im sonu\u00e7lar\u0131n\u0131 kabul etmeme \u015feklindeki tavr\u0131n\u0131 s\u00fcrd\u00fcrmeye \u00e7al\u0131\u015ft\u0131\u011f\u0131n\u0131 kaydetti.<\/p>\n<p>20 Temmuz&#8217;da T\u00fcrkiye Cumhuriyeti h\u00fck\u00fcmetinin, kendisine anayasan\u0131n, kanunlar\u0131n verdi\u011fi yetkileri kullanarak, darbe giri\u015fiminin sonu\u00e7lar\u0131n\u0131 durdurmaya kar\u015f\u0131 \u00e7ok \u00f6nemli tedbirler ald\u0131klar\u0131n\u0131 vurgulayan \u00c7elik, &#8220;O g\u00fcnden beri kanun i\u00e7erisinde, hukuk i\u00e7erisinde al\u0131nan tedbirlere Kemal K\u0131l\u0131\u00e7daro\u011flu ve ekibi bir &#8216;sivil darbe&#8217; diyerek asl\u0131nda darbecilerin kulland\u0131\u011f\u0131 bir literat\u00fcr\u00fc kullanarak s\u00fcrekli asl\u0131nda 15 Temmuz&#8217;daki darbe giri\u015fimine bir mazeret \u00fcretmeye \u00e7al\u0131\u015ft\u0131klar\u0131n\u0131n fark\u0131nda de\u011filler ya da fark\u0131ndalar ama maalesef bu \u00e7irkin yolu, kirli yolu takip etmeye devam ediyorlar.&#8221; ifadelerini kulland\u0131.<\/p>\n<p>\u00dclkede darbe giri\u015fiminin ger\u00e7ekle\u015fti\u011fi, devlet ba\u015fkan\u0131n\u0131n \u00f6ld\u00fcr\u00fclmeye \u00e7al\u0131\u015f\u0131ld\u0131\u011f\u0131, Parlamento binas\u0131 ve Cumhurba\u015fkanl\u0131\u011f\u0131 K\u00fclliyesi&#8217;nin bombalanmas\u0131 kar\u015f\u0131s\u0131nda kanunlar ve anayasa i\u00e7erisinde ald\u0131klar\u0131 tedbirlerin &#8220;CHP Genel Ba\u015fkan\u0131n\u0131n ho\u015funa gitmedi\u011fini&#8221; s\u00f6yleyen \u00c7elik, K\u0131l\u0131\u00e7daro\u011flu&#8217;nun darbe giri\u015fiminden sonra al\u0131nan ter\u00f6r \u00f6rg\u00fct\u00fcn\u00fcn b\u00fct\u00fcn giri\u015fimlerini, g\u00fcc\u00fcn\u00fc k\u0131rmaya y\u00f6nelik tedbirleri s\u00fcrekli &#8220;sivil darbe&#8221; olarak nitelendirmeye devam etti\u011fini aktard\u0131.<\/p>\n<p>\u00c7elik, \u015f\u00f6yle devam etti:<\/p>\n<p>&#8220;&#8216;Se\u00e7ilen h\u00fck\u00fcmetin me\u015fruiyeti yokmu\u015f.&#8217; diyerek asl\u0131nda bir kere daha, laf\u0131n nereye gitti\u011fini bilmeden kendi demokratl\u0131\u011f\u0131n\u0131 zedeleyen, demokrat olmad\u0131\u011f\u0131n\u0131 ispat eden, cumhuriyet kar\u015f\u0131t\u0131 bir a\u00e7\u0131klama yap\u0131yor. Sonu\u00e7 olarak se\u00e7im sonu\u00e7lar\u0131 millet iradesiyle tecelli etti. CHP Genel Ba\u015fkan\u0131 Kemal K\u0131l\u0131\u00e7daro\u011flu ve onun etraf\u0131ndaki birka\u00e7 ki\u015fi, bu literat\u00fcr\u00fc kullanan birka\u00e7 ki\u015fi&#8230; Bunun gayrime\u015fru oldu\u011funu s\u00f6ylememize ra\u011fmen videolar \u00e7ekip &#8216;Biz bu \u015fekilde konu\u015fmaya devam edece\u011fiz.&#8217; diyenler var. O \u015fekilde tabii ki konu\u015fmaya devam edeceksiniz, biliyoruz. Ba\u015fka t\u00fcrl\u00fc bir demokratik yakla\u015f\u0131m, bir demokrat duru\u015f da sizden beklemiyoruz. Ama ilk defa bu derece darbecilerin kulland\u0131\u011f\u0131 arg\u00fcmanlar\u0131n bir siyasi partinin y\u00f6netici heyeti ve genel ba\u015fkan\u0131 taraf\u0131ndan a\u00e7\u0131k\u00e7a ve alenen kullan\u0131ld\u0131\u011f\u0131 g\u00f6r\u00fcl\u00fcyor. Hi\u00e7bir mahcubiyet duymadan, hi\u00e7 s\u0131k\u0131lmadan bunu kullan\u0131ld\u0131\u011f\u0131 g\u00f6r\u00fcl\u00fcyor. Bunun da kayd\u0131n\u0131 bir kere daha d\u00fc\u015fm\u00fc\u015f olal\u0131m. Milletimize bu durumu bir kere daha arz ediyoruz.&#8221;<\/p>\n<h3>&#8220;Karadeniz&#8217;in herhangi bir \u015fekilde \u00e7at\u0131\u015fma ortam\u0131 olmas\u0131n\u0131 istemiyoruz&#8221;<\/h3>\n<p>\u00c7elik, b\u00fct\u00fcn d\u00fcnya sistemini etkileyen Rusya-Ukrayna sava\u015f\u0131yla ilgili herkesin senaryosu bulundu\u011funu, sava\u015f\u0131n devam etmesine dair birtak\u0131m haz\u0131rl\u0131klar\u0131n yap\u0131ld\u0131\u011f\u0131n\u0131 ancak sadece Cumhurba\u015fkan\u0131 Erdo\u011fan ve T\u00fcrkiye&#8217;nin bar\u0131\u015f konusunda \u0131srarc\u0131 oldu\u011funu s\u00f6yledi.<\/p>\n<p>Tah\u0131l koridorunun devam etmesine y\u00f6nelik Cumhurba\u015fkan\u0131 Erdo\u011fan&#8217;\u0131n giri\u015fimlerinin s\u00fcrd\u00fc\u011f\u00fcn\u00fc aktaran \u00c7elik, \u015funlar\u0131 kaydetti:<\/p>\n<p>&#8220;Tabii burada b\u00fct\u00fcn bu s\u00fcre i\u00e7erisinde birka\u00e7 tane geli\u015fme ortaya \u00e7\u0131kt\u0131. Birincisi Rusya&#8217;n\u0131n alternatif bir plan\u0131 s\u00f6z konusu oldu. Ukrayna&#8217;n\u0131n alternatif bir plan\u0131 s\u00f6z konusu oldu. Ama biz Karadeniz&#8217;in herhangi bir \u015fekilde \u00e7at\u0131\u015fma ortam\u0131 olmas\u0131n\u0131 istemiyoruz. Bu nedenle de BM \u00e7at\u0131s\u0131 alt\u0131nda, BM inisiyatifiyle Rusya ve Ukrayna&#8217;yla birlikte, herhangi bir \u015fekilde iki \u00fclkeyi de d\u0131\u015flamadan bu s\u00fcrecin y\u00fcr\u00fct\u00fclmesi gerekti\u011fini de\u011ferlendiriyoruz. Ukrayna, Bulgaristan ve Romanya k\u0131ta sahanl\u0131\u011f\u0131 \u00fczerinden yeni bir hat \u00e7izmeye \u00e7al\u0131\u015f\u0131yor. Moskova ise mevcut koridorla ilgili olarak s\u00f6zlerin yerine getirilmesini istiyor. Tabii iki taraf\u0131n da masaya d\u00f6nmek i\u00e7in Bat\u0131&#8217;dan beklentileri var.&#8221;<\/p>\n<p>Rusya ile alternatif bir tah\u0131l koridoru planland\u0131\u011f\u0131na dair kendilerine sorular geldi\u011fini bildiren \u00c7elik, \u015funlar\u0131 s\u00f6yledi:<\/p>\n<p>&#8220;1 milyon ton Rus tah\u0131l\u0131n\u0131n Afrika \u00fclkelerine g\u00f6nderilecek olmas\u0131, insanl\u0131k i\u00e7in ve Afrika i\u00e7in son derece \u00f6nemlidir. Say\u0131n Cumhurba\u015fkan\u0131m\u0131z da buna son derece \u00f6nem veriyor. Tabii burada \u00f6nerilen T\u00fcrkiye, Rusya, Katar \u015feklindeki i\u015fbirli\u011fi de k\u0131ymetli. Ama \u00f6ncelikle bu \u015fekilde bir \u015feyin tamamlay\u0131c\u0131 olarak g\u00fcndeme gelmesi gerekti\u011fini de\u011ferlendiriyoruz. Dolay\u0131s\u0131yla BM&#8217;nin giri\u015fimiyle olu\u015fan Tah\u0131l Giri\u015fimi anla\u015fmas\u0131n\u0131n yeniden canland\u0131r\u0131lmas\u0131 gerekiyor. O canland\u0131r\u0131ld\u0131ktan sonra bunlar\u0131n hayata ge\u00e7mesi daha kolay olacakt\u0131r. Dolay\u0131s\u0131yla BM arac\u0131l\u0131\u011f\u0131yla m\u00fczakere, T\u00fcrkiye&#8217;nin esas pozisyonunu olu\u015fturmaya devam ediyor. M\u00fczakereler tabii ki de BM arac\u0131l\u0131\u011f\u0131yla yap\u0131lmal\u0131. Karadeniz giri\u015fimine deste\u011fimiz tabii ki s\u00fcr\u00fcyor. Bunlar\u0131n canlanmas\u0131yla birlikte bu \u00fc\u00e7l\u00fc inisiyatifin tamamlay\u0131c\u0131 bir rol oynamas\u0131 \u00e7ok daha k\u0131ymetli olacakt\u0131r.&#8221;<\/p>\n<h3>&#8220;G20 bildirgesinde kutsal kitaplara d\u00f6n\u00fck sald\u0131r\u0131lar\u0131n k\u0131nanmas\u0131n\u0131n da \u00f6nemli oldu\u011funu d\u00fc\u015f\u00fcn\u00fcyoruz&#8221;<\/h3>\n<p>Hindistan&#8217;daki G20 Liderler Zirvesi&#8217;nin MYK&#8217;da g\u00f6r\u00fc\u015f\u00fcld\u00fc\u011f\u00fcn\u00fc belirten \u00c7elik, zirvede T\u00fcrkiye&#8217;nin tah\u0131l koridorunun hayata ge\u00e7mesi i\u00e7in ortaya koydu\u011fu \u00e7abalar\u0131n takdir edildi\u011fini s\u00f6yledi.<\/p>\n<p>T\u00fcrkiye&#8217;nin de destekledi\u011fi Afrika Birli\u011fi&#8217;nin G20&#8217;ye \u00fcyelik talebinin kabul\u00fc ve Ukrayna sava\u015f\u0131n\u0131n son bulmas\u0131na ili\u015fkin iradenin bildiriye girmesinin \u00f6nemli oldu\u011funu ifade eden \u00c7elik, T\u00fcrkiye&#8217;nin \u00f6nc\u00fcl\u00fck etti\u011fi bir\u00e7ok konunun zirve bildirgesine girdi\u011fine dikkati \u00e7ekti.<\/p>\n<p>\u00c7elik, kutsal kitaplara y\u00f6nelik sald\u0131r\u0131lara, demokratik \u00fclkelerin bir tedbir geli\u015ftiremedi\u011fini belirterek, \u015f\u00f6yle devam etti:<\/p>\n<p>&#8220;D\u00fc\u015f\u00fcnce h\u00fcrriyeti ad\u0131 alt\u0131nda, din ve inan\u00e7 h\u00fcrriyetinin ayaklar alt\u0131na al\u0131nd\u0131\u011f\u0131, nefret su\u00e7lar\u0131n\u0131n giderek yayg\u0131nla\u015ft\u0131\u011f\u0131 bir tablo ortaya \u00e7\u0131k\u0131yor. Buna kar\u015f\u0131 biz duru\u015fumuzu net bir \u015fekilde ortaya koyuyoruz ve demokratik b\u00fct\u00fcn \u00fclkeleri buna kar\u015f\u0131 tedbir almaya \u00e7a\u011f\u0131r\u0131yoruz. Ama bu \u00e7er\u00e7evede G20 bildirgesinde kutsal kitaplara d\u00f6n\u00fck sald\u0131r\u0131lar\u0131n k\u0131nanmas\u0131n\u0131n da \u00f6nemli oldu\u011funu d\u00fc\u015f\u00fcn\u00fcyoruz.&#8221;<\/p>\n<p>\u00c7elik, Cumhurba\u015fkan\u0131 Erdo\u011fan&#8217;\u0131n e\u015fi Emine Erdo\u011fan&#8217;\u0131n \u00f6nc\u00fcl\u00fck etti\u011fi S\u0131f\u0131r At\u0131k giri\u015fimlerinin bildirgede yer almas\u0131n\u0131n \u00f6nemini de vurgulad\u0131.<\/p>\n<p>Uluslararas\u0131 kurulu\u015flar\u0131n \u00e7a\u011f\u0131n gereklerine g\u00f6re yeniden yap\u0131land\u0131r\u0131lmas\u0131 gerekti\u011fini ifade eden \u00c7elik, &#8220;Cumhurba\u015fkan\u0131m\u0131z bunu &#8216;D\u00fcnya be\u015ften b\u00fcy\u00fckt\u00fcr&#8217; mottosuyla ifade ediyor. Bu mottonun ortaya koydu\u011fu \u00e7a\u011fr\u0131n\u0131n somut bir tak\u0131m mekanizmalara d\u00f6n\u00fc\u015fmesi son derece k\u0131ymetli olacakt\u0131r. \u00c7\u00fcnk\u00fc art\u0131k d\u00fcnya sistemini temsil eden kurumlar\u0131n temsil yetersizli\u011fi bir\u00e7ok olayda ayan beyan ortaya \u00e7\u0131kmaktad\u0131r. Bu kurumlar\u0131n yeniden ve demokratik bir bak\u0131\u015f a\u00e7\u0131s\u0131yla yap\u0131land\u0131r\u0131lmas\u0131na b\u00fcy\u00fck ihtiya\u00e7 vard\u0131r.&#8221; diye konu\u015ftu.<\/p>\n<h3>&#8220;Vize serbestisi konusunda de\u011fi\u015fik modeller \u00fczerinde \u00e7al\u0131\u015f\u0131l\u0131yor&#8221;<\/h3>\n<p>\u00c7elik, se\u00e7imler sonras\u0131nda ortaya \u00e7\u0131kan tabloyla Avrupa Birli\u011fi (AB)-T\u00fcrkiye aras\u0131ndaki ili\u015fkilerin s\u0131k\u0131la\u015fmaya ba\u015flad\u0131\u011f\u0131n\u0131, s\u00f6ylemlerin daha pozitif bir ortama d\u00f6nd\u00fc\u011f\u00fcn\u00fc ifade ederek, &#8220;Bu \u00e7er\u00e7evede vize serbestisi ve G\u00fcmr\u00fck Birli\u011fi&#8217;nin g\u00fcncellenmesi meselesi \u00f6ne \u00e7\u0131kmaktad\u0131r. Vize serbestisi konusunda de\u011fi\u015fik modeller \u00fczerinde \u00e7al\u0131\u015f\u0131l\u0131yor.&#8221; dedi.<\/p>\n<p>\u00c7elik, 1996&#8217;dan beri y\u00fcr\u00fcrl\u00fckte bulunan ve bir bak\u0131ma T\u00fcrkiye&#8217;nin AB&#8217;ye giri\u015f mekanizmas\u0131n\u0131n bir s\u00fcreci olarak de\u011ferlendirilen G\u00fcmr\u00fck Birli\u011fi ile ilgili AB komisyonuyla var\u0131lan mutabakat kapsam\u0131nda teknik \u00e7al\u0131\u015fmalar\u0131n 2014&#8217;te ba\u015flad\u0131\u011f\u0131n\u0131 ve 2016&#8217;da da G\u00fcmr\u00fck Birli\u011fi&#8217;nin g\u00fcncellenmesine d\u00f6n\u00fck olarak Avrupa Komisyonunun m\u00fczakerelerin ba\u015flat\u0131lmas\u0131n\u0131 talep etti\u011fini an\u0131msatt\u0131.<\/p>\n<p>Komisyonun 2016&#8217;da bunu s\u00f6ylemesinin arkas\u0131ndan siyasi saiklerle \u00e7ok fazla bir ilerleme kaydedilemedi\u011fini belirten \u00c7elik, &#8220;Gelinen noktada bu siyasi saiklerin geri plana b\u0131rak\u0131larak \u00e7ok daha y\u00fcksek bir ivmenin kaydedilebilece\u011fi bir ortam i\u00e7erisindeyiz. D\u00fcnya bu kadar istikrars\u0131zla\u015f\u0131rken, d\u00fcnya \u00fczerinde bu kadar \u00e7alkant\u0131l\u0131 ve kaotik geli\u015fme olurken T\u00fcrkiye-AB ili\u015fkilerinin daha istikrarl\u0131 bir yap\u0131ya kavu\u015fmas\u0131 ve ilerleyen somut sonu\u00e7lar alan, yol kat eden bir yap\u0131ya kavu\u015fmas\u0131 k\u0131ymetli olacakt\u0131r.&#8221; diye konu\u015ftu.<\/p>\n<p>Deprem b\u00f6lgesinde yap\u0131lan \u00e7al\u0131\u015fmalar\u0131n her zaman g\u00fcndemlerinde oldu\u011funa vurgu yapan \u00c7elik, &#8220;Oradaki vatanda\u015flar\u0131 asla unutmuyoruz. Oradaki hayat normale d\u00f6n\u00fcnceye kadar hi\u00e7bir gev\u015femeye mahal vermeden, b\u00fct\u00fcn bu \u00e7al\u0131\u015fmalar s\u0131k\u0131 bir \u015fekilde s\u00fcrd\u00fcr\u00fclecek.&#8221; dedi.<\/p>\n<p>\u00d6mer \u00c7elik, 12 Eyl\u00fcl darbesinin 43. y\u0131l\u0131nda olundu\u011funu an\u0131msatarak, &#8220;Demokrasimizle, Cumhuriyetimizle ilgili hassasiyetimizi \u00f6n\u00fcm\u00fczdeki d\u00f6nemde sivil siyasetin \u00fcst\u00fcnl\u00fc\u011f\u00fcne dayal\u0131 bir \u015fekilde daha g\u00fc\u00e7l\u00fc bir \u015fekilde koruyaca\u011f\u0131m\u0131z\u0131, buna tehdit te\u015fkil eden b\u00fct\u00fcn unsurlarla m\u00fccadele edece\u011fimizi ifade etmek istiyorum.&#8221; ifadesini kulland\u0131.<\/p>\n<p>CHP Genel Ba\u015fkan\u0131 Kemal K\u0131l\u0131\u00e7daro\u011flu ve partide g\u00f6rev yapanlar\u0131n do\u011frudan, darbecilerin kulland\u0131\u011f\u0131 s\u00f6ylemlerle, sivil siyasete d\u00f6n\u00fck zehirli bir dil kullanmaya \u00e7al\u0131\u015ft\u0131klar\u0131n\u0131 s\u00f6yleyen \u00c7elik, &#8220;Bu hi\u00e7 kimse i\u00e7in \u00e7\u0131kar bir yol de\u011fil, \u00e7\u0131kmaz bir sokak. En \u00f6nemlisi de siyaset yapanlar\u0131n, kendi siyasi me\u015fruiyetlerini zehirleyen b\u00f6yle bir durum i\u00e7erisinde asla bulunmamas\u0131 gerekir.&#8221; de\u011ferlendirmesinde bulundu.<\/p>\n<p>\u00c7elik, Cumhurba\u015fkan\u0131 Erdo\u011fan&#8217;\u0131n Birle\u015fmi\u015f Milletler Genel Kurulu vesilesiyle New York&#8217;a ziyareti olaca\u011f\u0131n\u0131 da an\u0131msatarak, T\u00fcrkiye&#8217;nin kilit rol\u00fcn\u00fcn burada da bir kere daha belirginle\u015fece\u011fini bildirdi.<\/p>\n<h3>&#8220;(Karaba\u011f&#8217;daki) S\u00f6zde se\u00e7imin hi\u00e7bir me\u015fruiyeti yoktur&#8221;<\/h3>\n<p>Gazetecilerin sorular\u0131n\u0131 da yan\u0131tlayan \u00c7elik, &#8220;Azerbaycan&#8217;a ba\u011fl\u0131 Karaba\u011f&#8217;daki s\u00f6zde se\u00e7imlere ili\u015fkin&#8221; soruya \u015fu yan\u0131t\u0131 verdi:<\/p>\n<p>&#8220;Azerbaycan&#8217;\u0131n reddetti\u011fi \u015fekilde T\u00fcrkiye Cumhuriyeti de ayn\u0131 \u015fekilde reddetmi\u015ftir. G\u00fcrcistan&#8217;\u0131n da reddeden bir a\u00e7\u0131klamas\u0131 vard\u0131. Bug\u00fcn ABD&#8217;den de benzer bir a\u00e7\u0131klama geldi. Bunlar\u0131n son derece k\u0131ymetli oldu\u011funu ifade etmek isterim. Orada bir oldubittiyle hi\u00e7bir me\u015fruiyeti olmayan bir se\u00e7im yap\u0131p, kendi kendilerine cumhurba\u015fkan\u0131 se\u00e7iyorlar. Asl\u0131nda \u015funun g\u00f6r\u00fclmesi gerekir, b\u00fct\u00fcn bunlar asl\u0131nda bir bak\u0131ma Ermenistan h\u00fck\u00fcmetine kar\u015f\u0131 da yap\u0131lm\u0131\u015f oluyor. \u00c7\u00fcnk\u00fc bunlar\u0131n, bu \u015fekilde son zamanlarda b\u00fct\u00fcn b\u00f6lgenin g\u00fcvenli\u011fini sa\u011flayacak \u015fekilde bir mekanizma kurulmas\u0131 \u00f6nerilmi\u015fti. Say\u0131n Cumhurba\u015fkan\u0131m\u0131z, Say\u0131n Aliyev&#8217;le dayan\u0131\u015fma i\u00e7erisinde, buna bu sald\u0131rgan emellerinden vazge\u00e7erse Ermenistan&#8217;\u0131n da dahil olaca\u011f\u0131n\u0131 s\u00f6ylemi\u015fti. Bu ne demek; bu, Ermenistan&#8217;\u0131n art\u0131k b\u00fct\u00fcn bu \u00e7at\u0131\u015fmalar\u0131n i\u00e7inden daha me\u015fru, daha bar\u0131\u015f\u00e7\u0131l bir alana \u00e7ekilmesi demek. Bu Ermenistan vatanda\u015flar\u0131 i\u00e7in de daha iyi bir gelece\u011fin, daha refah dolu bir gelece\u011fin kurulmas\u0131 demek, bu sald\u0131rganl\u0131ktan vazge\u00e7tikleri takdirde. Ama bir yandan orada gerilimi at\u0131lacak \u015fekilde s\u0131n\u0131ra silah y\u0131\u011f\u0131lmas\u0131 bir yandan da bu korsan se\u00e7im diyebilece\u011fimiz, s\u00f6zde se\u00e7imin yap\u0131lm\u0131\u015f olmas\u0131 asl\u0131nda b\u00fct\u00fcn y\u00fcr\u00fcyen bu istikrar s\u00fcre\u00e7lerine darbe vuran bir \u015fey.&#8221;<\/p>\n<p>&#8220;(Karaba\u011f&#8217;da) Ermeniler taraf\u0131ndan yap\u0131lan s\u00f6zde se\u00e7imin hi\u00e7bir me\u015fruiyeti yoktur. Bu korsan se\u00e7im ve o s\u0131n\u0131ra silah ya\u011farak bu gerginli\u011fi y\u00fckseltmek, ba\u015fkalar\u0131n\u0131n i\u015fine belki yarayabilir ama Ermenistan&#8217;\u0131n i\u015fine yaramayaca\u011f\u0131 a\u00e7\u0131kt\u0131r.&#8221; ifadelerini kullanan \u00c7elik, bu y\u00fczden Ermenistan&#8217;\u0131n bu tip korsan giri\u015fimlerden ve o b\u00f6lgede gerilimi art\u0131racak yakla\u015f\u0131mlardan uzak durmas\u0131 gerekti\u011fini belirtti ve T\u00fcrkiye&#8217;nin de Karaba\u011f Sava\u015f\u0131&#8217;nda oldu\u011fu gibi karde\u015f Azerbaycan&#8217;\u0131 t\u00fcm\u00fcyle destekledi\u011fini s\u00f6yledi.<\/p>\n<h3>&#8220;Herkesin sa\u011fduyulu davranmas\u0131nda fayda vard\u0131r&#8221;<\/h3>\n<p>Cumhurba\u015fkan\u0131 Erdo\u011fan&#8217;\u0131n, b\u00f6lge bar\u0131\u015f\u0131n\u0131n ayakta tutulmas\u0131na d\u00f6n\u00fck bir irade ortaya koydu\u011funu belirten \u00c7elik, &#8220;Pa\u015finyan&#8217;a da zaten bu b\u00f6lge bar\u0131\u015f\u0131yla ilgili kanaatlerini herhangi bir \u015fekilde yanl\u0131\u015f bir tutum i\u00e7ine girilmemesi gerekti\u011fini ifade etmi\u015flerdir. Herkesin sa\u011fduyulu davranmas\u0131nda fayda vard\u0131r. Provokasyonlar baz\u0131 gruplar taraf\u0131ndan yap\u0131labilir. Ama bu b\u00f6lge halklar\u0131n\u0131n yarar\u0131na olacak bir sonu\u00e7 de\u011fildir.&#8221; de\u011ferlendirmesinde bulundu.<\/p>\n<p>\u00c7elik, baz\u0131 devletlerin, Azerbaycan&#8217;\u0131n me\u015fru tutumu kar\u015f\u0131s\u0131nda gerginli\u011fi y\u00fckselten beyanlarda bulundu\u011funu anlatarak, &#8220;Herkesin b\u00f6lge bar\u0131\u015f\u0131na odaklanan hukuk ve hakkaniyetten yana olan bir \u00e7izgiyi s\u00fcrd\u00fcrmesi b\u00f6lgenin gelece\u011fi a\u00e7\u0131s\u0131ndan k\u0131ymetli olacakt\u0131r.&#8221; ifadelerini kulland\u0131.<\/p>\n<h3>Tanr\u0131kulu&#8217;nun T\u00fcrk Silahl\u0131 Kuvvetlerine y\u00f6nelik a\u00e7\u0131klamalar\u0131<\/h3>\n<p>CHP Diyarbak\u0131r Milletvekili Sezgin Tanr\u0131kulu&#8217;nun T\u00fcrk Silahl\u0131 Kuvvetlerine y\u00f6nelik a\u00e7\u0131klamalar\u0131na hat\u0131rlat\u0131lan \u00c7elik, \u015fu de\u011ferlendirmede bulundu:<\/p>\n<p>&#8220;CHP milletvekilinin ter\u00f6re destek veren a\u00e7\u0131klamas\u0131n\u0131n CHP&#8217;nin se\u00e7im d\u00f6neminde ter\u00f6r \u00f6rg\u00fctlerinin deste\u011fini alan bir kampanya y\u00fcr\u00fctmesinin bir neticesi oldu\u011funu d\u00fc\u015f\u00fcn\u00fcyorum. \u00c7\u00fcnk\u00fc bug\u00fcn ku\u015fkusuz \u015f\u00f6yle olsayd\u0131, e\u011fer bir CHP milletvekili ter\u00f6re destek veren bir a\u00e7\u0131klama yapt\u0131 onun kar\u015f\u0131l\u0131\u011f\u0131nda da CHP s\u00f6zc\u00fcs\u00fc \u00e7\u0131kt\u0131 &#8216;Bunu kabul etmiyoruz ve biz buna kar\u015f\u0131, bunu yetkili kurullar\u0131m\u0131zla de\u011ferlendirece\u011fiz&#8217; dedi\u011finde bu k\u0131ymetli olabilirdi. Ama bunun bir evveliyat\u0131 var. Bu, ta se\u00e7im d\u00f6neminden beri geliyor. Bu tekil bir olay de\u011fil. Yani bu tekil bir olaym\u0131\u015f gibi sadece &#8216;Bunu kabul etmiyoruz&#8217; demek yetmiyor. Se\u00e7im d\u00f6neminde Kemal K\u0131l\u0131\u00e7daro\u011flu&#8217;nun adayl\u0131\u011f\u0131na b\u00fct\u00fcn ter\u00f6r \u00f6rg\u00fctleri aleni destek verdi. Bu aleni destek kar\u015f\u0131s\u0131nda hepimiz se\u00e7im meydanlar\u0131nda ba\u011f\u0131rd\u0131k, &#8216;Bak\u0131n ter\u00f6r \u00f6rg\u00fctleri sizi desteklediklerini ifade ediyor, bu deste\u011fi reddedin, me\u015fru siyasete gayrime\u015fru alandan yap\u0131lan bu m\u00fcdahaleleri reddedin&#8217; diye. 14 May\u0131s se\u00e7imlerine kadar K\u0131l\u0131\u00e7daro\u011flu bunlar\u0131n hi\u00e7birini reddetmedi.<\/p>\n<p>CHP&#8217;nin ter\u00f6r kar\u015f\u0131s\u0131ndaki kurumsal ba\u011f\u0131\u015f\u0131kl\u0131k sistemi \u00e7\u00f6km\u00fc\u015ft\u00fcr. Kurumsal a\u00e7\u0131dan ba\u011f\u0131\u015f\u0131kl\u0131\u011f\u0131n\u0131 kaybetmi\u015ftir. \u015eimdi bu a\u00e7\u0131dan bakt\u0131\u011f\u0131n\u0131zda ba\u011f\u0131\u015f\u0131kl\u0131k sistemi \u00e7\u00f6km\u00fc\u015f bir \u015fekilde siyaset yapmaya \u00e7al\u0131\u015f\u0131yorlar. Ama her seferinde tutuyor, gidiyor ter\u00f6r \u00f6rg\u00fctleriyle yan yana d\u00fc\u015f\u00fcyorlar. \u015eunu d\u00fc\u015f\u00fcnmeleri gerekir, ni\u00e7in ter\u00f6r \u00f6rg\u00fctleriyle yan yana d\u00fc\u015fme konusunda CHP bu kadar g\u00fcndeme geliyor? Ni\u00e7in ter\u00f6r \u00f6rg\u00fctleriyle yan yana d\u00fc\u015fme konusunda CHP i\u00e7inden birileri \u00e7\u0131k\u0131p a\u00e7\u0131k\u00e7a bunu s\u00f6yleyebiliyor? T\u00fcrk Silahl\u0131 Kuvvetlerine d\u00f6n\u00fck olarak birtak\u0131m kara propaganda odaklar\u0131n\u0131n \u00fcretti\u011fi hangi faaliyetler oldu\u011funu biliyoruz. Bu faaliyetlerin arkas\u0131nda da \u015fu var; T\u00fcrk Silahl\u0131 Kuvvetleri&#8217;nin ter\u00f6rle m\u00fccadelesinden duyulan rahats\u0131zl\u0131k.&#8221;<\/p>\n<h3>&#8220;Sorumlu olanlara gereken tedbirin uygulanmas\u0131n\u0131 bekliyoruz&#8221;<\/h3>\n<p>\u00c7elik, Birle\u015fmi\u015f Milletler (BM) Bar\u0131\u015f G\u00fcc\u00fc ile KKTC g\u00fcvenlik g\u00fc\u00e7leri aras\u0131ndaki gerilimin ard\u0131ndan b\u00f6lgedeki durum ve Cumhurba\u015fkan\u0131 Erdo\u011fan&#8217;\u0131n New York&#8217;taki temaslar\u0131nda konunun g\u00fcndeme gelip gelmeyece\u011fine ili\u015fkin soruya da &#8220;BM Bar\u0131\u015f G\u00fcc\u00fc&#8217;n\u00fcn \u015funu de\u011ferlendirmesi gerekiyor, orada me\u015fru tek bir otorite yok. G\u00fcney K\u0131br\u0131s Rum Kesimi&#8217;nin esas al\u0131nd\u0131\u011f\u0131 faaliyet y\u00fcr\u00fct\u00fcrlerse b\u00fcy\u00fck bir yanl\u0131\u015f yaparlar.&#8221; yan\u0131t\u0131n\u0131 verdi.<\/p>\n<p>\u015eimdiye kadar yol faaliyetleriyle ilgili olarak G\u00fcney K\u0131br\u0131s Rum Kesimi&#8217;nin isteklerinin kabul edildi\u011fini kaydeden \u00c7elik, &#8220;KKTC&#8217;nin tamamen insani gerek\u00e7elerle ortaya koydu\u011fu bu iznin herhangi bir \u015fekilde engellenmesi kabul edilemez.&#8221; diye konu\u015ftu.<\/p>\n<p>\u00c7elik, T\u00fcrkiye&#8217;nin KKTC&#8217;nin arkas\u0131nda oldu\u011funu ifade ederek, &#8220;O arbedede yaralanan askerimize ge\u00e7mi\u015f olsun dileklerimizi iletiyoruz. BM bu konuda bir soru\u015fturma yapaca\u011f\u0131n\u0131 ifade etmi\u015f. Bu soru\u015fturman\u0131n neticesinde sorumlu olanlara gereken tedbirin uygulanmas\u0131n\u0131 bekledi\u011fimizi ifade etmek isterim.&#8221; ifadelerini kulland\u0131.<\/p>\n<p>                            <span class=\"detay-foto-editor\">&#13;<br \/>\n                                <a href=\"https:\/\/www.aa.com.tr\/tr\/p\/abonelik-talep-formu\/1001\" target=\"_blank\" style=\"font-size:12px; color:#444; text-decoration:none;\" rel=\"noopener\">&#13;<br \/>\n                                    Anadolu Ajans\u0131 web sitesinde, AA Haber Ak\u0131\u015f Sistemi (HAS) \u00fczerinden abonelere sunulan haberler, \u00f6zetlenerek yay\u0131mlanmaktad\u0131r. <b style=\"color:#1897F7\">Abonelik i\u00e7in l\u00fctfen ileti\u015fime ge\u00e7iniz.<\/b>&#13;<br \/>\n                                <\/a>&#13;<br \/>\n                            <\/span>\n                        <\/div>\n<p><script>\n\t  window.fbAsyncInit = function() {\n\t\tFB.init({\n\t\t  appId: '1855843514662870',\n\t\t  status : true, \/\/ check login status\n\t\t  cookie : true, \/\/ enable cookies to allow the server to access the session\n\t\t  xfbml  : true  \/\/ parse XFBML\n\t\t});\n\t  };<\/p>\n<p>\t  (function() {\n\t\tvar e = document.createElement('script');\n\t\te.src=\"https:\/\/connect.facebook.net\/tr_TR\/all.js\";\n\t\te.async = true;\n\t\tdocument.getElementById('fb-root').appendChild(e);\n\t  }());\n    <\/script><\/p>\n","protected":false},"excerpt":{"rendered":"<p>\u00c7elik, Parti Genel Merkezi&#8217;nde, Cumhurba\u015fkan\u0131 ve AK Parti Genel Ba\u015fkan\u0131 Recep Tayyip Erdo\u011fan&#8217;\u0131n ba\u015fkanl\u0131\u011f\u0131nda yap\u0131lan AK Parti Merkez Y\u00fcr\u00fctme Kurulu (MYK) toplant\u0131s\u0131n\u0131n ard\u0131ndan bas\u0131n toplant\u0131s\u0131 d\u00fczenledi. Toplant\u0131da, 7 Ekim&#8217;de ger\u00e7ekle\u015ftirilecek B\u00fcy\u00fck Kongre haz\u0131rl\u0131klar\u0131na ili\u015fkin sunumlar yap\u0131ld\u0131\u011f\u0131n\u0131 belirten \u00c7elik, b\u00fct\u00fcn birimlerle kongreye haz\u0131r olduklar\u0131n\u0131 s\u00f6yledi. Darbelerin tarihi a\u00e7\u0131s\u0131ndan 12 Eyl\u00fcl&#8217;\u00fcn en k\u00f6t\u00fc sonu\u00e7 do\u011furanlardan biri oldu\u011funu [&hellip;]<\/p>\n","protected":false},"author":1,"featured_media":14258,"comment_status":"","ping_status":"","sticky":false,"template":"","format":"standard","meta":[],"categories":[47],"tags":[],"_links":{"self":[{"href":"https:\/\/kraios.app\/news\/wp-json\/wp\/v2\/posts\/14257"}],"collection":[{"href":"https:\/\/kraios.app\/news\/wp-json\/wp\/v2\/posts"}],"about":[{"href":"https:\/\/kraios.app\/news\/wp-json\/wp\/v2\/types\/post"}],"author":[{"embeddable":true,"href":"https:\/\/kraios.app\/news\/wp-json\/wp\/v2\/users\/1"}],"replies":[{"embeddable":true,"href":"https:\/\/kraios.app\/news\/wp-json\/wp\/v2\/comments?post=14257"}],"version-history":[{"count":0,"href":"https:\/\/kraios.app\/news\/wp-json\/wp\/v2\/posts\/14257\/revisions"}],"wp:featuredmedia":[{"embeddable":true,"href":"https:\/\/kraios.app\/news\/wp-json\/wp\/v2\/media\/14258"}],"wp:attachment":[{"href":"https:\/\/kraios.app\/news\/wp-json\/wp\/v2\/media?parent=14257"}],"wp:term":[{"taxonomy":"category","embeddable":true,"href":"https:\/\/kraios.app\/news\/wp-json\/wp\/v2\/categories?post=14257"},{"taxonomy":"post_tag","embeddable":true,"href":"https:\/\/kraios.app\/news\/wp-json\/wp\/v2\/tags?post=14257"}],"curies":[{"name":"wp","href":"https:\/\/api.w.org\/{rel}","templated":true}]}}