{"id":14244,"date":"2023-09-12T11:20:25","date_gmt":"2023-09-12T11:20:25","guid":{"rendered":"https:\/\/kraios.app\/news\/spor\/2023\/09\/12\/avrupa-sampiyonu-down-sendromlu-milli-atlet-emirhan-akcakoca-tekirdagda-coskuyla-karsilandi\/"},"modified":"2023-09-12T11:20:25","modified_gmt":"2023-09-12T11:20:25","slug":"avrupa-sampiyonu-down-sendromlu-milli-atlet-emirhan-akcakoca-tekirdagda-coskuyla-karsilandi","status":"publish","type":"post","link":"https:\/\/kraios.app\/news\/spor\/2023\/09\/12\/avrupa-sampiyonu-down-sendromlu-milli-atlet-emirhan-akcakoca-tekirdagda-coskuyla-karsilandi\/","title":{"rendered":"Avrupa \u015fampiyonu down sendromlu milli atlet Emirhan Ak\u00e7akoca, Tekirda\u011f&#8217;da co\u015fkuyla kar\u015f\u0131land\u0131"},"content":{"rendered":"<p><\/p>\n<div>\n<p>Padova kentindeki Down Sendromlular Avrupa \u015eampiyonas\u0131&#8217;nda ay-y\u0131ld\u0131zl\u0131 atlet Emirhan, 100 metre, uzun atlama ve g\u00fclle atmadan olu\u015fan triatlonda (3&#8217;l\u00fc yar\u0131\u015f) 2298 puanla kendisine ait olan d\u00fcnya rekorunu, 2320 puanl\u0131k derecesiyle k\u0131rd\u0131 ve alt\u0131n madalyan\u0131n sahibi oldu.<\/p>\n<p><img decoding=\"async\" alt=\"\" src=\"https:\/\/www.aa.com.tr\/uploads\/userFiles\/96f91bbd-282f-4a24-a12c-1b1092cfeb3b\/009_2023%2F04_2023%2F22_Eyl%C3%BCl%2F21%2F20230912_2_60235455_92686771.jpg\"\/><\/p>\n<p>Kente gelen milli sporcu i\u00e7in eski otogarda Gen\u00e7lik ve Spor \u0130l M\u00fcd\u00fcrl\u00fc\u011f\u00fc yetkililerince kar\u015f\u0131lama t\u00f6reni d\u00fczenlendi.<\/p>\n<p>\u00c7i\u00e7eklerle kar\u015f\u0131lanan milli sporcuya arkada\u015flar\u0131 ve yak\u0131nlar\u0131 sevgi g\u00f6sterisinde bulundu.<\/p>\n<p><img decoding=\"async\" alt=\"\" src=\"https:\/\/www.aa.com.tr\/uploads\/userFiles\/96f91bbd-282f-4a24-a12c-1b1092cfeb3b\/009_2023%2F04_2023%2F22_Eyl%C3%BCl%2F21%2F20230912_2_60235455_92686772.jpg\"\/><\/p>\n<p>Tekirda\u011f Gen\u00e7lik ve Spor \u0130l M\u00fcd\u00fcr\u00fc Ahmet \u00dczg\u00fcn, gazetecilere yapt\u0131\u011f\u0131 a\u00e7\u0131klamada, Emirhan&#8217;\u0131n Tekirda\u011f&#8217;\u0131n gururu oldu\u011funu s\u00f6yledi.<\/p>\n<p><img decoding=\"async\" alt=\"\" src=\"https:\/\/www.aa.com.tr\/uploads\/userFiles\/96f91bbd-282f-4a24-a12c-1b1092cfeb3b\/009_2023%2F04_2023%2F22_Eyl%C3%BCl%2F21%2F20230912_2_60235455_92686774.jpg\"\/><\/p>\n<p>Milli sporcunun 7 madalya ile \u015fampiyonadan d\u00f6nd\u00fc\u011f\u00fcn\u00fc ifade eden \u00dczg\u00fcn, &#8220;Kendine ait d\u00fcnya rekorunu geli\u015ftirdi. T\u00fcrkiye&#8217;nin, Trakya&#8217;m\u0131z\u0131n \u00f6zellikle de mavi g\u00f6zl\u00fc \u015fehrimiz Tekirda\u011f&#8217;\u0131n gururu oldu. Kendisine ve Lokman hocam\u0131za can\u0131 g\u00f6n\u00fclden te\u015fekk\u00fcr ediyorum.&#8221; dedi.<\/p>\n<p><img decoding=\"async\" alt=\"\" src=\"https:\/\/www.aa.com.tr\/uploads\/userFiles\/96f91bbd-282f-4a24-a12c-1b1092cfeb3b\/009_2023%2F04_2023%2F22_Eyl%C3%BCl%2F21%2F20230912_2_60235455_92686776.jpg\"\/><\/p>\n<p>Milli sporcu Emirhan Ak\u00e7akoca da kendisi i\u00e7in d\u00fczenlenen kar\u015f\u0131lama t\u00f6reninden dolay\u0131 \u00e7ok mutlu oldu\u011funu dile getirdi.<\/p>\n<p>\u015eampiyonada \u00fclkesini en iyi \u015fekilde temsil etti\u011fini aktaran Ak\u00e7akoca, &#8220;B\u00f6yle bir kar\u015f\u0131lama olaca\u011f\u0131n\u0131 hi\u00e7 bilmiyordum. Ahmet m\u00fcd\u00fcr\u00fcm sa\u011f olsun, kar\u015f\u0131lama i\u00e7in \u00e7ok te\u015fekk\u00fcr ederim. Ayr\u0131ca Lokman hocama da \u00e7ok te\u015fekk\u00fcr ediyorum, Lokman hocam olmasa spor olmayacakt\u0131. Hocama ve Ahmet m\u00fcd\u00fcr\u00fcme kucak dolusu sevgilerimi yolluyorum.&#8221; diye konu\u015ftu.<\/p>\n<p><img decoding=\"async\" alt=\"\" src=\"https:\/\/www.aa.com.tr\/uploads\/userFiles\/96f91bbd-282f-4a24-a12c-1b1092cfeb3b\/009_2023%2F04_2023%2F22_Eyl%C3%BCl%2F21%2F20230912_2_60235455_92686778.jpg\"\/><\/p>\n<p>Antren\u00f6r Lokman \u00d6ks\u00fcz ise Emirhan&#8217;\u0131n \u00e7al\u0131\u015fmalar\u0131n\u0131n kar\u015f\u0131l\u0131\u011f\u0131n\u0131 Avrupa \u015eampiyonas\u0131&#8217;nda ald\u0131\u011f\u0131n\u0131 ifade etti.<\/p>\n<p>Kar\u0131\u015f\u0131lama t\u00f6renini haz\u0131rlayan herkese te\u015fekk\u00fcr eden \u00d6ks\u00fcz, &#8220;\u00c7ok g\u00fczel bir haz\u0131rl\u0131k d\u00f6nemi ge\u00e7irdik. \u0130talya&#8217;ya yar\u0131\u015fmaya gittik hedefledi\u011fimizi yapt\u0131k. Planlad\u0131\u011f\u0131m\u0131z \u015fekilde oldu her \u015fey, \u00e7al\u0131\u015fmaya devam edece\u011fiz. \u00d6n\u00fcm\u00fczdeki y\u0131l mart ay\u0131nda d\u00fcnya \u015fampiyonas\u0131na ev sahipli\u011fi yapaca\u011f\u0131z. Hedefimiz Antalya&#8217;da yine yeni rekorlarla in\u015fallah kar\u015f\u0131n\u0131za \u00e7\u0131kaca\u011f\u0131z, \u00e7al\u0131\u015fmaya devam edece\u011fiz.&#8221; ifadelerini kulland\u0131.<\/p>\n<p><img decoding=\"async\" alt=\"\" src=\"https:\/\/www.aa.com.tr\/uploads\/userFiles\/96f91bbd-282f-4a24-a12c-1b1092cfeb3b\/009_2023%2F04_2023%2F22_Eyl%C3%BCl%2F21%2F20230912_2_60235455_92686779.jpg\"\/><\/p>\n<p>T\u00f6rene, AK Parti Tekirda\u011f milletvekilleri \u00c7i\u011fdem Koncag\u00fcl ve Mestan \u00d6zcan, S\u00fcleymanpa\u015fa Belediye Ba\u015fkan\u0131 H\u00fcseyin Uzunlar ve sporcunun yak\u0131nlar\u0131 kat\u0131ld\u0131.<\/p>\n<p>Konu\u015fmalar\u0131n ard\u0131ndan Ak\u00e7akoca ve yak\u0131nlar\u0131, konvoy e\u015fli\u011finde \u015fehir turu att\u0131.<\/p>\n<p>                            <span class=\"detay-foto-editor\">&#13;<br \/>\n                                <a href=\"https:\/\/www.aa.com.tr\/tr\/p\/abonelik-talep-formu\/1001\" target=\"_blank\" style=\"font-size:12px; color:#444; text-decoration:none;\" rel=\"noopener\">&#13;<br \/>\n                                    Anadolu Ajans\u0131 web sitesinde, AA Haber Ak\u0131\u015f Sistemi (HAS) \u00fczerinden abonelere sunulan haberler, \u00f6zetlenerek yay\u0131mlanmaktad\u0131r. <b style=\"color:#1897F7\">Abonelik i\u00e7in l\u00fctfen ileti\u015fime ge\u00e7iniz.<\/b>&#13;<br \/>\n                                <\/a>&#13;<br \/>\n                            <\/span>\n                        <\/div>\n<p><script>\n\t  window.fbAsyncInit = function() {\n\t\tFB.init({\n\t\t  appId: '1855843514662870',\n\t\t  status : true, \/\/ check login status\n\t\t  cookie : true, \/\/ enable cookies to allow the server to access the session\n\t\t  xfbml  : true  \/\/ parse XFBML\n\t\t});\n\t  };<\/p>\n<p>\t  (function() {\n\t\tvar e = document.createElement('script');\n\t\te.src=\"https:\/\/connect.facebook.net\/tr_TR\/all.js\";\n\t\te.async = true;\n\t\tdocument.getElementById('fb-root').appendChild(e);\n\t  }());\n    <\/script><\/p>\n","protected":false},"excerpt":{"rendered":"<p>Padova kentindeki Down Sendromlular Avrupa \u015eampiyonas\u0131&#8217;nda ay-y\u0131ld\u0131zl\u0131 atlet Emirhan, 100 metre, uzun atlama ve g\u00fclle atmadan olu\u015fan triatlonda (3&#8217;l\u00fc yar\u0131\u015f) 2298 puanla kendisine ait olan d\u00fcnya rekorunu, 2320 puanl\u0131k derecesiyle k\u0131rd\u0131 ve alt\u0131n madalyan\u0131n sahibi oldu. Kente gelen milli sporcu i\u00e7in eski otogarda Gen\u00e7lik ve Spor \u0130l M\u00fcd\u00fcrl\u00fc\u011f\u00fc yetkililerince kar\u015f\u0131lama t\u00f6reni d\u00fczenlendi. \u00c7i\u00e7eklerle kar\u015f\u0131lanan milli [&hellip;]<\/p>\n","protected":false},"author":1,"featured_media":14245,"comment_status":"","ping_status":"","sticky":false,"template":"","format":"standard","meta":[],"categories":[48],"tags":[],"_links":{"self":[{"href":"https:\/\/kraios.app\/news\/wp-json\/wp\/v2\/posts\/14244"}],"collection":[{"href":"https:\/\/kraios.app\/news\/wp-json\/wp\/v2\/posts"}],"about":[{"href":"https:\/\/kraios.app\/news\/wp-json\/wp\/v2\/types\/post"}],"author":[{"embeddable":true,"href":"https:\/\/kraios.app\/news\/wp-json\/wp\/v2\/users\/1"}],"replies":[{"embeddable":true,"href":"https:\/\/kraios.app\/news\/wp-json\/wp\/v2\/comments?post=14244"}],"version-history":[{"count":0,"href":"https:\/\/kraios.app\/news\/wp-json\/wp\/v2\/posts\/14244\/revisions"}],"wp:featuredmedia":[{"embeddable":true,"href":"https:\/\/kraios.app\/news\/wp-json\/wp\/v2\/media\/14245"}],"wp:attachment":[{"href":"https:\/\/kraios.app\/news\/wp-json\/wp\/v2\/media?parent=14244"}],"wp:term":[{"taxonomy":"category","embeddable":true,"href":"https:\/\/kraios.app\/news\/wp-json\/wp\/v2\/categories?post=14244"},{"taxonomy":"post_tag","embeddable":true,"href":"https:\/\/kraios.app\/news\/wp-json\/wp\/v2\/tags?post=14244"}],"curies":[{"name":"wp","href":"https:\/\/api.w.org\/{rel}","templated":true}]}}