{"id":14234,"date":"2023-09-12T05:20:08","date_gmt":"2023-09-12T05:20:08","guid":{"rendered":"https:\/\/kraios.app\/news\/spor\/2023\/09\/12\/ziraat-turkiye-kupasinda-yari-final-ve-final-disindaki-mac-tarihleri-aciklandi\/"},"modified":"2023-09-12T05:20:08","modified_gmt":"2023-09-12T05:20:08","slug":"ziraat-turkiye-kupasinda-yari-final-ve-final-disindaki-mac-tarihleri-aciklandi","status":"publish","type":"post","link":"https:\/\/kraios.app\/news\/spor\/2023\/09\/12\/ziraat-turkiye-kupasinda-yari-final-ve-final-disindaki-mac-tarihleri-aciklandi\/","title":{"rendered":"Ziraat T\u00fcrkiye Kupas\u0131&#039;nda yar\u0131 final ve final d\u0131\u015f\u0131ndaki ma\u00e7 tarihleri a\u00e7\u0131kland\u0131"},"content":{"rendered":"<p>Ziraat T\u00fcrkiye Kupas\u0131&#8217;nda yar\u0131 final ve final d\u0131\u015f\u0131ndaki ma\u00e7lar\u0131n tarihleri belli oldu.<\/p>\n","protected":false},"excerpt":{"rendered":"<p>Ziraat T\u00fcrkiye Kupas\u0131&#8217;nda yar\u0131 final ve final d\u0131\u015f\u0131ndaki ma\u00e7lar\u0131n tarihleri belli oldu.<\/p>\n","protected":false},"author":1,"featured_media":14235,"comment_status":"","ping_status":"","sticky":false,"template":"","format":"standard","meta":[],"categories":[48],"tags":[],"_links":{"self":[{"href":"https:\/\/kraios.app\/news\/wp-json\/wp\/v2\/posts\/14234"}],"collection":[{"href":"https:\/\/kraios.app\/news\/wp-json\/wp\/v2\/posts"}],"about":[{"href":"https:\/\/kraios.app\/news\/wp-json\/wp\/v2\/types\/post"}],"author":[{"embeddable":true,"href":"https:\/\/kraios.app\/news\/wp-json\/wp\/v2\/users\/1"}],"replies":[{"embeddable":true,"href":"https:\/\/kraios.app\/news\/wp-json\/wp\/v2\/comments?post=14234"}],"version-history":[{"count":0,"href":"https:\/\/kraios.app\/news\/wp-json\/wp\/v2\/posts\/14234\/revisions"}],"wp:featuredmedia":[{"embeddable":true,"href":"https:\/\/kraios.app\/news\/wp-json\/wp\/v2\/media\/14235"}],"wp:attachment":[{"href":"https:\/\/kraios.app\/news\/wp-json\/wp\/v2\/media?parent=14234"}],"wp:term":[{"taxonomy":"category","embeddable":true,"href":"https:\/\/kraios.app\/news\/wp-json\/wp\/v2\/categories?post=14234"},{"taxonomy":"post_tag","embeddable":true,"href":"https:\/\/kraios.app\/news\/wp-json\/wp\/v2\/tags?post=14234"}],"curies":[{"name":"wp","href":"https:\/\/api.w.org\/{rel}","templated":true}]}}