{"id":14227,"date":"2023-09-12T02:45:47","date_gmt":"2023-09-12T02:45:47","guid":{"rendered":"https:\/\/kraios.app\/news\/spor\/2023\/09\/12\/uefadan-turk-hakemlere-gorev\/"},"modified":"2023-09-12T02:45:47","modified_gmt":"2023-09-12T02:45:47","slug":"uefadan-turk-hakemlere-gorev","status":"publish","type":"post","link":"https:\/\/kraios.app\/news\/spor\/2023\/09\/12\/uefadan-turk-hakemlere-gorev\/","title":{"rendered":"UEFA&#039;dan T\u00fcrk hakemlere g\u00f6rev"},"content":{"rendered":"<p>FIFA kokartl\u0131 T\u00fcrk hakemler Atilla Karao\u011flan, Erkan \u00d6zdamar ve Arda Karde\u015fler, UEFA taraf\u0131ndan \u00e7e\u015fitli m\u00fcsabakalarda g\u00f6revlendirildi.<\/p>\n","protected":false},"excerpt":{"rendered":"<p>FIFA kokartl\u0131 T\u00fcrk hakemler Atilla Karao\u011flan, Erkan \u00d6zdamar ve Arda Karde\u015fler, UEFA taraf\u0131ndan \u00e7e\u015fitli m\u00fcsabakalarda g\u00f6revlendirildi.<\/p>\n","protected":false},"author":1,"featured_media":14228,"comment_status":"","ping_status":"","sticky":false,"template":"","format":"standard","meta":[],"categories":[48],"tags":[],"_links":{"self":[{"href":"https:\/\/kraios.app\/news\/wp-json\/wp\/v2\/posts\/14227"}],"collection":[{"href":"https:\/\/kraios.app\/news\/wp-json\/wp\/v2\/posts"}],"about":[{"href":"https:\/\/kraios.app\/news\/wp-json\/wp\/v2\/types\/post"}],"author":[{"embeddable":true,"href":"https:\/\/kraios.app\/news\/wp-json\/wp\/v2\/users\/1"}],"replies":[{"embeddable":true,"href":"https:\/\/kraios.app\/news\/wp-json\/wp\/v2\/comments?post=14227"}],"version-history":[{"count":0,"href":"https:\/\/kraios.app\/news\/wp-json\/wp\/v2\/posts\/14227\/revisions"}],"wp:featuredmedia":[{"embeddable":true,"href":"https:\/\/kraios.app\/news\/wp-json\/wp\/v2\/media\/14228"}],"wp:attachment":[{"href":"https:\/\/kraios.app\/news\/wp-json\/wp\/v2\/media?parent=14227"}],"wp:term":[{"taxonomy":"category","embeddable":true,"href":"https:\/\/kraios.app\/news\/wp-json\/wp\/v2\/categories?post=14227"},{"taxonomy":"post_tag","embeddable":true,"href":"https:\/\/kraios.app\/news\/wp-json\/wp\/v2\/tags?post=14227"}],"curies":[{"name":"wp","href":"https:\/\/api.w.org\/{rel}","templated":true}]}}