{"id":14212,"date":"2023-09-11T19:20:19","date_gmt":"2023-09-11T19:20:19","guid":{"rendered":"https:\/\/kraios.app\/news\/ekonomi\/2023\/09\/11\/ulastirma-ve-altyapi-bakani-uraloglu-cok-modlu-ulastirma-ve-lojistik-forumuna-katilacak\/"},"modified":"2023-09-11T19:20:19","modified_gmt":"2023-09-11T19:20:19","slug":"ulastirma-ve-altyapi-bakani-uraloglu-cok-modlu-ulastirma-ve-lojistik-forumuna-katilacak","status":"publish","type":"post","link":"https:\/\/kraios.app\/news\/ekonomi\/2023\/09\/11\/ulastirma-ve-altyapi-bakani-uraloglu-cok-modlu-ulastirma-ve-lojistik-forumuna-katilacak\/","title":{"rendered":"Ula\u015ft\u0131rma ve Altyap\u0131 Bakan\u0131 Uralo\u011flu, \u00c7ok Modlu Ula\u015ft\u0131rma ve Lojistik Forumu&#039;na kat\u0131lacak"},"content":{"rendered":"<p> <br \/>\n<br \/>Ula\u015ft\u0131rma ve Altyap\u0131 Bakan\u0131 Uralo\u011flu, 13-14 Eyl\u00fcl&#8217;de \u0130stanbul&#8217;da ger\u00e7ekle\u015ftirilecek T\u00fcrk Devletleri Te\u015fkilat\u0131 \u00c7ok Modlu Ula\u015ft\u0131rma ve Lojistik Forumu&#8217;na kat\u0131lacak.<br \/>\n<br \/><br \/>\n<br \/><a href=\"https:\/\/www.aa.com.tr\/tr\/ekonomi\/ulastirma-ve-altyapi-bakani-uraloglu-cok-modlu-ulastirma-ve-lojistik-forumuna-katilacak\/2989404\">Source link <\/a><\/p>\n","protected":false},"excerpt":{"rendered":"<p>Ula\u015ft\u0131rma ve Altyap\u0131 Bakan\u0131 Uralo\u011flu, 13-14 Eyl\u00fcl&#8217;de \u0130stanbul&#8217;da ger\u00e7ekle\u015ftirilecek T\u00fcrk Devletleri Te\u015fkilat\u0131 \u00c7ok Modlu Ula\u015ft\u0131rma ve Lojistik Forumu&#8217;na kat\u0131lacak. Source link<\/p>\n","protected":false},"author":1,"featured_media":14213,"comment_status":"","ping_status":"","sticky":false,"template":"","format":"standard","meta":[],"categories":[44],"tags":[],"_links":{"self":[{"href":"https:\/\/kraios.app\/news\/wp-json\/wp\/v2\/posts\/14212"}],"collection":[{"href":"https:\/\/kraios.app\/news\/wp-json\/wp\/v2\/posts"}],"about":[{"href":"https:\/\/kraios.app\/news\/wp-json\/wp\/v2\/types\/post"}],"author":[{"embeddable":true,"href":"https:\/\/kraios.app\/news\/wp-json\/wp\/v2\/users\/1"}],"replies":[{"embeddable":true,"href":"https:\/\/kraios.app\/news\/wp-json\/wp\/v2\/comments?post=14212"}],"version-history":[{"count":0,"href":"https:\/\/kraios.app\/news\/wp-json\/wp\/v2\/posts\/14212\/revisions"}],"wp:featuredmedia":[{"embeddable":true,"href":"https:\/\/kraios.app\/news\/wp-json\/wp\/v2\/media\/14213"}],"wp:attachment":[{"href":"https:\/\/kraios.app\/news\/wp-json\/wp\/v2\/media?parent=14212"}],"wp:term":[{"taxonomy":"category","embeddable":true,"href":"https:\/\/kraios.app\/news\/wp-json\/wp\/v2\/categories?post=14212"},{"taxonomy":"post_tag","embeddable":true,"href":"https:\/\/kraios.app\/news\/wp-json\/wp\/v2\/tags?post=14212"}],"curies":[{"name":"wp","href":"https:\/\/api.w.org\/{rel}","templated":true}]}}