{"id":14210,"date":"2023-09-11T18:47:58","date_gmt":"2023-09-11T18:47:58","guid":{"rendered":"https:\/\/kraios.app\/news\/spor\/2023\/09\/11\/japonya-macinda-simdiye-kadar-sure-veremedigimiz-oyunculara-sure-verececegiz\/"},"modified":"2023-09-11T18:47:58","modified_gmt":"2023-09-11T18:47:58","slug":"japonya-macinda-simdiye-kadar-sure-veremedigimiz-oyunculara-sure-verececegiz","status":"publish","type":"post","link":"https:\/\/kraios.app\/news\/spor\/2023\/09\/11\/japonya-macinda-simdiye-kadar-sure-veremedigimiz-oyunculara-sure-verececegiz\/","title":{"rendered":"Japonya ma\u00e7\u0131nda \u015fimdiye kadar s\u00fcre veremedi\u011fimiz oyunculara s\u00fcre verecece\u011fiz"},"content":{"rendered":"<p><\/p>\n<div>\n<p>Kuntz, Genk \u015fehrindeki Cegeka Arena&#8217;da d\u00fczenledi\u011fi bas\u0131n toplant\u0131s\u0131na milli futbolculardan \u0130smail Y\u00fcksek ile birlikte kat\u0131ld\u0131.<\/p>\n<p>Japonya&#8217;n\u0131n Almanya&#8217;y\u0131 4-1 ma\u011flup etti\u011fi kar\u015f\u0131la\u015fmay\u0131 de\u011ferlendirerek s\u00f6zlerine ba\u015flayan Alman teknik adam, &#8220;Alman vatanda\u015f\u0131 olarak, Japonya&#8217;n\u0131n son ma\u00e7\u0131n\u0131n skoru bizi \u00fczm\u00fc\u015f olsa da orada Japonya&#8217;n\u0131n oynad\u0131\u011f\u0131 net oyun ve ald\u0131klar\u0131 skor, tak\u0131m\u0131m\u0131z, taraftarlar ve medya i\u00e7in ne kadar kaliteli ve sayg\u0131n bir tak\u0131m olduklar\u0131n\u0131 tekrar g\u00f6stermi\u015f oldu.&#8221; ifadelerini kulland\u0131.<\/p>\n<p><img decoding=\"async\" alt=\"\" src=\"https:\/\/www.aa.com.tr\/uploads\/userFiles\/de89f914-66b1-4a0b-9347-13c0eafe70cc\/2023%2F09%2F20230911_2_60227337_92669963.jpg\"\/><\/p>\n<p>Kuntz, &#8220;Japonya Teknik Direkt\u00f6r\u00fc yar\u0131n sahaya yedek a\u011f\u0131rl\u0131kl\u0131 bir kadro ile \u00e7\u0131kacaklar\u0131n\u0131 a\u00e7\u0131klad\u0131. Bu sizin kadro tercihinizi etkileyecek mi?&#8221; sorusuna, &#8220;Bizim de d\u00fc\u015f\u00fcncemiz yar\u0131nki haz\u0131rl\u0131k ma\u00e7\u0131nda \u015fimdiye kadar s\u00fcre veremedi\u011fimiz oyunculara s\u00fcre vermek. Bu y\u00fczden onlar\u0131n karar\u0131n\u0131n bir etkisi olmayacakt\u0131r. Japonya \u00e7ok teknik, taktik y\u00f6nden \u00f6zellikli bir tak\u0131m, \u00e7ok ko\u015fan, seri oyunculara sahipler. Bizim de buna g\u00f6re disiplinli olmam\u0131z gerekti\u011fini d\u00fc\u015f\u00fcn\u00fcyorum. Japonya&#8217;n\u0131n kazand\u0131\u011f\u0131 Almanya ma\u00e7\u0131n\u0131 benim tak\u0131m\u0131m da izledi. Ne kadar efor sarf etmemiz gerekti\u011fini g\u00f6rm\u00fc\u015f oldular. Bizim i\u00e7in \u00f6nemli olan onlara verece\u011fimiz kar\u015f\u0131l\u0131k kadar kendi oyunumuzu sahaya yans\u0131t\u0131p, onlar kadar bizim de onlar\u0131 zorlamam\u0131z olacakt\u0131r.&#8221; yan\u0131t\u0131n\u0131 verdi.<\/p>\n<p>G\u00f6reve geldi\u011fi g\u00fcnden bu yana yakla\u015f\u0131k 2 y\u0131l ge\u00e7ti\u011finin hat\u0131rlat\u0131lmas\u0131 \u00fczerine Kuntz, \u015fu ifadeleri kulland\u0131:<\/p>\n<p>&#8220;G\u00f6reve ba\u015flad\u0131\u011f\u0131mda Hamit Bey ve y\u00f6netimle hedefledi\u011fimiz ilk konu, D\u00fcnya Kupas\u0131&#8217;na kat\u0131lmak ve Uluslar Ligi&#8217;nde bir lig yukar\u0131 \u00e7\u0131kmakt\u0131. Portekiz kar\u015f\u0131s\u0131nda ne yaz\u0131k ki imkan\u0131m\u0131z\u0131 ka\u00e7\u0131rd\u0131k, son ana kadar kovalad\u0131k, iyi bir imkan da elimize ge\u00e7mi\u015fti. Fakat Uluslar Ligi&#8217;nde rahat bir \u015fekilde B kategorisine \u00e7\u0131kt\u0131k. G\u00f6reve geldi\u011fimizden bu yana bir\u00e7ok oyuncuya milli tak\u0131m \u015fans\u0131 verdik, Anadolu tak\u0131mlar\u0131nda oynarken \u00e7o\u011fu, b\u00fcy\u00fck tak\u0131mlara transfer yapt\u0131. G\u00f6revimiz s\u00fcrecinde Burak gibi \u00e7ok \u00f6nemli bir forvet, milli tak\u0131m kariyerine son verdi. B\u00f6yle bir de\u011fi\u015fimin de \u00fcstesinden gelmemiz gerekti. 19 ma\u00e7l\u0131k ser\u00fcvende gol atma sorumlulu\u011funu bir\u00e7ok oyuncuya devretmek zorunda kald\u0131k. Bunu ba\u015fard\u0131\u011f\u0131m\u0131z\u0131 d\u00fc\u015f\u00fcn\u00fcyorum. Gidi\u015fatta genel bir geli\u015fim oldu\u011funu da g\u00f6zlemliyorum. Genel olarak d\u00fc\u015f\u00fcnd\u00fcklerimizi uygulad\u0131\u011f\u0131m\u0131z\u0131 s\u00f6yleyebilirim.&#8221;<\/p>\n<p>Stefan Kuntz, &#8220;T\u00fcrkiye, g\u00fc\u00e7l\u00fc rakiplere kar\u015f\u0131 iyi sonu\u00e7lar alan ancak zay\u0131f rakiplere kar\u015f\u0131 zorlanan, gel-git ya\u015fayan bir tak\u0131md\u0131. Bunu g\u00f6rev s\u00fcrenizde ne kadar toparlayabildi\u011finizi d\u00fc\u015f\u00fcn\u00fcyorsunuz?&#8221; sorusunu, &#8220;Burada g\u00f6reve ba\u015flad\u0131\u011f\u0131mda, &#8216;Milli tak\u0131m geriye d\u00fc\u015ft\u00fc\u011f\u00fcnde mental yap\u0131s\u0131 zay\u0131f oldu\u011fu i\u00e7in bu tarz ma\u00e7lar\u0131 \u00e7eviremiyor.&#8217; dediler. Letonya&#8217;ya kar\u015f\u0131 2 galibiyet ald\u0131k. Faroe Adalar\u0131&#8217;na kaybetti\u011fimiz ma\u00e7ta gidi\u015fat\u0131m\u0131z fazlas\u0131yla belli olmu\u015ftu. \u0130yi yapt\u0131klar\u0131m\u0131z\u0131 Faroe Adalar\u0131&#8217;na kaybetti\u011fimiz zamanki kadar dengeli \u015fekilde de\u011ferlendirirsek pozitif olan unsurlar, negatif olanlardan daha a\u011f\u0131r basacakt\u0131r.&#8221; \u015feklinde yan\u0131tlad\u0131.<\/p>\n<p>Alman teknik adam, yar\u0131nki ma\u00e7\u0131n H\u0131rvatistan kar\u015f\u0131la\u015fmas\u0131 i\u00e7in bir \u00f6l\u00e7\u00fc olup olmayaca\u011f\u0131 y\u00f6n\u00fcndeki bir soruya kar\u015f\u0131l\u0131k, &#8220;Yar\u0131nki rakibimiz ile H\u0131rvatistan&#8217;\u0131 oyun tarz\u0131 olarak birbirine benzetebilece\u011fimizi d\u00fc\u015f\u00fcnm\u00fcyorum. Ayn\u0131 zamanda yar\u0131nki ma\u00e7, bir haz\u0131rl\u0131k ma\u00e7\u0131 niteli\u011finde, Bel\u00e7ika&#8217;da oynuyoruz. Bir dahaki ma\u00e7 Osijek \u015fehrinde, dolu trib\u00fcnler \u00f6n\u00fcnde, deplasmanda olacak. Kesinlikle yar\u0131n Ermenistan ma\u00e7\u0131nda s\u00fcre alamayan oyuncular\u0131m\u0131za da s\u00fcre verece\u011fiz. Onlar\u0131n ma\u00e7 performanslar\u0131n\u0131 g\u00f6rece\u011fiz, \u00e7\u00fcnk\u00fc beklenmedik anda sol bek ve forvette oldu\u011fu gibi birden sakatl\u0131klar olabiliyor. Di\u011fer oyuncular\u0131n bu seviyedeki performans\u0131n\u0131 de\u011ferlendirmek i\u00e7in onlar\u0131 da b\u00f6yle bir rakibe kar\u015f\u0131 kullanmay\u0131 istiyoruz.&#8221; de\u011ferlendirmesinde bulundu.<\/p>\n<h3>\u0130smail Y\u00fcksek: Yar\u0131n \u00e7ok \u00f6zel bir ma\u00e7 olacak<\/h3>\n<p>Milli futbolcu \u0130smail Y\u00fcksek, yar\u0131n zorlu bir rakibe kar\u015f\u0131 \u00f6nemli bir m\u00fccadeleye \u00e7\u0131kacaklar\u0131n\u0131 belirterek, \u015f\u00f6yle konu\u015ftu:<\/p>\n<p>&#8220;Yar\u0131n hem bizim hem de Japonya i\u00e7in \u00e7ok \u00f6zel bir ma\u00e7 olacak. Japonya, \u00e7ok de\u011ferli bir tak\u0131m. FIFA s\u0131ralamas\u0131nda 20. s\u0131rada bulunan, Asya \u00fclkeleri aras\u0131nda da bir numara olan bir tak\u0131m. \u00c7o\u011fu oyuncusu Avrupa&#8217;da m\u00fccadele ediyor. \u00c7ok disiplinli, planlar\u0131na sad\u0131k, m\u00fccadeleci bir tak\u0131m. 1998 y\u0131l\u0131ndan bu yana t\u00fcm D\u00fcnya Kupas\u0131&#8217;na kat\u0131ld\u0131lar, \u00fc\u00e7 tanesinde son 16&#8217;ya kald\u0131lar. Son D\u00fcnya Kupas\u0131&#8217;nda \u0130spanya, Almanya ve Kosta Rika gibi \u00fclkelerin oldu\u011fu gruptan lider \u00e7\u0131kmay\u0131 ba\u015fard\u0131lar. Son 16&#8217;da da Avrupa \u015eampiyonas\u0131&#8217;ndaki rakibimiz H\u0131rvatistan&#8217;a penalt\u0131larla elendi. Yar\u0131n bizim i\u00e7in \u00f6zel bir ma\u00e7 olacak. Japonya ma\u00e7\u0131, ekim ay\u0131nda oynayaca\u011f\u0131m\u0131z H\u0131rvatistan ve Letonya kar\u015f\u0131la\u015fmalar\u0131n\u0131 de\u011ferlendirmek ad\u0131na de\u011ferli bir m\u00fcsabaka olacak. B\u00f6yle \u00fclkelere kar\u015f\u0131 m\u00fccadele etmek her zaman denk gelmiyor. Kendimizi tartmak ad\u0131na ilgin\u00e7 bir futbol ekol\u00fcyle kar\u015f\u0131la\u015fmak faydal\u0131 olacakt\u0131r. \u0130n\u015fallah sakatl\u0131k olmadan sonu g\u00fczel biten ve kazand\u0131\u011f\u0131m\u0131z bir ma\u00e7 olur. \u0130ki tak\u0131ma da ba\u015far\u0131lar diliyorum.&#8221;<\/p>\n<p><img decoding=\"async\" alt=\"\" src=\"https:\/\/admin.aa.com.tr\/uploads\/userFiles\/de89f914-66b1-4a0b-9347-13c0eafe70cc\/2023%2F09%2F20230911_2_60227337_92669962.jpg\"\/><\/p>\n<p>\u0130smail, Ermenistan ma\u00e7\u0131yla ilgili gelen bir soruya, &#8220;Ermenistan kar\u015f\u0131s\u0131nda hi\u00e7 beklemedi\u011fimiz ve istemedi\u011fimiz bir sonu\u00e7 oldu. Gerekli analizleri hocam\u0131z ve ekibi yapt\u0131, biz de kendi aram\u0131zda gerekli analizleri yapt\u0131k. Yar\u0131nki ma\u00e7 \u00e7ok zor olacak, cumartesi g\u00fcn\u00fc oynad\u0131klar\u0131 ma\u00e7\u0131 da izledik. Almanya&#8217;ya kar\u015f\u0131 4-1 gibi bir skorla kazanmay\u0131 bildiler. Yar\u0131na kadar haz\u0131r olaca\u011f\u0131z, \u015fu an haz\u0131r\u0131z hatta. Yar\u0131n g\u00fczel bir m\u00fccadele ortaya koyaca\u011f\u0131m\u0131z\u0131 d\u00fc\u015f\u00fcn\u00fcyorum.&#8221; yan\u0131t\u0131n\u0131 verdi.<\/p>\n<p>&#8220;Ermenistan ma\u00e7\u0131nda k\u00f6t\u00fc oynad\u0131\u011f\u0131m\u0131z\u0131 d\u00fc\u015f\u00fcnm\u00fcyorum.&#8221; diyen \u0130smail, \u015funlar\u0131 kaydetti:<\/p>\n<p>&#8220;\u00d6zellikle ilk yar\u0131da. De\u011ferlendiremedi\u011fimiz f\u0131rsatlar vard\u0131, de\u011ferlendirsek \u00e7ok farkl\u0131 bir sonu\u00e7 ortaya \u00e7\u0131kabilirdi. \u0130kinci yar\u0131da oyunun baz\u0131 b\u00f6l\u00fcmlerinde konsantrasyon eksikli\u011fi ya\u015fad\u0131k. Bunu d\u00fczeltmemiz gerekiyor. Hocam\u0131z ve ekibi gerekli analizleri yapt\u0131, \u00f6n\u00fcm\u00fczdeki ma\u00e7larda bu eksikleri azaltmaya \u00e7al\u0131\u015faca\u011f\u0131z. Bu jenerasyonun en b\u00fcy\u00fck hayali Avrupa \u015eampiyonas\u0131&#8217;na kat\u0131lmak. Bu hedefi bilerek sahada m\u00fccadele ediyoruz. Umar\u0131m da kat\u0131laca\u011f\u0131z. Grupta avantajl\u0131 bir durumday\u0131z, kaybedilmi\u015f bir \u015fey yok. T\u00fcrk Milli Tak\u0131m\u0131&#8217;n\u0131n hedefi her zaman en \u00fcsttedir. Bunu bilerek sahada m\u00fccadele ediyoruz.&#8221;<\/p>\n<h3>A Milli Futbol Tak\u0131m\u0131, Japonya ma\u00e7\u0131na haz\u0131r<\/h3>\n<p>A Milli Futbol Tak\u0131m\u0131, Japonya ile yar\u0131n Bel\u00e7ika&#8217;da yapaca\u011f\u0131 \u00f6zel ma\u00e7\u0131n haz\u0131rl\u0131klar\u0131n\u0131 tamamlad\u0131.<\/p>\n<p>Genk \u015fehrinde, kar\u015f\u0131la\u015fman\u0131n oynanaca\u011f\u0131 Cegeka Arena&#8217;da teknik direkt\u00f6r Stefan Kuntz y\u00f6netimindeki antrenman\u0131n ilk 15 dakikas\u0131 bas\u0131na a\u00e7\u0131k ger\u00e7ekle\u015ftirildi.<\/p>\n<p>\u00c7al\u0131\u015fmada aday kadroda bulunan ve Bel\u00e7ika&#8217;ya gelen 22 oyuncunun tamam\u0131 yer ald\u0131.<\/p>\n<p>Stefan Kuntz, idman \u00f6ncesinde saha ortas\u0131nda toplad\u0131\u011f\u0131 oyuncular\u0131na k\u0131sa bir konu\u015fma yapt\u0131. Antrenman, \u0131s\u0131nma, pas ve ko\u015fu \u00e7al\u0131\u015fmas\u0131yla ba\u015flad\u0131. \u0130dman\u0131n bas\u0131na kapal\u0131 b\u00f6l\u00fcm\u00fcnde ise Japonya ma\u00e7\u0131n\u0131n taktik \u00e7al\u0131\u015fmas\u0131n\u0131n yap\u0131ld\u0131\u011f\u0131 \u00f6\u011frenildi.<\/p>\n<p>Antrenman\u0131, T\u00fcrkiye Futbol Federasyonu (TFF) Ba\u015fkan\u0131 Mehmet B\u00fcy\u00fckek\u015fi ve y\u00f6netim kurulu \u00fcyeleri ile A Milli Tak\u0131m Sorumlusu Hamit Alt\u0131ntop izledi.<\/p>\n<p>Genk \u015fehrindeki Cegeka Arena&#8217;da yap\u0131lacak Japonya-T\u00fcrkiye ma\u00e7\u0131, yar\u0131n TS\u0130 15.20&#8217;de ba\u015flayacak.<\/p>\n<p>                            <span class=\"detay-foto-editor\">&#13;<br \/>\n                                <a href=\"https:\/\/www.aa.com.tr\/tr\/p\/abonelik-talep-formu\/1001\" target=\"_blank\" style=\"font-size:12px; color:#444; text-decoration:none;\" rel=\"noopener\">&#13;<br \/>\n                                    Anadolu Ajans\u0131 web sitesinde, AA Haber Ak\u0131\u015f Sistemi (HAS) \u00fczerinden abonelere sunulan haberler, \u00f6zetlenerek yay\u0131mlanmaktad\u0131r. <b style=\"color:#1897F7\">Abonelik i\u00e7in l\u00fctfen ileti\u015fime ge\u00e7iniz.<\/b>&#13;<br \/>\n                                <\/a>&#13;<br \/>\n                            <\/span>\n                        <\/div>\n<p><script>\n\t  window.fbAsyncInit = function() {\n\t\tFB.init({\n\t\t  appId: '1855843514662870',\n\t\t  status : true, \/\/ check login status\n\t\t  cookie : true, \/\/ enable cookies to allow the server to access the session\n\t\t  xfbml  : true  \/\/ parse XFBML\n\t\t});\n\t  };<\/p>\n<p>\t  (function() {\n\t\tvar e = document.createElement('script');\n\t\te.src=\"https:\/\/connect.facebook.net\/tr_TR\/all.js\";\n\t\te.async = true;\n\t\tdocument.getElementById('fb-root').appendChild(e);\n\t  }());\n    <\/script><\/p>\n","protected":false},"excerpt":{"rendered":"<p>Kuntz, Genk \u015fehrindeki Cegeka Arena&#8217;da d\u00fczenledi\u011fi bas\u0131n toplant\u0131s\u0131na milli futbolculardan \u0130smail Y\u00fcksek ile birlikte kat\u0131ld\u0131. Japonya&#8217;n\u0131n Almanya&#8217;y\u0131 4-1 ma\u011flup etti\u011fi kar\u015f\u0131la\u015fmay\u0131 de\u011ferlendirerek s\u00f6zlerine ba\u015flayan Alman teknik adam, &#8220;Alman vatanda\u015f\u0131 olarak, Japonya&#8217;n\u0131n son ma\u00e7\u0131n\u0131n skoru bizi \u00fczm\u00fc\u015f olsa da orada Japonya&#8217;n\u0131n oynad\u0131\u011f\u0131 net oyun ve ald\u0131klar\u0131 skor, tak\u0131m\u0131m\u0131z, taraftarlar ve medya i\u00e7in ne kadar kaliteli ve [&hellip;]<\/p>\n","protected":false},"author":1,"featured_media":14211,"comment_status":"","ping_status":"","sticky":false,"template":"","format":"standard","meta":[],"categories":[48],"tags":[],"_links":{"self":[{"href":"https:\/\/kraios.app\/news\/wp-json\/wp\/v2\/posts\/14210"}],"collection":[{"href":"https:\/\/kraios.app\/news\/wp-json\/wp\/v2\/posts"}],"about":[{"href":"https:\/\/kraios.app\/news\/wp-json\/wp\/v2\/types\/post"}],"author":[{"embeddable":true,"href":"https:\/\/kraios.app\/news\/wp-json\/wp\/v2\/users\/1"}],"replies":[{"embeddable":true,"href":"https:\/\/kraios.app\/news\/wp-json\/wp\/v2\/comments?post=14210"}],"version-history":[{"count":0,"href":"https:\/\/kraios.app\/news\/wp-json\/wp\/v2\/posts\/14210\/revisions"}],"wp:featuredmedia":[{"embeddable":true,"href":"https:\/\/kraios.app\/news\/wp-json\/wp\/v2\/media\/14211"}],"wp:attachment":[{"href":"https:\/\/kraios.app\/news\/wp-json\/wp\/v2\/media?parent=14210"}],"wp:term":[{"taxonomy":"category","embeddable":true,"href":"https:\/\/kraios.app\/news\/wp-json\/wp\/v2\/categories?post=14210"},{"taxonomy":"post_tag","embeddable":true,"href":"https:\/\/kraios.app\/news\/wp-json\/wp\/v2\/tags?post=14210"}],"curies":[{"name":"wp","href":"https:\/\/api.w.org\/{rel}","templated":true}]}}