{"id":14204,"date":"2023-09-11T18:44:02","date_gmt":"2023-09-11T18:44:02","guid":{"rendered":"https:\/\/kraios.app\/news\/siyaset\/2023\/09\/11\/kazakistan-cumhurbaskani-tokayev-disisleri-bakani-fidani-kabul-etti\/"},"modified":"2023-09-11T18:44:02","modified_gmt":"2023-09-11T18:44:02","slug":"kazakistan-cumhurbaskani-tokayev-disisleri-bakani-fidani-kabul-etti","status":"publish","type":"post","link":"https:\/\/kraios.app\/news\/siyaset\/2023\/09\/11\/kazakistan-cumhurbaskani-tokayev-disisleri-bakani-fidani-kabul-etti\/","title":{"rendered":"Kazakistan Cumhurba\u015fkan\u0131 Tokayev, D\u0131\u015fi\u015fleri Bakan\u0131 Fidan\u2019\u0131 kabul etti"},"content":{"rendered":"<p><\/p>\n<div>\n<p>Kazakistan Cumhurba\u015fkanl\u0131\u011f\u0131ndan yap\u0131lan a\u00e7\u0131klamaya g\u00f6re Tokayev, D\u0131\u015fi\u015fleri Bakan\u0131 olarak ilk kez Astana\u2019ya resmi ziyaret ger\u00e7ekle\u015ftiren Hakan Fidan\u2019\u0131 kabul etti.<\/p>\n<p>Cumhurba\u015fkanl\u0131\u011f\u0131 Saray\u0131 Akorda\u2019da ger\u00e7ekle\u015ftirilen g\u00f6r\u00fc\u015fmede Tokayev, yeni g\u00f6revinde ba\u015far\u0131lar diledi\u011fi Bakan Fidan&#8217;\u0131n Kazak-T\u00fcrk ili\u015fkilerinin daha da geli\u015ftirilmesine \u00f6nemli katk\u0131lar yapaca\u011f\u0131ndan emin oldu\u011funu s\u00f6yledi.<\/p>\n<p><img decoding=\"async\" alt=\"\" src=\"https:\/\/www.aa.com.tr\/uploads\/userFiles\/a54ea27f-6036-4f79-88c6-6bc9ba19a35d\/08_Nisan%2F05%20eyl%C3%BCl%2F11%2FAA-32125263.jpg\"\/><\/p>\n<p>Tokayev, bu y\u0131l T\u00fcrkiye Cumhuriyeti\u2019nin kurulu\u015funun 100. y\u0131l d\u00f6n\u00fcm\u00fc ve bunun karde\u015f \u00fclke i\u00e7in tarihi bir d\u00f6n\u00fcm noktas\u0131 oldu\u011funu belirterek, \u201cAnadolu, siyasi, sosyal ve ekonomik, k\u00fclt\u00fcrel ve insani alanlarda b\u00fcy\u00fck ba\u015far\u0131lar elde etti. B\u00f6lgesel ve k\u00fcresel meselelerin \u00e7\u00f6z\u00fcm\u00fcnde aktif ve etkin \u015fekilde rol \u00fcstlenerek d\u00fcnyan\u0131n sayg\u0131n devletine d\u00f6n\u00fc\u015ft\u00fc. Ben T\u00fcrkiye\u2019nin as\u0131rl\u0131k y\u0131l d\u00f6n\u00fcm\u00fc vesilesiyle Astana\u2019daki sokaklardan birine &#8216;Anadolu&#8217; isminin verilmesi talimat\u0131n\u0131 ilettim.\u201d ifadelerini kulland\u0131. <\/p>\n<p>\u0130ki \u00fclke cumhurba\u015fkanlar\u0131n\u0131n g\u00f6r\u00fc\u015fmelerinde y\u00fcksek d\u00fczeyli anla\u015fmalara imza att\u0131klar\u0131n\u0131 hat\u0131rlatan Tokayev, Kazakistan i\u00e7in T\u00fcrkiye\u2019nin \u00e7ok \u00f6nemli stratejik ortak oldu\u011funu vurgulad\u0131.<\/p>\n<p><img decoding=\"async\" alt=\"\" src=\"https:\/\/www.aa.com.tr\/uploads\/userFiles\/a54ea27f-6036-4f79-88c6-6bc9ba19a35d\/08_Nisan%2F05%20eyl%C3%BCl%2F11%2FAA-32125265.jpg\"\/><\/p>\n<h3>&#8220;T\u00fcrkiye, \u00fclkemizin 4 ana ticaret orta\u011f\u0131ndan biri&#8221;<\/h3>\n<p>Tokayev, ge\u00e7en y\u0131l ikili ticaret hacminin y\u00fczde 54 artarak 6,3 milyar dolara ula\u015ft\u0131\u011f\u0131n\u0131 ve bunu yak\u0131n gelecekte 10 milyar dolara y\u00fckseltme konusunda anla\u015ft\u0131klar\u0131n\u0131 dile getirerek, \u201cKarde\u015f \u00fclkelerimizin ili\u015fkileri, geni\u015fletilmi\u015f stratejik ortakl\u0131k d\u00fczeyine y\u00fckseltildi. T\u00fcrkiye, \u00fclkemizin 4 ana ticaret orta\u011f\u0131ndan biri. Halihaz\u0131rda toplam de\u011feri 2,8 milyar dolar\u0131 a\u015fan 36 projenin hayata ge\u00e7irilmesi i\u00e7in \u00e7al\u0131\u015fmalar s\u00fcr\u00fcyor. Dolay\u0131s\u0131yla iki \u00fclke aras\u0131ndaki i\u015fbirli\u011finin gelece\u011fi b\u00fcy\u00fck diye d\u00fc\u015f\u00fcn\u00fcyoruz.\u201d \u015feklinde konu\u015ftu.<\/p>\n<p>D\u0131\u015fi\u015fleri Bakan\u0131 Fidan da Cumhurba\u015fkan\u0131 Recep Tayyip Erdo\u011fan\u2019\u0131n selamlar\u0131n\u0131 ileterek, iki \u00fclke aras\u0131ndaki i\u015fbirli\u011fini, bunun yan\u0131 s\u0131ra b\u00f6lgesel ve uluslararas\u0131 arenadaki potansiyeli daha da y\u00fcksek seviyeye \u00e7\u0131karmaya niyetli olduklar\u0131n\u0131 s\u00f6yledi. <\/p>\n<p>Fidan, Cumhurba\u015fkan\u0131 Erdo\u011fan\u2019\u0131n bu y\u0131l kas\u0131mda Kazakistan&#8217;\u0131n ev sahipli\u011finde d\u00fczenlenecek T\u00fcrk Devletleri Te\u015fkilat\u0131 Devlet Ba\u015fkanlar\u0131 Zirvesi kapsam\u0131nda ikili stratejik ili\u015fkileri daha geni\u015f \u015fekilde ele almay\u0131 planlad\u0131\u011f\u0131n\u0131 aktard\u0131.<\/p>\n<p>Fidan, Astana ziyareti s\u0131ras\u0131nda T\u00fcrk Yat\u0131r\u0131m Fonu Ba\u015fkan\u0131 Baghdad Amreyev\u2019i kabul etti. <\/p>\n<p>                            <span class=\"detay-foto-editor\">&#13;<br \/>\n                                <a href=\"https:\/\/www.aa.com.tr\/tr\/p\/abonelik-talep-formu\/1001\" target=\"_blank\" style=\"font-size:12px; color:#444; text-decoration:none;\" rel=\"noopener\">&#13;<br \/>\n                                    Anadolu Ajans\u0131 web sitesinde, AA Haber Ak\u0131\u015f Sistemi (HAS) \u00fczerinden abonelere sunulan haberler, \u00f6zetlenerek yay\u0131mlanmaktad\u0131r. <b style=\"color:#1897F7\">Abonelik i\u00e7in l\u00fctfen ileti\u015fime ge\u00e7iniz.<\/b>&#13;<br \/>\n                                <\/a>&#13;<br \/>\n                            <\/span>\n                        <\/div>\n<p><script>\n\t  window.fbAsyncInit = function() {\n\t\tFB.init({\n\t\t  appId: '1855843514662870',\n\t\t  status : true, \/\/ check login status\n\t\t  cookie : true, \/\/ enable cookies to allow the server to access the session\n\t\t  xfbml  : true  \/\/ parse XFBML\n\t\t});\n\t  };<\/p>\n<p>\t  (function() {\n\t\tvar e = document.createElement('script');\n\t\te.src=\"https:\/\/connect.facebook.net\/tr_TR\/all.js\";\n\t\te.async = true;\n\t\tdocument.getElementById('fb-root').appendChild(e);\n\t  }());\n    <\/script><\/p>\n","protected":false},"excerpt":{"rendered":"<p>Kazakistan Cumhurba\u015fkanl\u0131\u011f\u0131ndan yap\u0131lan a\u00e7\u0131klamaya g\u00f6re Tokayev, D\u0131\u015fi\u015fleri Bakan\u0131 olarak ilk kez Astana\u2019ya resmi ziyaret ger\u00e7ekle\u015ftiren Hakan Fidan\u2019\u0131 kabul etti. Cumhurba\u015fkanl\u0131\u011f\u0131 Saray\u0131 Akorda\u2019da ger\u00e7ekle\u015ftirilen g\u00f6r\u00fc\u015fmede Tokayev, yeni g\u00f6revinde ba\u015far\u0131lar diledi\u011fi Bakan Fidan&#8217;\u0131n Kazak-T\u00fcrk ili\u015fkilerinin daha da geli\u015ftirilmesine \u00f6nemli katk\u0131lar yapaca\u011f\u0131ndan emin oldu\u011funu s\u00f6yledi. Tokayev, bu y\u0131l T\u00fcrkiye Cumhuriyeti\u2019nin kurulu\u015funun 100. y\u0131l d\u00f6n\u00fcm\u00fc ve bunun karde\u015f \u00fclke [&hellip;]<\/p>\n","protected":false},"author":1,"featured_media":14205,"comment_status":"","ping_status":"","sticky":false,"template":"","format":"standard","meta":[],"categories":[47],"tags":[],"_links":{"self":[{"href":"https:\/\/kraios.app\/news\/wp-json\/wp\/v2\/posts\/14204"}],"collection":[{"href":"https:\/\/kraios.app\/news\/wp-json\/wp\/v2\/posts"}],"about":[{"href":"https:\/\/kraios.app\/news\/wp-json\/wp\/v2\/types\/post"}],"author":[{"embeddable":true,"href":"https:\/\/kraios.app\/news\/wp-json\/wp\/v2\/users\/1"}],"replies":[{"embeddable":true,"href":"https:\/\/kraios.app\/news\/wp-json\/wp\/v2\/comments?post=14204"}],"version-history":[{"count":0,"href":"https:\/\/kraios.app\/news\/wp-json\/wp\/v2\/posts\/14204\/revisions"}],"wp:featuredmedia":[{"embeddable":true,"href":"https:\/\/kraios.app\/news\/wp-json\/wp\/v2\/media\/14205"}],"wp:attachment":[{"href":"https:\/\/kraios.app\/news\/wp-json\/wp\/v2\/media?parent=14204"}],"wp:term":[{"taxonomy":"category","embeddable":true,"href":"https:\/\/kraios.app\/news\/wp-json\/wp\/v2\/categories?post=14204"},{"taxonomy":"post_tag","embeddable":true,"href":"https:\/\/kraios.app\/news\/wp-json\/wp\/v2\/tags?post=14204"}],"curies":[{"name":"wp","href":"https:\/\/api.w.org\/{rel}","templated":true}]}}