{"id":14201,"date":"2023-09-11T18:41:57","date_gmt":"2023-09-11T18:41:57","guid":{"rendered":"https:\/\/kraios.app\/news\/spor\/2023\/09\/11\/isitme-engelli-milli-guresciler-dunya-sampiyonu\/"},"modified":"2023-09-11T18:41:57","modified_gmt":"2023-09-11T18:41:57","slug":"isitme-engelli-milli-guresciler-dunya-sampiyonu","status":"publish","type":"post","link":"https:\/\/kraios.app\/news\/spor\/2023\/09\/11\/isitme-engelli-milli-guresciler-dunya-sampiyonu\/","title":{"rendered":"\u0130\u015fitme engelli milli g\u00fcre\u015f\u00e7iler d\u00fcnya \u015fampiyonu"},"content":{"rendered":"<p><\/p>\n<div>\n<p>Ba\u015fkent Bi\u015fkek&#8217;teki Kabauulu Kojomkul Spor Saray\u0131&#8217;nda d\u00fczenlenen organizasyonun 9&#8217;uncu ve son g\u00fcn\u00fcnde b\u00fcy\u00fckler serbest stilde m\u00fcsabakalar yap\u0131ld\u0131.<\/p>\n<p>Milli sporculardan 125 kiloda Atalay Aydemir alt\u0131n, 79 kiloda O\u011fuz D\u00f6nder g\u00fcm\u00fc\u015f, 61 kiloda Mustafa D\u00f6lek ve 70 kiloda Eren Uzun ise bronz madalya kazand\u0131.<\/p>\n<p>Ay-y\u0131ld\u0131zl\u0131lar, b\u00fcy\u00fcklerde grekoromen stilin ard\u0131ndan serbest stilde de tak\u0131m halinde tarihinde ilk kez \u015fampiyonlu\u011fa ula\u015ft\u0131.<\/p>\n<p><img decoding=\"async\" alt=\"\" src=\"https:\/\/www.aa.com.tr\/uploads\/userFiles\/7fc6ad83-e801-4dd2-b1c1-974abd5a6af0\/2023%2FEyl%C3%BCl%2FAA-32127193.jpg\"\/><\/p>\n<p>Milli g\u00fcre\u015f\u00e7iler, organizasyonda 8 alt\u0131n, 9 g\u00fcm\u00fc\u015f ve 9 bronz olmak \u00fczere toplam 26 madalya ve 4 kupa kazanarak zirveye yerle\u015fti.<\/p>\n<h3>&#8220;Sporcular\u0131m\u0131z i\u015fitme engelliler ve federasyon tarihinde bir ilke imza att\u0131&#8221;<\/h3>\n<p>T\u00fcrkiye \u0130\u015fitme Engelliler Spor Federasyonu Ba\u015fkan\u0131 Kerim Vural, AA muhabirine yapt\u0131\u011f\u0131 a\u00e7\u0131klamada, &#8220;Allah&#8217;a \u015f\u00fck\u00fcrler olsun ki hem serbest stilde hem de grekoromen stilde b\u00fct\u00fcn rakiplerimizi eleyerek d\u00fcnya \u015fampiyonlu\u011funu kazanm\u0131\u015f olduk. \u00dclkemize 8 alt\u0131n, 9 g\u00fcm\u00fc\u015f, 9 bronz madalyayla d\u00f6n\u00fcyoruz.&#8221; ifadelerini kulland\u0131.<\/p>\n<p>Vural, ata sporu g\u00fcre\u015fi en iyi \u015fekilde temsil ettiklerine i\u015faret ederek, &#8220;Tabii bu bir ekip \u00e7al\u0131\u015fmas\u0131d\u0131r. D\u00fcnya \u015eampiyonas\u0131&#8217;na Bakanl\u0131\u011f\u0131m\u0131z\u0131n sonsuz deste\u011fi ile beraber en g\u00fc\u00e7l\u00fc kat\u0131lan \u00fclkelerden birisiydik. Dolay\u0131s\u0131yla bize verilen deste\u011fin hakk\u0131n\u0131 vermi\u015f oldu\u011fumuzu d\u00fc\u015f\u00fcn\u00fcyoruz.&#8221; de\u011ferlendirmesinde bulundu.<\/p>\n<p>&#8220;Sporcular\u0131m\u0131z i\u015fitme engelliler ve federasyon tarihinde bir ilke imza att\u0131.&#8221; ifadesini kullanan Vural, &#8220;Hem serbest hem de grekoromen stilde d\u00fcnya \u015fampiyonu olarak \u00fclkemize d\u00f6n\u00fcyoruz. \u00dclkemize hay\u0131rl\u0131 olsun. B\u00fct\u00fcn i\u015fitme engellilere hay\u0131rl\u0131 u\u011furlu olsun. Hem sporcular\u0131m\u0131z\u0131 hem teknik ekibimizi \u015fahs\u0131m ve y\u00f6netimim ad\u0131na tebrik ediyorum.&#8221; diye konu\u015ftu.<\/p>\n<p>\u00d6d\u00fcl t\u00f6reninin ard\u0131ndan milli sporcular ba\u015far\u0131lar\u0131n\u0131 &#8220;Ankara&#8217;n\u0131n ba\u011flar\u0131&#8221; \u015fark\u0131s\u0131yla kutlad\u0131.<\/p>\n<p>Millilere, K\u0131rg\u0131zistan-T\u00fcrkiye Manas \u00dcniversitesinde (KTM\u00dc) okuyan T\u00fcrk \u00f6\u011frenciler tezah\u00fcratlar ve T\u00fcrk bayraklar\u0131yla destek verdi. \u200b\u200b\u200b\u200b\u200b\u200b\u200b<\/p>\n<p>                            <span class=\"detay-foto-editor\">&#13;<br \/>\n                                <a href=\"https:\/\/www.aa.com.tr\/tr\/p\/abonelik-talep-formu\/1001\" target=\"_blank\" style=\"font-size:12px; color:#444; text-decoration:none;\" rel=\"noopener\">&#13;<br \/>\n                                    Anadolu Ajans\u0131 web sitesinde, AA Haber Ak\u0131\u015f Sistemi (HAS) \u00fczerinden abonelere sunulan haberler, \u00f6zetlenerek yay\u0131mlanmaktad\u0131r. <b style=\"color:#1897F7\">Abonelik i\u00e7in l\u00fctfen ileti\u015fime ge\u00e7iniz.<\/b>&#13;<br \/>\n                                <\/a>&#13;<br \/>\n                            <\/span>\n                        <\/div>\n<p><script>\n\t  window.fbAsyncInit = function() {\n\t\tFB.init({\n\t\t  appId: '1855843514662870',\n\t\t  status : true, \/\/ check login status\n\t\t  cookie : true, \/\/ enable cookies to allow the server to access the session\n\t\t  xfbml  : true  \/\/ parse XFBML\n\t\t});\n\t  };<\/p>\n<p>\t  (function() {\n\t\tvar e = document.createElement('script');\n\t\te.src=\"https:\/\/connect.facebook.net\/tr_TR\/all.js\";\n\t\te.async = true;\n\t\tdocument.getElementById('fb-root').appendChild(e);\n\t  }());\n    <\/script><\/p>\n","protected":false},"excerpt":{"rendered":"<p>Ba\u015fkent Bi\u015fkek&#8217;teki Kabauulu Kojomkul Spor Saray\u0131&#8217;nda d\u00fczenlenen organizasyonun 9&#8217;uncu ve son g\u00fcn\u00fcnde b\u00fcy\u00fckler serbest stilde m\u00fcsabakalar yap\u0131ld\u0131. Milli sporculardan 125 kiloda Atalay Aydemir alt\u0131n, 79 kiloda O\u011fuz D\u00f6nder g\u00fcm\u00fc\u015f, 61 kiloda Mustafa D\u00f6lek ve 70 kiloda Eren Uzun ise bronz madalya kazand\u0131. Ay-y\u0131ld\u0131zl\u0131lar, b\u00fcy\u00fcklerde grekoromen stilin ard\u0131ndan serbest stilde de tak\u0131m halinde tarihinde ilk kez [&hellip;]<\/p>\n","protected":false},"author":1,"featured_media":14202,"comment_status":"","ping_status":"","sticky":false,"template":"","format":"standard","meta":[],"categories":[48],"tags":[],"_links":{"self":[{"href":"https:\/\/kraios.app\/news\/wp-json\/wp\/v2\/posts\/14201"}],"collection":[{"href":"https:\/\/kraios.app\/news\/wp-json\/wp\/v2\/posts"}],"about":[{"href":"https:\/\/kraios.app\/news\/wp-json\/wp\/v2\/types\/post"}],"author":[{"embeddable":true,"href":"https:\/\/kraios.app\/news\/wp-json\/wp\/v2\/users\/1"}],"replies":[{"embeddable":true,"href":"https:\/\/kraios.app\/news\/wp-json\/wp\/v2\/comments?post=14201"}],"version-history":[{"count":0,"href":"https:\/\/kraios.app\/news\/wp-json\/wp\/v2\/posts\/14201\/revisions"}],"wp:featuredmedia":[{"embeddable":true,"href":"https:\/\/kraios.app\/news\/wp-json\/wp\/v2\/media\/14202"}],"wp:attachment":[{"href":"https:\/\/kraios.app\/news\/wp-json\/wp\/v2\/media?parent=14201"}],"wp:term":[{"taxonomy":"category","embeddable":true,"href":"https:\/\/kraios.app\/news\/wp-json\/wp\/v2\/categories?post=14201"},{"taxonomy":"post_tag","embeddable":true,"href":"https:\/\/kraios.app\/news\/wp-json\/wp\/v2\/tags?post=14201"}],"curies":[{"name":"wp","href":"https:\/\/api.w.org\/{rel}","templated":true}]}}