{"id":14195,"date":"2023-09-11T16:20:09","date_gmt":"2023-09-11T16:20:09","guid":{"rendered":"https:\/\/kraios.app\/news\/siyaset\/2023\/09\/11\/cumhurbaskani-erdogan-ermenistan-basbakani-pasinyan-ile-telefonda-gorustu\/"},"modified":"2023-09-11T16:20:09","modified_gmt":"2023-09-11T16:20:09","slug":"cumhurbaskani-erdogan-ermenistan-basbakani-pasinyan-ile-telefonda-gorustu","status":"publish","type":"post","link":"https:\/\/kraios.app\/news\/siyaset\/2023\/09\/11\/cumhurbaskani-erdogan-ermenistan-basbakani-pasinyan-ile-telefonda-gorustu\/","title":{"rendered":"Cumhurba\u015fkan\u0131 Erdo\u011fan, Ermenistan Ba\u015fbakan\u0131 Pa\u015finyan ile telefonda g\u00f6r\u00fc\u015ft\u00fc"},"content":{"rendered":"<p>Cumhurba\u015fkan\u0131 Recep Tayyip Erdo\u011fan ile Ermenistan Ba\u015fbakan\u0131 Nikol Pa\u015finyan&#8217;\u0131n telefon g\u00f6r\u00fc\u015fmesinde, T\u00fcrkiye-Ermenistan ili\u015fkileri ve b\u00f6lgesel konular ele al\u0131nd\u0131.<\/p>\n","protected":false},"excerpt":{"rendered":"<p>Cumhurba\u015fkan\u0131 Recep Tayyip Erdo\u011fan ile Ermenistan Ba\u015fbakan\u0131 Nikol Pa\u015finyan&#8217;\u0131n telefon g\u00f6r\u00fc\u015fmesinde, T\u00fcrkiye-Ermenistan ili\u015fkileri ve b\u00f6lgesel konular ele al\u0131nd\u0131.<\/p>\n","protected":false},"author":1,"featured_media":14196,"comment_status":"","ping_status":"","sticky":false,"template":"","format":"standard","meta":[],"categories":[47],"tags":[],"_links":{"self":[{"href":"https:\/\/kraios.app\/news\/wp-json\/wp\/v2\/posts\/14195"}],"collection":[{"href":"https:\/\/kraios.app\/news\/wp-json\/wp\/v2\/posts"}],"about":[{"href":"https:\/\/kraios.app\/news\/wp-json\/wp\/v2\/types\/post"}],"author":[{"embeddable":true,"href":"https:\/\/kraios.app\/news\/wp-json\/wp\/v2\/users\/1"}],"replies":[{"embeddable":true,"href":"https:\/\/kraios.app\/news\/wp-json\/wp\/v2\/comments?post=14195"}],"version-history":[{"count":0,"href":"https:\/\/kraios.app\/news\/wp-json\/wp\/v2\/posts\/14195\/revisions"}],"wp:featuredmedia":[{"embeddable":true,"href":"https:\/\/kraios.app\/news\/wp-json\/wp\/v2\/media\/14196"}],"wp:attachment":[{"href":"https:\/\/kraios.app\/news\/wp-json\/wp\/v2\/media?parent=14195"}],"wp:term":[{"taxonomy":"category","embeddable":true,"href":"https:\/\/kraios.app\/news\/wp-json\/wp\/v2\/categories?post=14195"},{"taxonomy":"post_tag","embeddable":true,"href":"https:\/\/kraios.app\/news\/wp-json\/wp\/v2\/tags?post=14195"}],"curies":[{"name":"wp","href":"https:\/\/api.w.org\/{rel}","templated":true}]}}