{"id":14176,"date":"2023-09-11T11:20:05","date_gmt":"2023-09-11T11:20:05","guid":{"rendered":"https:\/\/kraios.app\/news\/spor\/2023\/09\/11\/mevcut-kirginliklar-besiktas-baskaninin-sahsina-degil-surecle-alakali\/"},"modified":"2023-09-11T11:20:05","modified_gmt":"2023-09-11T11:20:05","slug":"mevcut-kirginliklar-besiktas-baskaninin-sahsina-degil-surecle-alakali","status":"publish","type":"post","link":"https:\/\/kraios.app\/news\/spor\/2023\/09\/11\/mevcut-kirginliklar-besiktas-baskaninin-sahsina-degil-surecle-alakali\/","title":{"rendered":"Mevcut k\u0131rg\u0131nl\u0131klar Be\u015fikta\u015f ba\u015fkan\u0131n\u0131n \u015fahs\u0131na de\u011fil, s\u00fcre\u00e7le alakal\u0131"},"content":{"rendered":"<p><\/p>\n<div>\n<p>Vadistanbul&#8217;da bulunan Radisson Hotel&#8217;de ger\u00e7ekle\u015ftirilen bas\u0131n toplant\u0131s\u0131nda a\u00e7\u0131klamalarda bulunan \u00c7etinsaya, g\u00f6revde bulundu\u011fu s\u00fcrede yap\u0131lanlardan ve istifa s\u00fcrecine giden sebeplerden bahsetti.<\/p>\n<p>\u0130spanyol futbolcu Sergio Ramos&#8217;la anla\u015fmaya var\u0131lmas\u0131na kar\u015f\u0131n bu futbolcunun transferinin ger\u00e7ekle\u015fmemesinin tek ba\u015f\u0131na istifa sebebi olmad\u0131\u011f\u0131n\u0131 vurgulayan \u00c7etinsaya, &#8220;Bir futbolcunun transferinin olmamas\u0131, istifa sebebim de\u011fildi. Bu sadece dolu olan barda\u011fa at\u0131lan son damlayd\u0131. Ba\u015fkan\u0131m\u0131zla ge\u00e7enlerde ba\u015f ba\u015fa bir yemek yedik. Onun da istifa s\u00fcrecimdeki k\u0131rg\u0131nl\u0131klar\u0131 anlad\u0131\u011f\u0131n\u0131 d\u00fc\u015f\u00fcn\u00fcyorum. Ramos transferiyle 18-19 g\u00fcn u\u011fra\u015f\u0131nca belki de fazla doldum. \u00c7ocuklu\u011fumdan bu yana en b\u00fcy\u00fck hayalim Be\u015fikta\u015f y\u00f6neticisi olmakt\u0131. Ben en b\u00fcy\u00fck hayalimden vazge\u00e7tim. Bu durum duygusal olarak zaten \u00e7ok \u00f6nemli bir karard\u0131. Belki ilerleyen g\u00fcnlerde bu karardan dolay\u0131 \u00fcz\u00fclecek miyim, pi\u015fman olacak m\u0131y\u0131m bilmiyorum. Bug\u00fcn bu olmas\u0131 gerekiyordu ve oldu.&#8221; ifadelerini kulland\u0131.<\/p>\n<h3>&#8220;Bir taraftar olarak Ramos&#8217;u trib\u00fcnde izlemeyi \u00e7ok isterdim&#8221;<\/h3>\n<p>Sergio Ramos transferinde sponsorlar\u0131n y\u0131ll\u0131k \u00fccretin b\u00fcy\u00fck k\u0131sm\u0131n\u0131 kar\u015f\u0131layaca\u011f\u0131n\u0131, kendisinin asli g\u00f6revinin sponsorluk olmamas\u0131na kar\u015f\u0131n bu konuda elini ta\u015f\u0131n alt\u0131na koydu\u011funu belirten \u00c7etinsaya, \u015funlar\u0131 s\u00f6yledi:<\/p>\n<p>&#8220;Transfer de benim asli g\u00f6revim de\u011fildi. Ba\u015fkan\u0131m\u0131z g\u00f6rev verdi, elimden geleni yapt\u0131m. Kimisi oldu, kimisi olmad\u0131. Transfer demi\u015fken Sergio Ramos konusu vard\u0131. Bu sadece bir futbolcu transferi de\u011fildi. Kariyeri ortada. Bu futbolcunun Be\u015fikta\u015f&#8217;a kazand\u0131r\u0131lmas\u0131, Be\u015fikta\u015f&#8217;\u0131n lay\u0131k oldu\u011fu d\u00fcnya vitrinine geri d\u00f6nmesiydi. Bir vizyon projesiydi. \u00c7ok \u00e7al\u0131\u015ft\u0131k, oldu, anla\u015ft\u0131k ama sonras\u0131nda olmad\u0131. Ke\u015fke olsayd\u0131. Her \u015feyden \u00f6nce bir taraftar olarak Ramos&#8217;u trib\u00fcnde izlemeyi \u00e7ok isterdim. Kendisine 18-19 g\u00fcn gece g\u00fcnd\u00fcz Be\u015fikta\u015f&#8217;\u0131 ve taraftar\u0131 anlatt\u0131m. Para ikinci plandayd\u0131. 27 milyon avro net teklif yap\u0131lm\u0131\u015ft\u0131 kendisine ama bunu hi\u00e7 d\u00fc\u015f\u00fcnmedi. Ramos transferinde bizim haricimizde 6 kul\u00fcp yar\u0131\u015ft\u0131. Bu tak\u0131mlardan birisi de Galatasaray&#8217;d\u0131. Futbolcu, \u015eampiyonlar Ligi oynamayan bir tak\u0131mda olmay\u0131 d\u00fc\u015f\u00fcnm\u00fcyordu ama burada \u0130lhan Mans\u0131z&#8217;\u0131n Guti&#8217;yi aramas\u0131 \u00f6nemli bir fakt\u00f6r oldu. Ramos, Be\u015fikta\u015f&#8217;a gelmeye ye\u015fil \u0131\u015f\u0131k yakt\u0131ktan sonra para konu\u015fmaya ba\u015flad\u0131k. Ramos&#8217;la 1+1 y\u0131ll\u0131k anla\u015ft\u0131k. Be\u015fikta\u015f ilk y\u0131l\u0131n sonunda s\u00f6zle\u015fmeyi fesih hakk\u0131na sahipti. 4 milyon avro y\u0131ll\u0131k \u00fccret, 1 milyon avro imza paras\u0131 vard\u0131. 6 milyon avro kar\u015f\u0131l\u0131\u011f\u0131nda da kendisine ulusal ya da uluslararas\u0131 reklam filmi \u00e7ekilme taahh\u00fcd\u00fcnde bulunduk. Ba\u015fkan\u0131m\u0131z hakl\u0131 olarak &#8216;Bu paray\u0131 veremeyiz.&#8217; dedi\u011fi i\u00e7in transferden \u00e7ekildik. Camian\u0131n babas\u0131 gelece\u011fi d\u00fc\u015f\u00fcnerek bunu yapar, hakl\u0131d\u0131r. Ama 3 firmadan \u00f6n onay alm\u0131\u015ft\u0131k. Pazarlama ekibi de proje \u00e7al\u0131\u015ft\u0131. Ramos&#8217;un gelmesi durumunda sosyal medyadaki tek bir etkile\u015fiminin kar\u015f\u0131l\u0131\u011f\u0131 242 bin avro olacakt\u0131.&#8221;<\/p>\n<p>Yap\u0131lan g\u00f6r\u00fc\u015fmelerin ard\u0131ndan transferde olumlu cevap ald\u0131klar\u0131n\u0131 ve s\u00f6zle\u015fmelerin haz\u0131rland\u0131\u011f\u0131n\u0131 aktaran \u00c7etinsaya, Ramos&#8217;un Madrid&#8217;de bulunan evine davet edildiklerini s\u00f6yleyerek, \u015fu ifadeleri kulland\u0131:<\/p>\n<p>&#8220;Ba\u015fkan\u0131m\u0131z\u0131n ifade etti\u011fi gibi 50 milyon avroya yakla\u015fan bir maliyet do\u011fruydu. Ama bunun i\u00e7inde futbolcunun iki y\u0131l boyunca 40&#8217;ar ma\u00e7 oynamas\u0131, Avrupa&#8217;da kademeli \u015fekilde finale \u00e7\u0131kmam\u0131z, 20 gol atmas\u0131 gibi maddelerle vergiler dahil 48,4 milyon avro bir maliyet vard\u0131. Fesih hakk\u0131 bizde oldu\u011fu i\u00e7in Ramos&#8217;u 1 y\u0131l oynatt\u0131\u011f\u0131m\u0131z takdirde kasam\u0131zdan \u00e7\u0131kacak toplam maliyet 8 milyon avroydu. Kombineler hari\u00e7, statta d\u00fczenlenecek bir etkinlikle bilet sat\u0131\u015f\u0131 ve 100 bin forma sat\u0131\u015f\u0131yla, 5 milyon avro kasam\u0131za girecekti. Yani bonuslar hari\u00e7 kasadan 3 milyon avro gibi bir rakam \u00e7\u0131kacakt\u0131. Sonu\u00e7 olarak \u015fu anda Sevilla&#8217;yla anla\u015ft\u0131. Ama tabii ki 1-1,5 milyon avro gibi bir rakama gitmedi, daha \u00fcst\u00fcne gitti. Ancak do\u011fup b\u00fcy\u00fcd\u00fc\u011f\u00fc topraklara, altyap\u0131s\u0131nda futbol oynad\u0131\u011f\u0131 kul\u00fcbe daha az rakama gitmesi kadar normal bir durum yok. Sergen hocam\u0131z\u0131n kul\u00fcbe d\u00f6n\u00fcp, &#8216;Ben para konu\u015fmam.&#8217; demesi gibi bir durum bu.&#8221;<\/p>\n<p>Bakhtiyor Zaynutdinov transferinde de son noktay\u0131 kendisinin koymas\u0131na kar\u015f\u0131n, bu transferi g\u00f6revden ayr\u0131lan Ceyhun Kazanc\u0131&#8217;n\u0131n bitirdi\u011finin alt\u0131n\u0131 \u00e7izen \u00c7etinsaya, &#8220;Burada aslan pay\u0131 benim de\u011fil, Ceyhun Kazanc\u0131&#8217;n\u0131nd\u0131r. Ceyhun gitti yeme\u011fi haz\u0131rlad\u0131, ben sadece tuz att\u0131m. Karakteriyle de Be\u015fikta\u015f&#8217;a uyan 10 numara bir futbolcu ald\u0131k.&#8221; diye konu\u015ftu.<\/p>\n<p><img decoding=\"async\" alt=\"\" src=\"https:\/\/www.aa.com.tr\/uploads\/userFiles\/96f91bbd-282f-4a24-a12c-1b1092cfeb3b\/009_2023%2F04_2023%2F23_Eyl%C3%BCl%2F21%2FAA-32123728.jpg\"\/><\/p>\n<h3>&#8220;Be\u015fikta\u015f&#8217;ta bekleme ve takipsizlik b\u00fcy\u00fck bir sorun&#8221;<\/h3>\n<p>\u0130stifa etmesinin ard\u0131ndan hakk\u0131nda \u00e7ok \u015feyin yaz\u0131ld\u0131\u011f\u0131n\u0131 ve \u00e7ok fazla yanl\u0131\u015f bilgi dola\u015ft\u0131\u011f\u0131n\u0131 a\u00e7\u0131klayan \u00c7etinsaya, y\u00f6netime girmeden \u00f6nce 2020 y\u0131l\u0131ndan bu yana kul\u00fcbe destek verdi\u011fini belirtti.<\/p>\n<p>Be\u015fikta\u015f&#8217;\u0131n t\u00fcm bor\u00e7lar\u0131n\u0131 kapatacak proje \u00fczerinde \u00e7al\u0131\u015ft\u0131\u011f\u0131n\u0131 ve bunun d\u0131\u015f\u0131nda bir\u00e7ok proje ger\u00e7ekle\u015ftirdiklerinin alt\u0131n\u0131 \u00e7izen \u00c7etinsaya, \u015f\u00f6yle devam etti:<\/p>\n<p>&#8220;Hepimiz buraya hizmet etmeye geliyoruz. Be\u015fikta\u015f&#8217;ta yapt\u0131\u011f\u0131m\u0131z i\u015fler konu\u015fulsun istedim. Gayrimenkuller konusunda ge\u00e7mi\u015f d\u00f6nemde Be\u015fikta\u015f&#8217;\u0131n kaybetmeye y\u00fcz tutmu\u015f dosyalar\u0131 vard\u0131. 20 y\u0131ld\u0131r kanayan yaram\u0131z olan Nevzat Demir Tesisleri&#8217;nin problemini \u00e7\u00f6zd\u00fck. Pendik&#8217;te denize s\u0131f\u0131r bir arsa temin ettik ve k\u00fcrek \u015fubemizi yeniden hayata ge\u00e7irmek istedik. Yak\u0131nda sonu\u00e7lanacakt\u0131r. Be\u015fikta\u015f&#8217;ta bekleme ve takipsizlik b\u00fcy\u00fck bir sorun. Bu konuda \u00f6rnek olarak Fulya AVM&#8217;yi s\u00f6yleyebilirim. A\u00e7\u0131ld\u0131\u011f\u0131 g\u00fcnk\u00fc hedeflerine ula\u015famad\u0131. Biz g\u00f6revden ayr\u0131ld\u0131ktan sonra da buran\u0131n s\u00fcrd\u00fcr\u00fclebilir olmas\u0131 i\u00e7in profesyonel \u015firketlerle g\u00f6r\u00fc\u015ft\u00fck. Akatlar&#8217;da b\u00fcy\u00fck bir projem var. Buras\u0131 2-3 bran\u015fa hizmet etmenin d\u0131\u015f\u0131nda at\u0131l kal\u0131yor. Buradaki Kartal Yuvas\u0131 da \u00e7ok \u00e7al\u0131\u015fmad\u0131\u011f\u0131ndan dolay\u0131, amat\u00f6r bran\u015flar\u0131n \u00fcr\u00fcnlerinin de sat\u0131laca\u011f\u0131 bir spor kafesi yapmay\u0131 d\u00fc\u015f\u00fcnm\u00fc\u015ft\u00fcm. Belki ileride yap\u0131l\u0131r.&#8221;<\/p>\n<p>Fulya&#8217;daki benzin istasyonunun ayl\u0131k 90 bin lira kira \u00f6dedi\u011finin alt\u0131n\u0131 \u00e7izen ve bu i\u015fletmenin \u00e7evresindeki geni\u015flemelerle kul\u00fcbe \u00f6dedi\u011finin daha fazlas\u0131n\u0131 kazand\u0131\u011f\u0131n\u0131 dile getiren \u00c7etinsaya, &#8220;Devam eden davalar var. Be\u015fikta\u015fl\u0131 olup Be\u015fikta\u015f&#8217;a dava a\u00e7mak ne kadar do\u011fru bilmiyorum. \u00c7ilekli tesisleri var. \u0130BB taraf\u0131ndan Be\u015fikta\u015f Belediyesi&#8217;ne, buradan da kul\u00fcb\u00fcm\u00fcze verilen bir alan \u00c7ilekli. \u0130mar planlar\u0131nda buras\u0131 spor ve turizm alan\u0131 g\u00f6r\u00fcn\u00fcyor. Zaman\u0131nda burada kolej hayata ge\u00e7irilmi\u015f. 5 y\u0131ld\u0131r kolej olarak faaliyet g\u00f6steren kurum, Be\u015fikta\u015f&#8217;a kira \u00f6demiyor. Be\u015fikta\u015f&#8217;\u0131n s\u0131rt\u0131ndan ge\u00e7inmeyi b\u0131rakmam\u0131z laz\u0131m. Be\u015fikta\u015f halk\u0131n tak\u0131m\u0131. Alan de\u011fil, veren olun. Be\u015fikta\u015f&#8217;ta al\u0131\u015f\u0131lagelmi\u015f bir hantal d\u00fczen var. Nevzat Demir Tesisleri&#8217;nin geriye do\u011fru b\u00fcy\u00fcmesi i\u00e7in uzun s\u00fcredir yaz\u0131l\u0131p \u00e7izilen konular var. Ben 2020 y\u0131l\u0131nda buras\u0131yla ilgili bir proje \u00e7al\u0131\u015ft\u0131m. Bu projenin o d\u00f6nemde maliyeti 8 milyon lirayd\u0131. Bug\u00fcn geldi\u011fimiz noktada maliyetlerin artmas\u0131yla 60 milyon liran\u0131n alt\u0131na yapamay\u0131z. Bu konuyla ilgili g\u00f6r\u00fc\u015fmeye gitti\u011fimiz b\u00fcy\u00fc\u011f\u00fcm\u00fcz Nevzat Demir, hi\u00e7bir konu konu\u015fmadan 400 bin dolar verdi. Onun verdi\u011fi parayla altyap\u0131 i\u00e7in sahay\u0131 yapt\u0131k.&#8221; \u015feklinde konu\u015ftu.<\/p>\n<h3>&#8220;Bu proje ger\u00e7ekle\u015ftikten sonra Be\u015fikta\u015f&#8217;\u0131n kasas\u0131na net kalacak para, 220 milyon dolard\u0131r&#8221;<\/h3>\n<p>Son d\u00f6nemde yap\u0131lan projeleri aktarmay\u0131 s\u00fcrd\u00fcren \u00c7etinsaya, kul\u00fcplerin bor\u00e7lar\u0131n\u0131n y\u00f6netilebilir d\u00fczeyde olmad\u0131\u011f\u0131n\u0131 vurgulayarak, \u015f\u00f6yle devam etti:<\/p>\n<p>&#8220;\u0130stanbul&#8217;un kuzeyinde bir proje ger\u00e7ekle\u015ftirdik. 15 Haziran 2022&#8217;de ba\u015flad\u0131k. Bu proje, Be\u015fikta\u015f&#8217;\u0131n t\u00fcm finansal bor\u00e7lar\u0131n\u0131 temizleyecek noktaya getirecek. Son onay s\u00fcre\u00e7lerine gitti\u011fimizde 6 \u015eubat&#8217;ta deprem oldu. Sonras\u0131nda da se\u00e7im s\u00fcrecine girince projenin onay\u0131 da biraz yava\u015flad\u0131. Be\u015fikta\u015f&#8217;ta tek yumruk olarak takip etmek zorunda oldu\u011fumuz bir proje bu. Y\u00fczde 80&#8217;ini \u015fah\u0131slar\u0131n olu\u015fturdu\u011fu, y\u00fczde 20&#8217;sinde kamunun hissedar oldu\u011fu bir alan. 954 d\u00f6n\u00fcmde, 24 saat kendi kendine yetecek ekolojik bir kasaba buras\u0131. Bu proje ger\u00e7ekle\u015ftikten sonra Be\u015fikta\u015f&#8217;\u0131n kasas\u0131na net kalacak para, 220 milyon dolard\u0131r. Be\u015fikta\u015f&#8217;\u0131n borcunu s\u0131f\u0131rlayacak bir projedir. Be\u015fikta\u015f&#8217;\u0131n borcu devlete. Devletimizin yard\u0131m\u0131yla geli\u015ftirece\u011fimiz projeyle zaten devlete olan borcumuzu \u00f6deyece\u011fiz. Bankalar konsorsiyumunda yap\u0131land\u0131rmay\u0131 yapt\u0131k ama k\u00f6r topal ilerliyoruz. Maalesef ekonomik parametreler bu \u015fekilde devam ederse, \u00f6n\u00fcm\u00fczdeki senelerde durum biraz karanl\u0131k olacakt\u0131r.&#8221;<\/p>\n<p>\u00c7etinsaya, Akaretler&#8217;de bulunan BJK Plaza&#8217;daki kirac\u0131n\u0131n \u00e7\u0131kt\u0131\u011f\u0131n\u0131 ve buran\u0131n 2025 y\u0131l\u0131na kadar s\u00fcrecek tadilat ve g\u00fc\u00e7lendirme \u00e7al\u0131\u015fmalar\u0131n\u0131n ard\u0131ndan 5 y\u0131ld\u0131zl\u0131 otel olaca\u011f\u0131n\u0131 da dile getirdi.<\/p>\n<h3>&#8220;Be\u015fikta\u015f ba\u015fkanl\u0131k makam\u0131na yap\u0131lacak bir sayg\u0131s\u0131zl\u0131k asla kabul edilemez&#8221;<\/h3>\n<p>Y\u00f6netimde oldu\u011fu s\u00fcrede fikir ayr\u0131l\u0131klar\u0131n\u0131 oldu\u011funu ve bu durumun olmas\u0131 gerekti\u011fini belirten \u00c7etinsaya, herkesin ayn\u0131 fikirde olmas\u0131 durumunda tek bir hedefe bak\u0131laca\u011f\u0131n\u0131 ve bunun da yarar sa\u011flamayaca\u011f\u0131n\u0131 s\u00f6yledi.<\/p>\n<p>Be\u015fikta\u015f&#8217;ta ba\u015fkanl\u0131k ve y\u00f6neticilik makamlar\u0131na ula\u015fmak isteyen bir\u00e7ok ki\u015finin oldu\u011funu ve olmas\u0131 gerekti\u011fini dile getiren \u00c7etinsaya, &#8220;Ne olursa olsun makama sayg\u0131 duymak zorunluluktur. Bu nedenle bazen kol k\u0131r\u0131l\u0131r, yen i\u00e7inde kal\u0131r. Be\u015fikta\u015f ba\u015fkanl\u0131k makam\u0131na yap\u0131lacak bir sayg\u0131s\u0131zl\u0131k asla kabul edilemez.&#8221; dedi.<\/p>\n<p>\u00c7etinsaya, ge\u00e7ti\u011fimiz sezon Galatasaray ma\u00e7\u0131n\u0131n ard\u0131ndan sosyal medyadan yapt\u0131\u011f\u0131 payla\u015f\u0131m\u0131 da hat\u0131rlatarak &#8220;Konusu a\u00e7\u0131lm\u0131\u015fken, bir Galatasaray ma\u00e7\u0131n\u0131n ard\u0131ndan bir payla\u015f\u0131mda bulunmu\u015ftum. Taraftar refleksiyle yapt\u0131\u011f\u0131m bir hareketti. Onlardan da \u00f6z\u00fcr diliyorum. Heyecan\u0131ma yenik d\u00fc\u015fm\u00fc\u015f olabilirim.&#8221; a\u00e7\u0131klamas\u0131n\u0131 yapt\u0131.<\/p>\n<p><img decoding=\"async\" alt=\"\" src=\"https:\/\/www.aa.com.tr\/uploads\/userFiles\/96f91bbd-282f-4a24-a12c-1b1092cfeb3b\/009_2023%2F04_2023%2F23_Eyl%C3%BCl%2F21%2FAA-32123727.jpg\"\/><\/p>\n<h3>&#8220;Tek amac\u0131m Be\u015fikta\u015f&#8217;\u0131n kasas\u0131na daha fazla girmesiydi&#8221;\u200b\u200b\u200b\u200b\u200b\u200b\u200b<\/h3>\n<p>Stat sponsorlu\u011fu konusunda yapt\u0131\u011f\u0131 kum saati payla\u015f\u0131m\u0131 hakk\u0131nda da a\u00e7\u0131klamada bulunan \u00c7etinsaya, &#8220;Kum saati heyecan\u0131m\u0131n yans\u0131mas\u0131yd\u0131. Bu yans\u0131may\u0131 Be\u015fikta\u015fl\u0131larla payla\u015fmak istedim. T\u00fcrk spor tarihinin en b\u00fcy\u00fck anla\u015fmas\u0131n\u0131 yapt\u0131k diyebilirim. Ben 3 kez Rusya&#8217;ya gidip geldim. Ancak orada siyasi bir kriz var. \u0130lgililerle g\u00f6r\u00fc\u015fmeler 2022 Aral\u0131k ay\u0131nda ba\u015flad\u0131. Tek amac\u0131m Be\u015fikta\u015f&#8217;\u0131n kasas\u0131na daha fazla girmesiydi. Bazen olmay\u0131nca olmuyor. Ben de \u00e7ok \u00fcz\u00fcld\u00fcm. Ge\u00e7en hafta istifam kabul edildi. Baz\u0131 k\u0131rg\u0131nl\u0131klar\u0131m var. Ba\u015fkana rica etti\u011fim tek konu, Be\u015fikta\u015f&#8217;a arka planda hizmet etmem i\u00e7in yolumu a\u00e7mas\u0131yd\u0131. O da beni k\u0131rmad\u0131, sa\u011f olsun. Arka planda hizmete devam edece\u011fiz. Ben g\u00f6revden ayr\u0131ld\u0131ktan sonra stada gelemeyen y\u00f6neticiler gibi olmak istemedim. \u0130\u00e7eride baz\u0131 dedikodular oldu, lakin ba\u015fkan\u0131m\u0131z ne\u015fteri ortaya koymu\u015ftur. Herkesle sar\u0131larak ayr\u0131ld\u0131m. Bu sadece y\u00f6netimden ayr\u0131l\u0131\u015f, Be\u015fikta\u015f&#8217;tan ayr\u0131l\u0131\u015f de\u011fil. Belli mi olur belki ileride \u00e7ok daha b\u00fcy\u00fck bir hayalle kar\u015f\u0131n\u0131za \u00e7\u0131kar\u0131m.&#8221; diye konu\u015ftu.<\/p>\n<p>Be\u015fikta\u015f&#8217;ta ba\u015fkanl\u0131k makam\u0131na k\u00fcs\u00fclmeyece\u011fini ve k\u0131z\u0131lmayaca\u011f\u0131n\u0131, kendisinde de o hakk\u0131 g\u00f6rmedi\u011finin alt\u0131n\u0131 \u00e7izen \u00c7etinsaya, \u015funlar\u0131 kaydetti:<\/p>\n<p>&#8220;Bazen biz k\u00fc\u00e7\u00fckler olarak &#8216;Kol k\u0131r\u0131l\u0131r, yen i\u00e7inde kal\u0131r.&#8217; demek zorunda kal\u0131r\u0131z. G\u00f6revde olan bir ba\u015fkan\u0131n aleyhine hi\u00e7bir zaman laf s\u00f6ylemem. 2025&#8217;te ben aday olmayaca\u011f\u0131m. Be\u015fikta\u015f&#8217;ta elimizi ta\u015f\u0131n alt\u0131na koymaya geldik diyoruz ama Be\u015fikta\u015f herkesten ve her \u015feyden b\u00fcy\u00fck. Kurtulu\u015f Sava\u015f\u0131&#8217;nda da Be\u015fikta\u015f&#8217;\u0131n ba\u015fkan\u0131 vard\u0131. &#8216;Be\u015fikta\u015f&#8217;\u0131n ihtiyac\u0131 vard\u0131, geldim ba\u015fkan aday\u0131 oldum.&#8217; demektense, &#8216;Benim Be\u015fikta\u015f&#8217;a ihtiyac\u0131m vard\u0131 ve aday oldum.&#8217; demek daha do\u011fru. Benim en b\u00fcy\u00fck hayallerimden birisi ba\u015fkan olmak. Bu hayali kurmaktan daha do\u011fal ne var? Mevcut k\u0131rg\u0131nl\u0131klar Be\u015fikta\u015f ba\u015fkan\u0131n\u0131n \u015fahs\u0131na de\u011fil, s\u00fcre\u00e7le alakal\u0131 k\u0131rg\u0131nl\u0131klar. Bunu da \u00e7ok b\u00fcy\u00fctmemek laz\u0131m.&#8221;<\/p>\n<p>                            <span class=\"detay-foto-editor\">&#13;<br \/>\n                                <a href=\"https:\/\/www.aa.com.tr\/tr\/p\/abonelik-talep-formu\/1001\" target=\"_blank\" style=\"font-size:12px; color:#444; text-decoration:none;\" rel=\"noopener\">&#13;<br \/>\n                                    Anadolu Ajans\u0131 web sitesinde, AA Haber Ak\u0131\u015f Sistemi (HAS) \u00fczerinden abonelere sunulan haberler, \u00f6zetlenerek yay\u0131mlanmaktad\u0131r. <b style=\"color:#1897F7\">Abonelik i\u00e7in l\u00fctfen ileti\u015fime ge\u00e7iniz.<\/b>&#13;<br \/>\n                                <\/a>&#13;<br \/>\n                            <\/span>\n                        <\/div>\n<p><script>\n\t  window.fbAsyncInit = function() {\n\t\tFB.init({\n\t\t  appId: '1855843514662870',\n\t\t  status : true, \/\/ check login status\n\t\t  cookie : true, \/\/ enable cookies to allow the server to access the session\n\t\t  xfbml  : true  \/\/ parse XFBML\n\t\t});\n\t  };<\/p>\n<p>\t  (function() {\n\t\tvar e = document.createElement('script');\n\t\te.src=\"https:\/\/connect.facebook.net\/tr_TR\/all.js\";\n\t\te.async = true;\n\t\tdocument.getElementById('fb-root').appendChild(e);\n\t  }());\n    <\/script><\/p>\n","protected":false},"excerpt":{"rendered":"<p>Vadistanbul&#8217;da bulunan Radisson Hotel&#8217;de ger\u00e7ekle\u015ftirilen bas\u0131n toplant\u0131s\u0131nda a\u00e7\u0131klamalarda bulunan \u00c7etinsaya, g\u00f6revde bulundu\u011fu s\u00fcrede yap\u0131lanlardan ve istifa s\u00fcrecine giden sebeplerden bahsetti. \u0130spanyol futbolcu Sergio Ramos&#8217;la anla\u015fmaya var\u0131lmas\u0131na kar\u015f\u0131n bu futbolcunun transferinin ger\u00e7ekle\u015fmemesinin tek ba\u015f\u0131na istifa sebebi olmad\u0131\u011f\u0131n\u0131 vurgulayan \u00c7etinsaya, &#8220;Bir futbolcunun transferinin olmamas\u0131, istifa sebebim de\u011fildi. Bu sadece dolu olan barda\u011fa at\u0131lan son damlayd\u0131. Ba\u015fkan\u0131m\u0131zla ge\u00e7enlerde [&hellip;]<\/p>\n","protected":false},"author":1,"featured_media":14177,"comment_status":"","ping_status":"","sticky":false,"template":"","format":"standard","meta":[],"categories":[48],"tags":[],"_links":{"self":[{"href":"https:\/\/kraios.app\/news\/wp-json\/wp\/v2\/posts\/14176"}],"collection":[{"href":"https:\/\/kraios.app\/news\/wp-json\/wp\/v2\/posts"}],"about":[{"href":"https:\/\/kraios.app\/news\/wp-json\/wp\/v2\/types\/post"}],"author":[{"embeddable":true,"href":"https:\/\/kraios.app\/news\/wp-json\/wp\/v2\/users\/1"}],"replies":[{"embeddable":true,"href":"https:\/\/kraios.app\/news\/wp-json\/wp\/v2\/comments?post=14176"}],"version-history":[{"count":0,"href":"https:\/\/kraios.app\/news\/wp-json\/wp\/v2\/posts\/14176\/revisions"}],"wp:featuredmedia":[{"embeddable":true,"href":"https:\/\/kraios.app\/news\/wp-json\/wp\/v2\/media\/14177"}],"wp:attachment":[{"href":"https:\/\/kraios.app\/news\/wp-json\/wp\/v2\/media?parent=14176"}],"wp:term":[{"taxonomy":"category","embeddable":true,"href":"https:\/\/kraios.app\/news\/wp-json\/wp\/v2\/categories?post=14176"},{"taxonomy":"post_tag","embeddable":true,"href":"https:\/\/kraios.app\/news\/wp-json\/wp\/v2\/tags?post=14176"}],"curies":[{"name":"wp","href":"https:\/\/api.w.org\/{rel}","templated":true}]}}