{"id":14164,"date":"2023-09-11T07:20:06","date_gmt":"2023-09-11T07:20:06","guid":{"rendered":"https:\/\/kraios.app\/news\/spor\/2023\/09\/11\/a-milli-futbol-takimi-hazirlik-macinda-yarin-japonya-ile-karsilasacak\/"},"modified":"2023-09-11T07:20:06","modified_gmt":"2023-09-11T07:20:06","slug":"a-milli-futbol-takimi-hazirlik-macinda-yarin-japonya-ile-karsilasacak","status":"publish","type":"post","link":"https:\/\/kraios.app\/news\/spor\/2023\/09\/11\/a-milli-futbol-takimi-hazirlik-macinda-yarin-japonya-ile-karsilasacak\/","title":{"rendered":"A Milli Futbol Tak\u0131m\u0131 haz\u0131rl\u0131k ma\u00e7\u0131nda yar\u0131n Japonya ile kar\u015f\u0131la\u015facak"},"content":{"rendered":"<p>A Milli Futbol Tak\u0131m\u0131, haz\u0131rl\u0131k ma\u00e7\u0131nda yar\u0131n Bel\u00e7ika&#8217;da Japonya ile kar\u015f\u0131 kar\u015f\u0131ya gelecek. Bel\u00e7ika&#8217;n\u0131n Genk \u015fehrindeki Cegeka Arena&#8217;da yap\u0131lacak ma\u00e7 TS\u0130 15.20&#8217;de ba\u015flayacak.<\/p>\n","protected":false},"excerpt":{"rendered":"<p>A Milli Futbol Tak\u0131m\u0131, haz\u0131rl\u0131k ma\u00e7\u0131nda yar\u0131n Bel\u00e7ika&#8217;da Japonya ile kar\u015f\u0131 kar\u015f\u0131ya gelecek. Bel\u00e7ika&#8217;n\u0131n Genk \u015fehrindeki Cegeka Arena&#8217;da yap\u0131lacak ma\u00e7 TS\u0130 15.20&#8217;de ba\u015flayacak.<\/p>\n","protected":false},"author":1,"featured_media":14165,"comment_status":"","ping_status":"","sticky":false,"template":"","format":"standard","meta":[],"categories":[48],"tags":[],"_links":{"self":[{"href":"https:\/\/kraios.app\/news\/wp-json\/wp\/v2\/posts\/14164"}],"collection":[{"href":"https:\/\/kraios.app\/news\/wp-json\/wp\/v2\/posts"}],"about":[{"href":"https:\/\/kraios.app\/news\/wp-json\/wp\/v2\/types\/post"}],"author":[{"embeddable":true,"href":"https:\/\/kraios.app\/news\/wp-json\/wp\/v2\/users\/1"}],"replies":[{"embeddable":true,"href":"https:\/\/kraios.app\/news\/wp-json\/wp\/v2\/comments?post=14164"}],"version-history":[{"count":0,"href":"https:\/\/kraios.app\/news\/wp-json\/wp\/v2\/posts\/14164\/revisions"}],"wp:featuredmedia":[{"embeddable":true,"href":"https:\/\/kraios.app\/news\/wp-json\/wp\/v2\/media\/14165"}],"wp:attachment":[{"href":"https:\/\/kraios.app\/news\/wp-json\/wp\/v2\/media?parent=14164"}],"wp:term":[{"taxonomy":"category","embeddable":true,"href":"https:\/\/kraios.app\/news\/wp-json\/wp\/v2\/categories?post=14164"},{"taxonomy":"post_tag","embeddable":true,"href":"https:\/\/kraios.app\/news\/wp-json\/wp\/v2\/tags?post=14164"}],"curies":[{"name":"wp","href":"https:\/\/api.w.org\/{rel}","templated":true}]}}