{"id":14145,"date":"2023-09-11T02:19:40","date_gmt":"2023-09-11T02:19:40","guid":{"rendered":"https:\/\/kraios.app\/news\/ekonomi\/2023\/09\/11\/turk-kullanicilar-suv-otomobili-sevdi\/"},"modified":"2023-09-11T02:19:40","modified_gmt":"2023-09-11T02:19:40","slug":"turk-kullanicilar-suv-otomobili-sevdi","status":"publish","type":"post","link":"https:\/\/kraios.app\/news\/ekonomi\/2023\/09\/11\/turk-kullanicilar-suv-otomobili-sevdi\/","title":{"rendered":"T\u00fcrk kullan\u0131c\u0131lar SUV otomobili sevdi"},"content":{"rendered":"<p> <br \/>\n<br \/>T\u00fcrkiye otomobil pazar\u0131nda bu y\u0131l\u0131n ocak-a\u011fustos d\u00f6neminde SUV (Sport Utility Vehicle) g\u00f6vde tipli otomobil sat\u0131\u015flar\u0131 2022&#8217;nin ayn\u0131 d\u00f6nemine k\u0131yasla y\u00fczde 97,85 artarken, SUV&#8217;un sat\u0131\u015flardan ald\u0131\u011f\u0131 pay da y\u00fczde 49,3&#8217;e y\u00fckseldi.<br \/>\n<br \/><br \/>\n<br \/><a href=\"https:\/\/www.aa.com.tr\/tr\/ekonomi\/turk-kullanicilar-suv-otomobili-sevdi\/2988138\">Source link <\/a><\/p>\n","protected":false},"excerpt":{"rendered":"<p>T\u00fcrkiye otomobil pazar\u0131nda bu y\u0131l\u0131n ocak-a\u011fustos d\u00f6neminde SUV (Sport Utility Vehicle) g\u00f6vde tipli otomobil sat\u0131\u015flar\u0131 2022&#8217;nin ayn\u0131 d\u00f6nemine k\u0131yasla y\u00fczde 97,85 artarken, SUV&#8217;un sat\u0131\u015flardan ald\u0131\u011f\u0131 pay da y\u00fczde 49,3&#8217;e y\u00fckseldi. Source link<\/p>\n","protected":false},"author":1,"featured_media":14146,"comment_status":"","ping_status":"","sticky":false,"template":"","format":"standard","meta":[],"categories":[44],"tags":[],"_links":{"self":[{"href":"https:\/\/kraios.app\/news\/wp-json\/wp\/v2\/posts\/14145"}],"collection":[{"href":"https:\/\/kraios.app\/news\/wp-json\/wp\/v2\/posts"}],"about":[{"href":"https:\/\/kraios.app\/news\/wp-json\/wp\/v2\/types\/post"}],"author":[{"embeddable":true,"href":"https:\/\/kraios.app\/news\/wp-json\/wp\/v2\/users\/1"}],"replies":[{"embeddable":true,"href":"https:\/\/kraios.app\/news\/wp-json\/wp\/v2\/comments?post=14145"}],"version-history":[{"count":0,"href":"https:\/\/kraios.app\/news\/wp-json\/wp\/v2\/posts\/14145\/revisions"}],"wp:featuredmedia":[{"embeddable":true,"href":"https:\/\/kraios.app\/news\/wp-json\/wp\/v2\/media\/14146"}],"wp:attachment":[{"href":"https:\/\/kraios.app\/news\/wp-json\/wp\/v2\/media?parent=14145"}],"wp:term":[{"taxonomy":"category","embeddable":true,"href":"https:\/\/kraios.app\/news\/wp-json\/wp\/v2\/categories?post=14145"},{"taxonomy":"post_tag","embeddable":true,"href":"https:\/\/kraios.app\/news\/wp-json\/wp\/v2\/tags?post=14145"}],"curies":[{"name":"wp","href":"https:\/\/api.w.org\/{rel}","templated":true}]}}