{"id":14121,"date":"2023-09-10T21:00:43","date_gmt":"2023-09-10T21:00:43","guid":{"rendered":"https:\/\/kraios.app\/news\/spor\/2023\/09\/10\/down-sendromlu-futsal-milli-takimi-oyunculari-avrupa-sampiyonlugunu-degerlendirdi-sozumuzu-tuttuk\/"},"modified":"2023-09-10T21:00:43","modified_gmt":"2023-09-10T21:00:43","slug":"down-sendromlu-futsal-milli-takimi-oyunculari-avrupa-sampiyonlugunu-degerlendirdi-sozumuzu-tuttuk","status":"publish","type":"post","link":"https:\/\/kraios.app\/news\/spor\/2023\/09\/10\/down-sendromlu-futsal-milli-takimi-oyunculari-avrupa-sampiyonlugunu-degerlendirdi-sozumuzu-tuttuk\/","title":{"rendered":"Down Sendromlu Futsal Milli Tak\u0131m\u0131 oyuncular\u0131 Avrupa \u015fampiyonlu\u011funu de\u011ferlendirdi: S\u00f6z\u00fcm\u00fcz\u00fc tuttuk"},"content":{"rendered":"<p><\/p>\n<div>\n<p>\u0130talya&#8217;da d\u00fczenlenen Down Sendromlular Avrupa \u015eampiyonas\u0131&#8217;ndan alt\u0131n madalya kazanan ve yurda d\u00f6nen Futsal Milli Tak\u0131m\u0131, Cumhuriyetin 100. y\u0131l\u0131nda &#8220;Kupa almadan d\u00f6nmeyece\u011fiz&#8221; s\u00f6z\u00fcn\u00fc tutman\u0131n gururunu ya\u015f\u0131yor.<\/p>\n<p>Padova kentinde ger\u00e7ekle\u015ftirilen organizasyonun final ma\u00e7\u0131nda Portekiz&#8217;i 2-1 yenerek \u015fampiyonlu\u011fa ula\u015fan ve yurda d\u00f6nen ekip Adnan Menderes Havaliman\u0131&#8217;nda AA muhabirine a\u00e7\u0131klamalarda bulundu.<\/p>\n<p>\u015eampiyonada en \u00e7ok gol atan sporcu Birkan Dikici \u00e7ok heyecanl\u0131 ve ne\u015feli olduklar\u0131n\u0131 belirterek, &#8220;\u015eampiyon oldu\u011fumuzda sanki kalbim durmu\u015f gibi bir anda heyecanland\u0131m. Adeta yerimde duramad\u0131m. Bu kupay\u0131 say\u0131n Cumhurba\u015fkan\u0131m\u0131z Recep Tayyip Erdo\u011fan&#8217;a g\u00f6t\u00fcrmeyi \u00e7ok istiyoruz.&#8221; diye konu\u015ftu.<\/p>\n<p>Sporcu Resul Orak\u00e7\u0131, kupay\u0131 al\u0131p sa\u011f salim d\u00f6nmenin kendilerini \u00e7ok mutlu etti\u011fini s\u00f6yleyerek, &#8220;(Kupa almadan d\u00f6nmeyece\u011fiz) s\u00f6z\u00fc vermi\u015ftik. S\u00f6z\u00fcm\u00fcz\u00fc tuttuk.&#8221; dedi.<\/p>\n<p>Milli oyunculardan An\u0131l Ko\u00e7ak \u015fampiyon olduklar\u0131nda kalbi duracak gibi heyecanland\u0131\u011f\u0131n\u0131, \u00e7ok heyecanl\u0131 ve mutlu oldu\u011funu s\u00f6yledi.<\/p>\n<h3>Birol Ayd\u0131n: Art\u0131k T\u00fcrk sporcular\u0131 rakiplerin korkulu r\u00fcyas\u0131 olmu\u015f<\/h3>\n<p>T\u00fcrkiye \u00d6zel Sporcular Spor Federasyonu Ba\u015fkan\u0131 Birol Ayd\u0131n, tak\u0131m\u0131n k\u0131yas\u0131ya bir m\u00fccadele sonras\u0131nda Avrupa \u015fampiyonu olarak \u00fclkeye d\u00f6nd\u00fc\u011f\u00fcn\u00fc ve kendilerini \u00e7ok gururland\u0131rd\u0131\u011f\u0131n\u0131 dile getirdi. <\/p>\n<p>Ayd\u0131n, down sendromlu sporculara y\u00f6nelik alg\u0131lar\u0131n ge\u00e7mi\u015fe g\u00f6re \u00e7ok de\u011fi\u015fti\u011fini vurgulayarak, \u015funlar\u0131 kaydetti:<\/p>\n<p>&#8220;Y\u0131llar \u00f6nce evlere kapat\u0131lan, &#8216;hi\u00e7bir \u015fey olamaz&#8217; denilen bu \u00e7ocuklar\u0131n sporla nerelere geldi\u011fini \u0130talya&#8217;dan 85 milyon T\u00fcrkiye&#8217;ye g\u00f6stermi\u015f olduk. Y\u0131llar \u00f6nce oradaki ma\u00e7larda T\u00fcrk tak\u0131mlar\u0131 hep \u00fc\u00e7 s\u0131f\u0131r, be\u015f s\u0131f\u0131r yenilerek d\u00f6nerdi. T\u00fcrk sporcular\u0131 T\u00fcrkiye&#8217;nin parlayan, d\u00fcnyan\u0131n ise y\u00fckselen y\u0131ld\u0131z\u0131 oldu. Art\u0131k T\u00fcrk sporcular\u0131 rakiplerin korkulu r\u00fcyas\u0131 olmu\u015f. Gen\u00e7lik ve Spor Bakan\u0131m\u0131za, spor te\u015fkilat\u0131m\u0131za, bize g\u00fcvendi\u011fi, maddi ve manevi yan\u0131m\u0131zda oldu\u011fu i\u00e7in say\u0131n Cumhurba\u015fkan\u0131m Recep Tayyip Erdo\u011fan&#8217;a, antren\u00f6rlere, ailelere ve \u00e7ocuklar\u0131n al\u0131n terlerine te\u015fekk\u00fcr ediyorum. \u00c7ocuklar\u0131m\u0131z d\u00fcnyaya tertemiz sayfa olarak gelip tertemiz bir sayfa olarak g\u00f6\u00e7\u00fcp giderler. \u0130darecilerin imkan vermeleri gerekiyor. \u0130mkanlar sayesinde Avrupa&#8217;n\u0131n g\u00f6be\u011finde, Avrupal\u0131lar\u0131 yenerek, Avrupa \u015fampiyonu tak\u0131mla \u00fclkeye d\u00f6nmek \u00e7ok mutlu etti.&#8221;<\/p>\n<h3>\u0130brahim Acar: 2. Avrupa \u015fampiyonlu\u011fu bizim i\u00e7in \u00e7ok b\u00fcy\u00fck gurur<\/h3>\n<p>Down Sendromlu Futsal Milli Tak\u0131m\u0131 Teknik Direkt\u00f6r\u00fc \u0130brahim Acar, uzun s\u00fcren bir kamp s\u00fcreci oldu\u011funu, 2. kez Avrupa \u015fampiyonlu\u011funu kazanman\u0131n kendilerini \u00e7ok mutlu etti\u011fini ifade etti.<\/p>\n<p>Acar, Portekiz&#8217;i zorlu bir s\u00fcre\u00e7 sonras\u0131 yendiklerini s\u00f6yleyerek, &#8220;2. \u015fampiyonluk bizim i\u00e7in \u00e7ok b\u00fcy\u00fck gurur. \u00c7ocuklar\u0131m\u0131z \u00e7ok profesyonel. \u00dclkemize b\u00f6yle bir gururu ve mutlulu\u011fu Cumhuriyetin 100. y\u0131l\u0131nda ya\u015fatmaktan \u00e7ok mutluyuz. \u00c7ok \u00f6zel duygular. Gecenin ge\u00e7 saatlerinde bile arayanlar vard\u0131. Bu kupay\u0131 \u00fclkemize getirece\u011fimize inanarak gelmi\u015ftik. Son 2 dakika kala galibiyet gol\u00fcn\u00fc att\u0131k. Ben de \u00e7ok kendimde de\u011fildim. Tarif edilemez duygular, orada ya\u015famak gerekiyor. \u00d6n\u00fcm\u00fczde olimpiyatlar var.&#8221; de\u011ferlendirmesinde bulundu. <\/p>\n<p>                            <span class=\"detay-foto-editor\">&#13;<br \/>\n                                <a href=\"https:\/\/www.aa.com.tr\/tr\/p\/abonelik-talep-formu\/1001\" target=\"_blank\" style=\"font-size:12px; color:#444; text-decoration:none;\" rel=\"noopener\">&#13;<br \/>\n                                    Anadolu Ajans\u0131 web sitesinde, AA Haber Ak\u0131\u015f Sistemi (HAS) \u00fczerinden abonelere sunulan haberler, \u00f6zetlenerek yay\u0131mlanmaktad\u0131r. <b style=\"color:#1897F7\">Abonelik i\u00e7in l\u00fctfen ileti\u015fime ge\u00e7iniz.<\/b>&#13;<br \/>\n                                <\/a>&#13;<br \/>\n                            <\/span>\n                        <\/div>\n<p><script>\n\t  window.fbAsyncInit = function() {\n\t\tFB.init({\n\t\t  appId: '1855843514662870',\n\t\t  status : true, \/\/ check login status\n\t\t  cookie : true, \/\/ enable cookies to allow the server to access the session\n\t\t  xfbml  : true  \/\/ parse XFBML\n\t\t});\n\t  };<\/p>\n<p>\t  (function() {\n\t\tvar e = document.createElement('script');\n\t\te.src=\"https:\/\/connect.facebook.net\/tr_TR\/all.js\";\n\t\te.async = true;\n\t\tdocument.getElementById('fb-root').appendChild(e);\n\t  }());\n    <\/script><\/p>\n","protected":false},"excerpt":{"rendered":"<p>\u0130talya&#8217;da d\u00fczenlenen Down Sendromlular Avrupa \u015eampiyonas\u0131&#8217;ndan alt\u0131n madalya kazanan ve yurda d\u00f6nen Futsal Milli Tak\u0131m\u0131, Cumhuriyetin 100. y\u0131l\u0131nda &#8220;Kupa almadan d\u00f6nmeyece\u011fiz&#8221; s\u00f6z\u00fcn\u00fc tutman\u0131n gururunu ya\u015f\u0131yor. Padova kentinde ger\u00e7ekle\u015ftirilen organizasyonun final ma\u00e7\u0131nda Portekiz&#8217;i 2-1 yenerek \u015fampiyonlu\u011fa ula\u015fan ve yurda d\u00f6nen ekip Adnan Menderes Havaliman\u0131&#8217;nda AA muhabirine a\u00e7\u0131klamalarda bulundu. \u015eampiyonada en \u00e7ok gol atan sporcu Birkan Dikici [&hellip;]<\/p>\n","protected":false},"author":1,"featured_media":14122,"comment_status":"","ping_status":"","sticky":false,"template":"","format":"standard","meta":[],"categories":[48],"tags":[],"_links":{"self":[{"href":"https:\/\/kraios.app\/news\/wp-json\/wp\/v2\/posts\/14121"}],"collection":[{"href":"https:\/\/kraios.app\/news\/wp-json\/wp\/v2\/posts"}],"about":[{"href":"https:\/\/kraios.app\/news\/wp-json\/wp\/v2\/types\/post"}],"author":[{"embeddable":true,"href":"https:\/\/kraios.app\/news\/wp-json\/wp\/v2\/users\/1"}],"replies":[{"embeddable":true,"href":"https:\/\/kraios.app\/news\/wp-json\/wp\/v2\/comments?post=14121"}],"version-history":[{"count":0,"href":"https:\/\/kraios.app\/news\/wp-json\/wp\/v2\/posts\/14121\/revisions"}],"wp:featuredmedia":[{"embeddable":true,"href":"https:\/\/kraios.app\/news\/wp-json\/wp\/v2\/media\/14122"}],"wp:attachment":[{"href":"https:\/\/kraios.app\/news\/wp-json\/wp\/v2\/media?parent=14121"}],"wp:term":[{"taxonomy":"category","embeddable":true,"href":"https:\/\/kraios.app\/news\/wp-json\/wp\/v2\/categories?post=14121"},{"taxonomy":"post_tag","embeddable":true,"href":"https:\/\/kraios.app\/news\/wp-json\/wp\/v2\/tags?post=14121"}],"curies":[{"name":"wp","href":"https:\/\/api.w.org\/{rel}","templated":true}]}}