{"id":14115,"date":"2023-09-10T17:20:04","date_gmt":"2023-09-10T17:20:04","guid":{"rendered":"https:\/\/kraios.app\/news\/ekonomi\/2023\/09\/10\/sakarya-botanik-vadisinde-uretilen-biberiyede-yuksek-rekolte-bekleniyor\/"},"modified":"2023-09-10T17:20:04","modified_gmt":"2023-09-10T17:20:04","slug":"sakarya-botanik-vadisinde-uretilen-biberiyede-yuksek-rekolte-bekleniyor","status":"publish","type":"post","link":"https:\/\/kraios.app\/news\/ekonomi\/2023\/09\/10\/sakarya-botanik-vadisinde-uretilen-biberiyede-yuksek-rekolte-bekleniyor\/","title":{"rendered":"Sakarya Botanik Vadisi&#039;nde \u00fcretilen biberiyede y\u00fcksek rekolte bekleniyor"},"content":{"rendered":"<p> <br \/>\n<br \/>Sakarya B\u00fcy\u00fck\u015fehir Belediyesince olu\u015fturulan Sakarya Botanik Vadisi&#8217;nde yeti\u015ftirilen biberiyenin hasad\u0131na ba\u015fland\u0131.<br \/>\n<br \/><br \/>\n<br \/><a href=\"https:\/\/www.aa.com.tr\/tr\/ekonomi\/sakarya-botanik-vadisinde-uretilen-biberiyede-yuksek-rekolte-bekleniyor\/2988509\">Source link <\/a><\/p>\n","protected":false},"excerpt":{"rendered":"<p>Sakarya B\u00fcy\u00fck\u015fehir Belediyesince olu\u015fturulan Sakarya Botanik Vadisi&#8217;nde yeti\u015ftirilen biberiyenin hasad\u0131na ba\u015fland\u0131. Source link<\/p>\n","protected":false},"author":1,"featured_media":14116,"comment_status":"","ping_status":"","sticky":false,"template":"","format":"standard","meta":[],"categories":[44],"tags":[],"_links":{"self":[{"href":"https:\/\/kraios.app\/news\/wp-json\/wp\/v2\/posts\/14115"}],"collection":[{"href":"https:\/\/kraios.app\/news\/wp-json\/wp\/v2\/posts"}],"about":[{"href":"https:\/\/kraios.app\/news\/wp-json\/wp\/v2\/types\/post"}],"author":[{"embeddable":true,"href":"https:\/\/kraios.app\/news\/wp-json\/wp\/v2\/users\/1"}],"replies":[{"embeddable":true,"href":"https:\/\/kraios.app\/news\/wp-json\/wp\/v2\/comments?post=14115"}],"version-history":[{"count":0,"href":"https:\/\/kraios.app\/news\/wp-json\/wp\/v2\/posts\/14115\/revisions"}],"wp:featuredmedia":[{"embeddable":true,"href":"https:\/\/kraios.app\/news\/wp-json\/wp\/v2\/media\/14116"}],"wp:attachment":[{"href":"https:\/\/kraios.app\/news\/wp-json\/wp\/v2\/media?parent=14115"}],"wp:term":[{"taxonomy":"category","embeddable":true,"href":"https:\/\/kraios.app\/news\/wp-json\/wp\/v2\/categories?post=14115"},{"taxonomy":"post_tag","embeddable":true,"href":"https:\/\/kraios.app\/news\/wp-json\/wp\/v2\/tags?post=14115"}],"curies":[{"name":"wp","href":"https:\/\/api.w.org\/{rel}","templated":true}]}}