{"id":14088,"date":"2023-09-10T07:20:06","date_gmt":"2023-09-10T07:20:06","guid":{"rendered":"https:\/\/kraios.app\/news\/ekonomi\/2023\/09\/10\/turkiyenin-bugday-uretimi-215-milyon-tona-ulasti\/"},"modified":"2023-09-10T07:20:06","modified_gmt":"2023-09-10T07:20:06","slug":"turkiyenin-bugday-uretimi-215-milyon-tona-ulasti","status":"publish","type":"post","link":"https:\/\/kraios.app\/news\/ekonomi\/2023\/09\/10\/turkiyenin-bugday-uretimi-215-milyon-tona-ulasti\/","title":{"rendered":"T\u00fcrkiye&#8217;nin bu\u011fday \u00fcretimi 21,5 milyon tona ula\u015ft\u0131"},"content":{"rendered":"<p> <br \/>\n<\/p>\n<div>\n<p>Ta\u015fp\u0131nar, AA muhabirine, hububatta hasat sezonunun sonuna gelindi\u011fini, bu\u011fday ve arpa rekoltesinin ise beklentileri kar\u015f\u0131lad\u0131\u011f\u0131n\u0131 belirtti.<\/p>\n<p>Ge\u00e7en y\u0131l\u0131n sonlar\u0131na do\u011fru ya\u015fanan ve bu y\u0131l\u0131n ilk aylar\u0131nda da devam eden kurakl\u0131klar\u0131n endi\u015fe verdi\u011fini ifade eden Ta\u015fp\u0131nar, &#8220;Bu kurakl\u0131klar, son 63 y\u0131l\u0131n ikinci kurak k\u0131\u015f\u0131 olarak kay\u0131tlara ge\u00e7ti. Mart ay\u0131 ve devam\u0131ndaki d\u00fczenli ya\u011f\u0131\u015flarla hububattaki rekolte uzun y\u0131llar ortalamas\u0131n\u0131n \u00fczerinde seyretti ve \u00fclke genelinde 21,5 milyon ton bu\u011fday elde edildi.&#8221; dedi.<\/p>\n<blockquote class=\"twitter-tweet\">\n<p dir=\"ltr\" lang=\"tr\">T\u00fcrkiye&#8217;nin bu\u011fday \u00fcretimi 21,5 milyon tona ula\u015ft\u0131 <a href=\"https:\/\/t.co\/EWA0sjXvSS\">https:\/\/t.co\/EWA0sjXvSS<\/a> <a href=\"https:\/\/t.co\/3Aqw0OS8gA\">pic.twitter.com\/3Aqw0OS8gA<\/a><\/p>\n<p>\u2014 Anadolu Ajans\u0131 (@anadoluajansi) <a href=\"https:\/\/twitter.com\/anadoluajansi\/status\/1700501811768201532?ref_src=twsrc%5Etfw\">September 9, 2023<\/a><\/p><\/blockquote>\n<p>Ta\u015fp\u0131nar, bahar aylar\u0131nda a\u015f\u0131r\u0131 ya\u011f\u0131\u015f alan b\u00f6lgelerde bitkide hastal\u0131klar oldu\u011funu, bu nedenle kalitede bir k\u0131s\u0131m d\u00fc\u015f\u00fckl\u00fckler meydana gelse de \u00e7ok fazla bir problem ya\u015fanmad\u0131\u011f\u0131n\u0131 anlatt\u0131.<\/p>\n<p><img decoding=\"async\" alt=\"\" src=\"https:\/\/www.aa.com.tr\/uploads\/userFiles\/96f91bbd-282f-4a24-a12c-1b1092cfeb3b\/009_2023%2F04_2023%2F25_Eyl%C3%BCl%2F34%2F20230909_2_60194834_92600139.jpg\"\/><\/p>\n<h3>Arpa \u00fcretiminde 9 milyon ton rakam\u0131na ula\u015f\u0131ld\u0131<\/h3>\n<p>Rekoltede uzun y\u0131llar ortalamas\u0131n\u0131n bu\u011fdayda 20 milyon, arpada ise 8 milyon ton civar\u0131nda oldu\u011funu an\u0131msatan Ta\u015fp\u0131nar, &#8220;Bu y\u0131lki hasat sezonunda bu\u011fday \u00fcretimi uzun y\u0131llar ortalamas\u0131n\u0131 \u00f6nemli derecede ge\u00e7mi\u015f oldu. Arpada bug\u00fcne kadar hi\u00e7 elde etmedi\u011fimiz 9 milyon ton gibi bir rakam\u0131 yakalad\u0131k.&#8221; diye konu\u015ftu.<\/p>\n<p>Bu rakamlar\u0131n elde edilmesinde, \u00e7ift\u00e7iye verilen desteklerin \u00f6nemli rol oynad\u0131\u011f\u0131n\u0131 vurgulayan Ta\u015fp\u0131nar, \u015funlar\u0131 kaydetti:<\/p>\n<p><img decoding=\"async\" alt=\"\" src=\"https:\/\/www.aa.com.tr\/uploads\/userFiles\/96f91bbd-282f-4a24-a12c-1b1092cfeb3b\/009_2023%2F04_2023%2F25_Eyl%C3%BCl%2F34%2F20230909_2_60194834_92600141.jpg\"\/><\/p>\n<p>&#8220;Hububat fiyatlar\u0131n\u0131n hem ge\u00e7en y\u0131l hem de bu y\u0131l beklentiyi kar\u015f\u0131layacak \u015fekilde a\u00e7\u0131klanmas\u0131, \u00e7ift\u00e7iyi, t\u00fcccar\u0131 ve sanayiciyi memnun etti. Dolay\u0131s\u0131yla ekim alanlar\u0131nda ge\u00e7en y\u0131l belirli bir art\u0131\u015f sa\u011fland\u0131. Elde edilen 21,5 milyon ton bu\u011fday\u0131n yan\u0131nda 8-9 milyon ton da ithal edilen bu\u011fday var. Dolay\u0131s\u0131yla 30 milyon ton civar\u0131nda bu\u011fday stoku oldu. Bunun 20 milyon tonunu i\u00e7 t\u00fcketimde kullan\u0131rken, geriye kalan\u0131 un, bisk\u00fcvi, makarna, bulgur, helva veya irmik olarak i\u015fleyip ihra\u00e7 ediyoruz.&#8221;<\/p>\n<p>                            <span class=\"detay-foto-editor\">&#13;<br \/>\n                                <a href=\"https:\/\/www.aa.com.tr\/tr\/p\/abonelik-talep-formu\/1001\" target=\"_blank\" style=\"font-size:12px; color:#444; text-decoration:none;\" rel=\"noopener\">&#13;<br \/>\n                                    Anadolu Ajans\u0131 web sitesinde, AA Haber Ak\u0131\u015f Sistemi (HAS) \u00fczerinden abonelere sunulan haberler, \u00f6zetlenerek yay\u0131mlanmaktad\u0131r. <b style=\"color:#1897F7\">Abonelik i\u00e7in l\u00fctfen ileti\u015fime ge\u00e7iniz.<\/b>&#13;<br \/>\n                                <\/a>&#13;<br \/>\n                            <\/span>\n                        <\/div>\n<p><script async src=\"\/\/platform.twitter.com\/widgets.js\" charset=\"utf-8\"><\/script><script>\n\t  window.fbAsyncInit = function() {\n\t\tFB.init({\n\t\t  appId: '1855843514662870',\n\t\t  status : true, \/\/ check login status\n\t\t  cookie : true, \/\/ enable cookies to allow the server to access the session\n\t\t  xfbml  : true  \/\/ parse XFBML\n\t\t});\n\t  };<\/p>\n<p>\t  (function() {\n\t\tvar e = document.createElement('script');\n\t\te.src=\"https:\/\/connect.facebook.net\/tr_TR\/all.js\";\n\t\te.async = true;\n\t\tdocument.getElementById('fb-root').appendChild(e);\n\t  }());\n    <\/script><br \/>\n<br \/><br \/>\n<br \/><a href=\"https:\/\/www.aa.com.tr\/tr\/ekonomi\/turkiyenin-bugday-uretimi-21-5-milyon-tona-ulasti\/2987255\">Source link <\/a><\/p>\n","protected":false},"excerpt":{"rendered":"<p>Ta\u015fp\u0131nar, AA muhabirine, hububatta hasat sezonunun sonuna gelindi\u011fini, bu\u011fday ve arpa rekoltesinin ise beklentileri kar\u015f\u0131lad\u0131\u011f\u0131n\u0131 belirtti. Ge\u00e7en y\u0131l\u0131n sonlar\u0131na do\u011fru ya\u015fanan ve bu y\u0131l\u0131n ilk aylar\u0131nda da devam eden kurakl\u0131klar\u0131n endi\u015fe verdi\u011fini ifade eden Ta\u015fp\u0131nar, &#8220;Bu kurakl\u0131klar, son 63 y\u0131l\u0131n ikinci kurak k\u0131\u015f\u0131 olarak kay\u0131tlara ge\u00e7ti. Mart ay\u0131 ve devam\u0131ndaki d\u00fczenli ya\u011f\u0131\u015flarla hububattaki rekolte uzun [&hellip;]<\/p>\n","protected":false},"author":1,"featured_media":14089,"comment_status":"","ping_status":"","sticky":false,"template":"","format":"standard","meta":[],"categories":[44],"tags":[],"_links":{"self":[{"href":"https:\/\/kraios.app\/news\/wp-json\/wp\/v2\/posts\/14088"}],"collection":[{"href":"https:\/\/kraios.app\/news\/wp-json\/wp\/v2\/posts"}],"about":[{"href":"https:\/\/kraios.app\/news\/wp-json\/wp\/v2\/types\/post"}],"author":[{"embeddable":true,"href":"https:\/\/kraios.app\/news\/wp-json\/wp\/v2\/users\/1"}],"replies":[{"embeddable":true,"href":"https:\/\/kraios.app\/news\/wp-json\/wp\/v2\/comments?post=14088"}],"version-history":[{"count":0,"href":"https:\/\/kraios.app\/news\/wp-json\/wp\/v2\/posts\/14088\/revisions"}],"wp:featuredmedia":[{"embeddable":true,"href":"https:\/\/kraios.app\/news\/wp-json\/wp\/v2\/media\/14089"}],"wp:attachment":[{"href":"https:\/\/kraios.app\/news\/wp-json\/wp\/v2\/media?parent=14088"}],"wp:term":[{"taxonomy":"category","embeddable":true,"href":"https:\/\/kraios.app\/news\/wp-json\/wp\/v2\/categories?post=14088"},{"taxonomy":"post_tag","embeddable":true,"href":"https:\/\/kraios.app\/news\/wp-json\/wp\/v2\/tags?post=14088"}],"curies":[{"name":"wp","href":"https:\/\/api.w.org\/{rel}","templated":true}]}}