{"id":14074,"date":"2023-09-10T03:20:07","date_gmt":"2023-09-10T03:20:07","guid":{"rendered":"https:\/\/kraios.app\/news\/ekonomi\/2023\/09\/10\/cinin-iphone-yasagi-karari-tedarikci-cinli-sirketleri-de-vurabilir\/"},"modified":"2023-09-10T03:20:07","modified_gmt":"2023-09-10T03:20:07","slug":"cinin-iphone-yasagi-karari-tedarikci-cinli-sirketleri-de-vurabilir","status":"publish","type":"post","link":"https:\/\/kraios.app\/news\/ekonomi\/2023\/09\/10\/cinin-iphone-yasagi-karari-tedarikci-cinli-sirketleri-de-vurabilir\/","title":{"rendered":"\u00c7in&#8217;in iPhone yasa\u011f\u0131 karar\u0131 tedarik\u00e7i \u00c7inli \u015firketleri de vurabilir"},"content":{"rendered":"<p> <br \/>\n<\/p>\n<div>\n<p>ABD&#8217;nin Wall Street Journal (WSJ) gazetesi, \u00c7in&#8217;de h\u00fck\u00fcmete ba\u011fl\u0131 kurum ve kurulu\u015flarda \u00e7al\u0131\u015fanlara, Apple&#8217;\u0131n iPhone model ak\u0131ll\u0131 telefonlar\u0131 ve di\u011fer yabanc\u0131 markalara ait modelleri, i\u015f i\u00e7in kullanmamalar\u0131 ve i\u015f yerine getirmemeleri talimat\u0131 verildi\u011fini ileri s\u00fcrd\u00fc.<\/p>\n<p>Haberde, Pekin&#8217;in y\u0131llardan beri baz\u0131 kritik kamu kurumlar\u0131ndaki g\u00f6revlilerin iPhone kullan\u0131m\u0131n\u0131 k\u0131s\u0131tlad\u0131\u011f\u0131, son talimat\u0131n uygulamay\u0131 daha yayg\u0131n hale getirdi\u011fi iddias\u0131na yer verildi.<\/p>\n<p>Tedbirin, Pekin y\u00f6netiminin son d\u00f6nemde teknolojide d\u0131\u015fa ba\u011f\u0131ml\u0131l\u0131\u011f\u0131 azaltma ve siber g\u00fcvenli\u011fi art\u0131rmaya y\u00f6nelik \u00e7abalar\u0131n\u0131n par\u00e7as\u0131 oldu\u011fu de\u011ferlendiriliyor.<\/p>\n<p>\u00c7in&#8217;in ad\u0131mlar\u0131n\u0131n, ABD&#8217;nin \u00c7inli teknoloji \u015firketi Huawei ve sosyal medya platformu TikTok&#8217;a getirdi\u011fi benzeri yasaklar\u0131n ard\u0131ndan gelmesi dikkati \u00e7ekti. ABD ile \u00c7in aras\u0131ndaki gerilimlere ra\u011fmen Apple, \u00c7in&#8217;de ak\u0131ll\u0131 telefon sat\u0131\u015flar\u0131nda y\u00fczde 22 ile en b\u00fcy\u00fck paya sahip.<\/p>\n<p>Ak\u0131ll\u0131 telefonlar\u0131n\u0131n \u00f6nemli b\u00f6l\u00fcm\u00fcn\u00fc ta\u015feron \u015firketler arac\u0131l\u0131\u011f\u0131yla \u00c7in&#8217;de \u00fcreten \u015firket, gelirinin de y\u00fczde 19&#8217;unu \u00c7in pazar\u0131ndan sa\u011fl\u0131yor.<\/p>\n<p>\u00d6te yandan bu yasa\u011f\u0131n \u00c7in&#8217;de iPhone&#8217;a par\u00e7a, \u00fcr\u00fcn tedarik eden \u00e7ip \u015firketlerini, teknoloji \u015firketlerini, yan sanayi \u015firketlerini olumsuz etkileme durumuna dair ihtimaller de bulunuyor.<\/p>\n<h3>&#8220;Kamu personelinin talebinin d\u00fc\u015fmesi iPhone gelirine \u00f6nemli etki yapmaz&#8221;<\/h3>\n<p>Asya Piyasalar\u0131 Uzman\u0131 S\u00fcleyman Mete \u00d6zbalaban, \u00c7in&#8217;de kamu personelinin talebinin d\u00fc\u015fmesinin iPhone&#8217;un gelirine \u00f6nemli bir etki yapmayaca\u011f\u0131 \u00f6ng\u00f6r\u00fcs\u00fcnde bulundu.<\/p>\n<p>Fakat Huawei&#8217;in ios yerine HarmonyOS adl\u0131 bir sistem \u00fcretti\u011fini belirten \u00d6zbalaban, \u00c7in&#8217;in bu sistemi kullanacak gibi g\u00f6z\u00fckt\u00fc\u011f\u00fcn\u00fc ifade etti.<\/p>\n<p>\u00d6zbalaban, dolay\u0131s\u0131yla bu sistem devreye girince kamu personeline iPhone&#8217;un yasaklanmas\u0131n\u0131n Huawei&#8217;in yeni sistemine ortam haz\u0131rlanmas\u0131n\u0131n ilk a\u015famas\u0131 olabilece\u011fini aktard\u0131.<\/p>\n<p>B\u00f6ylece iPhone&#8217;a olan talebin ciddi oranda d\u00fc\u015febilece\u011fini dile getiren \u00d6zbalaban, \u00e7\u00fcnk\u00fc \u00c7in&#8217;in d\u00fcnyadaki en b\u00fcy\u00fck telefon pazar\u0131 oldu\u011funu s\u00f6yledi.<\/p>\n<p>\u00d6zbalaban, bu bak\u0131mdan iPhone ile ba\u011flant\u0131l\u0131 t\u00fcm \u015firketlerin \u00c7in&#8217;in yasa\u011f\u0131ndan olumsuz etkilenebilece\u011fini kaydetti.<\/p>\n<p>                            <span class=\"detay-foto-editor\">&#13;<br \/>\n                                <a href=\"https:\/\/www.aa.com.tr\/tr\/p\/abonelik-talep-formu\/1001\" target=\"_blank\" style=\"font-size:12px; color:#444; text-decoration:none;\" rel=\"noopener\">&#13;<br \/>\n                                    Anadolu Ajans\u0131 web sitesinde, AA Haber Ak\u0131\u015f Sistemi (HAS) \u00fczerinden abonelere sunulan haberler, \u00f6zetlenerek yay\u0131mlanmaktad\u0131r. <b style=\"color:#1897F7\">Abonelik i\u00e7in l\u00fctfen ileti\u015fime ge\u00e7iniz.<\/b>&#13;<br \/>\n                                <\/a>&#13;<br \/>\n                            <\/span>\n                        <\/div>\n<p><script>\n\t  window.fbAsyncInit = function() {\n\t\tFB.init({\n\t\t  appId: '1855843514662870',\n\t\t  status : true, \/\/ check login status\n\t\t  cookie : true, \/\/ enable cookies to allow the server to access the session\n\t\t  xfbml  : true  \/\/ parse XFBML\n\t\t});\n\t  };<\/p>\n<p>\t  (function() {\n\t\tvar e = document.createElement('script');\n\t\te.src=\"https:\/\/connect.facebook.net\/tr_TR\/all.js\";\n\t\te.async = true;\n\t\tdocument.getElementById('fb-root').appendChild(e);\n\t  }());\n    <\/script><br \/>\n<br \/><br \/>\n<br \/><a href=\"https:\/\/www.aa.com.tr\/tr\/ekonomi\/cinin-iphone-yasagi-karari-tedarikci-cinli-sirketleri-de-vurabilir\/2987257\">Source link <\/a><\/p>\n","protected":false},"excerpt":{"rendered":"<p>ABD&#8217;nin Wall Street Journal (WSJ) gazetesi, \u00c7in&#8217;de h\u00fck\u00fcmete ba\u011fl\u0131 kurum ve kurulu\u015flarda \u00e7al\u0131\u015fanlara, Apple&#8217;\u0131n iPhone model ak\u0131ll\u0131 telefonlar\u0131 ve di\u011fer yabanc\u0131 markalara ait modelleri, i\u015f i\u00e7in kullanmamalar\u0131 ve i\u015f yerine getirmemeleri talimat\u0131 verildi\u011fini ileri s\u00fcrd\u00fc. Haberde, Pekin&#8217;in y\u0131llardan beri baz\u0131 kritik kamu kurumlar\u0131ndaki g\u00f6revlilerin iPhone kullan\u0131m\u0131n\u0131 k\u0131s\u0131tlad\u0131\u011f\u0131, son talimat\u0131n uygulamay\u0131 daha yayg\u0131n hale getirdi\u011fi iddias\u0131na [&hellip;]<\/p>\n","protected":false},"author":1,"featured_media":14075,"comment_status":"","ping_status":"","sticky":false,"template":"","format":"standard","meta":[],"categories":[44],"tags":[],"_links":{"self":[{"href":"https:\/\/kraios.app\/news\/wp-json\/wp\/v2\/posts\/14074"}],"collection":[{"href":"https:\/\/kraios.app\/news\/wp-json\/wp\/v2\/posts"}],"about":[{"href":"https:\/\/kraios.app\/news\/wp-json\/wp\/v2\/types\/post"}],"author":[{"embeddable":true,"href":"https:\/\/kraios.app\/news\/wp-json\/wp\/v2\/users\/1"}],"replies":[{"embeddable":true,"href":"https:\/\/kraios.app\/news\/wp-json\/wp\/v2\/comments?post=14074"}],"version-history":[{"count":0,"href":"https:\/\/kraios.app\/news\/wp-json\/wp\/v2\/posts\/14074\/revisions"}],"wp:featuredmedia":[{"embeddable":true,"href":"https:\/\/kraios.app\/news\/wp-json\/wp\/v2\/media\/14075"}],"wp:attachment":[{"href":"https:\/\/kraios.app\/news\/wp-json\/wp\/v2\/media?parent=14074"}],"wp:term":[{"taxonomy":"category","embeddable":true,"href":"https:\/\/kraios.app\/news\/wp-json\/wp\/v2\/categories?post=14074"},{"taxonomy":"post_tag","embeddable":true,"href":"https:\/\/kraios.app\/news\/wp-json\/wp\/v2\/tags?post=14074"}],"curies":[{"name":"wp","href":"https:\/\/api.w.org\/{rel}","templated":true}]}}