{"id":14071,"date":"2023-09-10T01:20:08","date_gmt":"2023-09-10T01:20:08","guid":{"rendered":"https:\/\/kraios.app\/news\/yasam\/2023\/09\/10\/bir-kitap-da-benden-projesi-ile-depremzedelere-300-binden-fazla-kitap-ulasti\/"},"modified":"2023-09-10T01:20:08","modified_gmt":"2023-09-10T01:20:08","slug":"bir-kitap-da-benden-projesi-ile-depremzedelere-300-binden-fazla-kitap-ulasti","status":"publish","type":"post","link":"https:\/\/kraios.app\/news\/yasam\/2023\/09\/10\/bir-kitap-da-benden-projesi-ile-depremzedelere-300-binden-fazla-kitap-ulasti\/","title":{"rendered":"&#8220;Bir Kitap da Benden Projesi&#8221; ile depremzedelere 300 binden fazla kitap ula\u015ft\u0131"},"content":{"rendered":"<p><\/p>\n<div>\n<p>TDED&#8217;den yap\u0131lan a\u00e7\u0131klamaya g\u00f6re, \u0130stanbul Valili\u011finin deste\u011fiyle hayata ge\u00e7irilen proje ile \u00f6zellikle \u00e7ocuklar\u0131n ve gen\u00e7lerin deprem sonras\u0131 ya\u015fad\u0131klar\u0131 zor d\u00f6nemi en do\u011fru ve verimli \u015fekilde atlatmas\u0131na destek olmak ve iyile\u015fme s\u00fcrecine katk\u0131da bulunmak ama\u00e7land\u0131.<\/p>\n<p>Gezici k\u00fct\u00fcphanelerle 320 konteyner kente, k\u00f6ylere ve merkezden uzak yerlere kitap, k\u00fct\u00fcphane ve kitaba y\u00f6nelik etkinlikler ta\u015f\u0131narak \u00e7ocuk ve gen\u00e7lerin sosyalle\u015fmesi, sosyal psikolojilerinin iyile\u015ftirilmesi, dayan\u0131\u015fma \u015fuurunun art\u0131r\u0131lmas\u0131 sa\u011fland\u0131.<\/p>\n<p><img decoding=\"async\" alt=\"\" src=\"https:\/\/www.aa.com.tr\/uploads\/userFiles\/96f91bbd-282f-4a24-a12c-1b1092cfeb3b\/009_2023%2F04_2023%2F25_Eyl%C3%BCl%2F07%2F20230909_2_60200527_92611071.jpg\"\/><\/p>\n<h3>&#8220;Deprem b\u00f6lgesi kitapla bulu\u015fsun istedik&#8221;<\/h3>\n<p>A\u00e7\u0131klamada g\u00f6r\u00fc\u015flerine yer verilen TDED Genel Ba\u015fkan\u0131 Ekrem Erdem, TDED&#8217;in &#8220;Dilimiz Kimli\u011fimizdir&#8221; \u015fiar\u0131yla faaliyetlerde bulunmak amac\u0131yla kuruldu\u011funu belirterek &#8220;T\u00fcrkiye Dil ve Edebiyat Derne\u011fi olarak bu seferberlikte \u00fczerimize d\u00fc\u015feni yerine getirmek i\u00e7in &#8216;Bir Kitap da Benden Projesi&#8217;ni hayata ge\u00e7irdik. \u0130stedik ki deprem b\u00f6lgesinde yeti\u015fen yeni nesillerimiz dilimizi ve k\u00fclt\u00fcr\u00fcm\u00fcz\u00fc en g\u00fczel \u015fekilde yans\u0131tan edebi ve bilgilendirici kitaplarla bulu\u015fsun.&#8221; ifadelerini kulland\u0131.<\/p>\n<p>Ba\u011f\u0131\u015f kampanyas\u0131 yoluyla toplanan kitaplar\u0131n iki gezici k\u00fct\u00fcphane arac\u0131l\u0131\u011f\u0131yla depremden etkilenen 11 ildeki \u00e7ocuklara ve gen\u00e7lere hediye edildi\u011fini aktaran Erdem, &#8220;K\u00fct\u00fcphanelerimizin u\u011frad\u0131\u011f\u0131 her noktada b\u00fcy\u00fck ilgiyle kar\u015f\u0131land\u0131\u011f\u0131 i\u00e7in m\u00fcsterihiz. Bu ilgiden ve hediye kitap sevincinden anlad\u0131\u011f\u0131m\u0131z, \u00f6nemli bir bo\u015flu\u011fu doldurdu\u011fumuzdur.&#8221; de\u011ferlendirmesini yapt\u0131.<\/p>\n<p><img decoding=\"async\" alt=\"\" src=\"https:\/\/www.aa.com.tr\/uploads\/userFiles\/96f91bbd-282f-4a24-a12c-1b1092cfeb3b\/009_2023%2F04_2023%2F25_Eyl%C3%BCl%2F07%2F20230909_2_60200527_92611072.jpg\"\/><\/p>\n<p>S\u00fcrece ili\u015fkin bilgiler payla\u015fan Erdem, \u015funlar\u0131 kaydetti:<\/p>\n<p>\u200b\u200b\u200b\u200b\u200b\u200b\u200b&#8221;\u0130\u00e7i\u015fleri Bakanl\u0131\u011f\u0131 Sivil Toplumla \u0130li\u015fkiler Genel M\u00fcd\u00fcrl\u00fc\u011f\u00fc deste\u011fiyle hayata ge\u00e7irdi\u011fimiz proje i\u00e7in \u0130stanbul \u0130l Milli E\u011fitim M\u00fcd\u00fcrl\u00fc\u011f\u00fc deste\u011fiyle okullarda kitap ba\u011f\u0131\u015f kampanyas\u0131 d\u00fczenlendi. Y\u00fczbinlerce kitap \u0130stanbul Ey\u00fcpsultan&#8217;daki dernek Genel Merkezimizde topland\u0131. Yazarlar, edebiyat\u00e7\u0131lar, edit\u00f6rler, dernek y\u00f6neticileri ve alan\u0131nda uzman g\u00f6n\u00fcll\u00fcler bir araya gelerek kitaplar\u0131 tasnif etti ve da\u011f\u0131t\u0131ma haz\u0131r hale getirdi. T\u0131rlarla deprem b\u00f6lgemize ula\u015fan kitaplar, b\u00f6lgeyi kar\u0131\u015f kar\u0131\u015f dola\u015fan gezici k\u00fct\u00fcphanelerimizle \u00e7ocuk ve gen\u00e7lerimize hediye edildi.&#8221;<\/p>\n<p><img decoding=\"async\" alt=\"\" src=\"https:\/\/www.aa.com.tr\/uploads\/userFiles\/96f91bbd-282f-4a24-a12c-1b1092cfeb3b\/009_2023%2F04_2023%2F25_Eyl%C3%BCl%2F07%2F20230909_2_60200527_92611073.jpg\"\/><\/p>\n<p>Gezici k\u00fct\u00fcphanenin eyl\u00fcl\u00fcn ilk haftas\u0131na kadar seyahatini s\u00fcrd\u00fcrd\u00fc\u011f\u00fcne i\u015faret eden Erdem, &#8220;\u00c7ocuklar\u0131m\u0131z\u0131n ve gen\u00e7lerimizin, ilgi alanlar\u0131na ve ihtiya\u00e7lar\u0131na y\u00f6nelik do\u011fru eserleri se\u00e7ebilmesini kolayla\u015ft\u0131rmak ad\u0131na, her ilimizin Aile ve Sosyal Hizmetler M\u00fcd\u00fcrl\u00fcklerinden tahsis edilen psikososyal destek ekipleri rehberlik etti. Gezici k\u00fct\u00fcphanelerimizin faaliyetiyle s\u0131n\u0131rl\u0131 kalmayan projemiz arac\u0131l\u0131\u011f\u0131yla deprem illerimizde kal\u0131c\u0131 konteyner kent-k\u00fct\u00fcphaneleri kurduk ve a\u00e7\u0131l\u0131\u015flar\u0131n\u0131 ger\u00e7ekle\u015ftirdik. B\u00f6lgede kitap talep eden okullar\u0131n k\u00fct\u00fcphanelerine kitap ba\u011f\u0131\u015f\u0131nda bulunduk.&#8221; ifadelerini kulland\u0131.<\/p>\n<p><img decoding=\"async\" alt=\"\" src=\"https:\/\/www.aa.com.tr\/uploads\/userFiles\/96f91bbd-282f-4a24-a12c-1b1092cfeb3b\/009_2023%2F04_2023%2F25_Eyl%C3%BCl%2F07%2F20230909_2_60200527_92611074.jpg\"\/><\/p>\n<h3>313 bin 600 kitap da\u011f\u0131t\u0131ld\u0131<\/h3>\n<p>Gezici k\u00fct\u00fcphanelerdeki kitaplar, depremden etkilenen 11 ildeki \u00e7ocuklara hediye edildi.<\/p>\n<p>Proje kapsam\u0131nda Hatay, Adana, Kahramanmara\u015f, Ad\u0131yaman, Malatya, Elaz\u0131\u011f ve Diyarbak\u0131r&#8217;da kurulan 21 kal\u0131c\u0131 k\u00fct\u00fcphaneye 128 bin 600 kitap teslim edildi.<\/p>\n<p>Bu \u015fehirlere ilave olarak Gaziantep, Kilis, Osmaniye ve \u015eanl\u0131urfa&#8217;daki gezici k\u00fct\u00fcphaneler arac\u0131l\u0131\u011f\u0131yla da 185 bin kitap da\u011f\u0131t\u0131l\u0131rken toplamda 313 bin 600 kitap okuyucuyla bulu\u015ftu.<\/p>\n<p>                            <span class=\"detay-foto-editor\">&#13;<br \/>\n                                <a href=\"https:\/\/www.aa.com.tr\/tr\/p\/abonelik-talep-formu\/1001\" target=\"_blank\" style=\"font-size:12px; color:#444; text-decoration:none;\" rel=\"noopener\">&#13;<br \/>\n                                    Anadolu Ajans\u0131 web sitesinde, AA Haber Ak\u0131\u015f Sistemi (HAS) \u00fczerinden abonelere sunulan haberler, \u00f6zetlenerek yay\u0131mlanmaktad\u0131r. <b style=\"color:#1897F7\">Abonelik i\u00e7in l\u00fctfen ileti\u015fime ge\u00e7iniz.<\/b>&#13;<br \/>\n                                <\/a>&#13;<br \/>\n                            <\/span>\n                        <\/div>\n<p><script>\n\t  window.fbAsyncInit = function() {\n\t\tFB.init({\n\t\t  appId: '1855843514662870',\n\t\t  status : true, \/\/ check login status\n\t\t  cookie : true, \/\/ enable cookies to allow the server to access the session\n\t\t  xfbml  : true  \/\/ parse XFBML\n\t\t});\n\t  };<\/p>\n<p>\t  (function() {\n\t\tvar e = document.createElement('script');\n\t\te.src=\"https:\/\/connect.facebook.net\/tr_TR\/all.js\";\n\t\te.async = true;\n\t\tdocument.getElementById('fb-root').appendChild(e);\n\t  }());\n    <\/script><\/p>\n","protected":false},"excerpt":{"rendered":"<p>TDED&#8217;den yap\u0131lan a\u00e7\u0131klamaya g\u00f6re, \u0130stanbul Valili\u011finin deste\u011fiyle hayata ge\u00e7irilen proje ile \u00f6zellikle \u00e7ocuklar\u0131n ve gen\u00e7lerin deprem sonras\u0131 ya\u015fad\u0131klar\u0131 zor d\u00f6nemi en do\u011fru ve verimli \u015fekilde atlatmas\u0131na destek olmak ve iyile\u015fme s\u00fcrecine katk\u0131da bulunmak ama\u00e7land\u0131. Gezici k\u00fct\u00fcphanelerle 320 konteyner kente, k\u00f6ylere ve merkezden uzak yerlere kitap, k\u00fct\u00fcphane ve kitaba y\u00f6nelik etkinlikler ta\u015f\u0131narak \u00e7ocuk ve gen\u00e7lerin sosyalle\u015fmesi, [&hellip;]<\/p>\n","protected":false},"author":1,"featured_media":14072,"comment_status":"","ping_status":"","sticky":false,"template":"","format":"standard","meta":[],"categories":[50],"tags":[],"_links":{"self":[{"href":"https:\/\/kraios.app\/news\/wp-json\/wp\/v2\/posts\/14071"}],"collection":[{"href":"https:\/\/kraios.app\/news\/wp-json\/wp\/v2\/posts"}],"about":[{"href":"https:\/\/kraios.app\/news\/wp-json\/wp\/v2\/types\/post"}],"author":[{"embeddable":true,"href":"https:\/\/kraios.app\/news\/wp-json\/wp\/v2\/users\/1"}],"replies":[{"embeddable":true,"href":"https:\/\/kraios.app\/news\/wp-json\/wp\/v2\/comments?post=14071"}],"version-history":[{"count":0,"href":"https:\/\/kraios.app\/news\/wp-json\/wp\/v2\/posts\/14071\/revisions"}],"wp:featuredmedia":[{"embeddable":true,"href":"https:\/\/kraios.app\/news\/wp-json\/wp\/v2\/media\/14072"}],"wp:attachment":[{"href":"https:\/\/kraios.app\/news\/wp-json\/wp\/v2\/media?parent=14071"}],"wp:term":[{"taxonomy":"category","embeddable":true,"href":"https:\/\/kraios.app\/news\/wp-json\/wp\/v2\/categories?post=14071"},{"taxonomy":"post_tag","embeddable":true,"href":"https:\/\/kraios.app\/news\/wp-json\/wp\/v2\/tags?post=14071"}],"curies":[{"name":"wp","href":"https:\/\/api.w.org\/{rel}","templated":true}]}}