{"id":13984,"date":"2023-09-08T23:20:07","date_gmt":"2023-09-08T23:20:07","guid":{"rendered":"https:\/\/kraios.app\/news\/spor\/2023\/09\/08\/ozel-sporcu-milli-atlet-emirhan-akcakocadan-avrupa-sampiyonasinda-dunya-rekoru\/"},"modified":"2023-09-08T23:20:07","modified_gmt":"2023-09-08T23:20:07","slug":"ozel-sporcu-milli-atlet-emirhan-akcakocadan-avrupa-sampiyonasinda-dunya-rekoru","status":"publish","type":"post","link":"https:\/\/kraios.app\/news\/spor\/2023\/09\/08\/ozel-sporcu-milli-atlet-emirhan-akcakocadan-avrupa-sampiyonasinda-dunya-rekoru\/","title":{"rendered":"\u00d6zel sporcu milli atlet Emirhan Ak\u00e7akoca&#8217;dan Avrupa \u015eampiyonas\u0131&#8217;nda d\u00fcnya rekoru"},"content":{"rendered":"<p><\/p>\n<div>\n<p>Down sendromlu \u00f6zel sporculardan milli atlet <strong>Emirhan Ak\u00e7akoca<\/strong>, \u0130talya&#8217;da d\u00fczenlenen Avrupa \u015eampiyonas\u0131&#8217;nda kendisine ait olan d\u00fcnya rekorunu geli\u015ftirdi.<\/p>\n<p>Padova kentindeki <strong>Down Sendromlular Avrupa \u015eampiyonas\u0131<\/strong>&#8216;nda ay-y\u0131ld\u0131zl\u0131 atletlerden Emirhan, 100 metre, uzun atlama ve g\u00fclle atmadan olu\u015fan triatlonda (3&#8217;l\u00fc yar\u0131\u015f) 2298 puanla kendisine ait olan d\u00fcnya rekorunu, bug\u00fcn yapt\u0131\u011f\u0131 2320 puanl\u0131k derecesiyle k\u0131rd\u0131 ve alt\u0131n madalyan\u0131n sahibi oldu.<\/p>\n<p>Emirhan&#8217;\u0131n hem bireyselde hem de milli tak\u0131mdan antren\u00f6r\u00fc Lokman \u00d6ks\u00fcz, sporcusunun ba\u015far\u0131s\u0131na ili\u015fkin AA muhabirine \u015fu de\u011ferlendirmede bulundu:<\/p>\n<p>&#8220;Sporcumuz Emmirhan, bug\u00fcn Avrupa \u015eampiyonas\u0131&#8217;nda 100 metre, uzun atlama ve g\u00fclle atmadan olu\u015fan triatlonda kendisine ait olan d\u00fcnya rekorunu k\u0131rarak yeni bir rekorla Avrupa \u015fampiyonu olmu\u015ftur. Bu bizi \u00e7ok sevindirdi, \u00e7ok duyguland\u0131rd\u0131. Emirhan ile 6 y\u0131ld\u0131r beraber \u00e7al\u0131\u015f\u0131yoruz, emeklerimizin kar\u015f\u0131l\u0131\u011f\u0131n\u0131 almak \u00e7ok g\u00fczel. Allah&#8217;a \u015f\u00fck\u00fcrler olsun, bu konuda bize destek olan ba\u015fta Cumhurba\u015fkan\u0131m\u0131z Say\u0131n Recep Tayyip Erdo\u011fan&#8217;a, Gen\u00e7lik ve Spor Bakan\u0131m\u0131za, federasyon ba\u015fkan\u0131m\u0131za ve sporcumuzun ailesine \u00e7ok te\u015fekk\u00fcr ediyorum.&#8221;<\/p>\n<p>Atletizmde di\u011fer milli sporculardan Dilara \u00c7evik ise 400 metre ko\u015fuda bronz madalya kazand\u0131.<\/p>\n<p><img decoding=\"async\" alt=\"\" src=\"https:\/\/www.aa.com.tr\/uploads\/userFiles\/40b5e6df-807a-4c96-8fee-5e91cbea23a3\/2023%2FEyl%C3%BCl%2FTSM2.jpg\"\/><\/p>\n<h3>Down sendromlu judoculardan 5 alt\u0131n madalya<\/h3>\n<p>\u015eampiyonan\u0131n alt\u0131nc\u0131 g\u00fcn\u00fcnde judo bran\u015f\u0131ndaki bireysel m\u00fcsabakalarda milli tak\u0131mda yer alan t\u00fcm sporcular alt\u0131n madalya kazand\u0131.<\/p>\n<p>Padova&#8217;daki \u015fampiyonada judo bran\u015f\u0131nda 48 kiloda milli sporcu Firuze Ferda Sevval Devrim, +78 kiloda Zeynep Sude Bilginer, 66 kiloda Musa Alan, 73 kiloda Ahmet \u00dcnal, 73 kiloda mozaik sporculardan (T23) Talha Ahmet Erdem alt\u0131n madalyan\u0131n sahibi oldu.<\/p>\n<p><img decoding=\"async\" alt=\"\" src=\"https:\/\/www.aa.com.tr\/uploads\/userFiles\/40b5e6df-807a-4c96-8fee-5e91cbea23a3\/2023%2FEyl%C3%BCl%2FTTSM3.jpg\"\/><\/p>\n<h3>Y\u00fczmede 2 alt\u0131n, 2 g\u00fcm\u00fc\u015f madalya kazan\u0131ld\u0131<\/h3>\n<p>\u015eampiyonada y\u00fczme bran\u015f\u0131nda milli sporculardan Ada Zehra Anlat\u0131c\u0131, 200 metre ferdi kar\u0131\u015f\u0131k stilinde alt\u0131n, 50 metre kurba\u011falamada da alt\u0131n madalya kazanma ba\u015far\u0131s\u0131 g\u00f6sterdi.<\/p>\n<p>Milli y\u00fcz\u00fcc\u00fclerden \u0130rem \u00d6ztekin ise 200 metre ferdi kar\u0131\u015f\u0131k stilinde g\u00fcm\u00fc\u015f, 50 metre kurba\u011falamada da g\u00fcm\u00fc\u015f madalya kazand\u0131.<\/p>\n<p>                            <span class=\"detay-foto-editor\">&#13;<br \/>\n                                <a href=\"https:\/\/www.aa.com.tr\/tr\/p\/abonelik-talep-formu\/1001\" target=\"_blank\" style=\"font-size:12px; color:#444; text-decoration:none;\" rel=\"noopener\">&#13;<br \/>\n                                    Anadolu Ajans\u0131 web sitesinde, AA Haber Ak\u0131\u015f Sistemi (HAS) \u00fczerinden abonelere sunulan haberler, \u00f6zetlenerek yay\u0131mlanmaktad\u0131r. <b style=\"color:#1897F7\">Abonelik i\u00e7in l\u00fctfen ileti\u015fime ge\u00e7iniz.<\/b>&#13;<br \/>\n                                <\/a>&#13;<br \/>\n                            <\/span>\n                        <\/div>\n<p><script>\n\t  window.fbAsyncInit = function() {\n\t\tFB.init({\n\t\t  appId: '1855843514662870',\n\t\t  status : true, \/\/ check login status\n\t\t  cookie : true, \/\/ enable cookies to allow the server to access the session\n\t\t  xfbml  : true  \/\/ parse XFBML\n\t\t});\n\t  };<\/p>\n<p>\t  (function() {\n\t\tvar e = document.createElement('script');\n\t\te.src=\"https:\/\/connect.facebook.net\/tr_TR\/all.js\";\n\t\te.async = true;\n\t\tdocument.getElementById('fb-root').appendChild(e);\n\t  }());\n    <\/script><\/p>\n","protected":false},"excerpt":{"rendered":"<p>Down sendromlu \u00f6zel sporculardan milli atlet Emirhan Ak\u00e7akoca, \u0130talya&#8217;da d\u00fczenlenen Avrupa \u015eampiyonas\u0131&#8217;nda kendisine ait olan d\u00fcnya rekorunu geli\u015ftirdi. Padova kentindeki Down Sendromlular Avrupa \u015eampiyonas\u0131&#8216;nda ay-y\u0131ld\u0131zl\u0131 atletlerden Emirhan, 100 metre, uzun atlama ve g\u00fclle atmadan olu\u015fan triatlonda (3&#8217;l\u00fc yar\u0131\u015f) 2298 puanla kendisine ait olan d\u00fcnya rekorunu, bug\u00fcn yapt\u0131\u011f\u0131 2320 puanl\u0131k derecesiyle k\u0131rd\u0131 ve alt\u0131n madalyan\u0131n sahibi [&hellip;]<\/p>\n","protected":false},"author":1,"featured_media":13985,"comment_status":"","ping_status":"","sticky":false,"template":"","format":"standard","meta":[],"categories":[48],"tags":[],"_links":{"self":[{"href":"https:\/\/kraios.app\/news\/wp-json\/wp\/v2\/posts\/13984"}],"collection":[{"href":"https:\/\/kraios.app\/news\/wp-json\/wp\/v2\/posts"}],"about":[{"href":"https:\/\/kraios.app\/news\/wp-json\/wp\/v2\/types\/post"}],"author":[{"embeddable":true,"href":"https:\/\/kraios.app\/news\/wp-json\/wp\/v2\/users\/1"}],"replies":[{"embeddable":true,"href":"https:\/\/kraios.app\/news\/wp-json\/wp\/v2\/comments?post=13984"}],"version-history":[{"count":0,"href":"https:\/\/kraios.app\/news\/wp-json\/wp\/v2\/posts\/13984\/revisions"}],"wp:featuredmedia":[{"embeddable":true,"href":"https:\/\/kraios.app\/news\/wp-json\/wp\/v2\/media\/13985"}],"wp:attachment":[{"href":"https:\/\/kraios.app\/news\/wp-json\/wp\/v2\/media?parent=13984"}],"wp:term":[{"taxonomy":"category","embeddable":true,"href":"https:\/\/kraios.app\/news\/wp-json\/wp\/v2\/categories?post=13984"},{"taxonomy":"post_tag","embeddable":true,"href":"https:\/\/kraios.app\/news\/wp-json\/wp\/v2\/tags?post=13984"}],"curies":[{"name":"wp","href":"https:\/\/api.w.org\/{rel}","templated":true}]}}