{"id":13960,"date":"2023-09-08T15:54:31","date_gmt":"2023-09-08T15:54:31","guid":{"rendered":"https:\/\/kraios.app\/news\/siyaset\/2023\/09\/08\/ak-parti-antalya-milletvekili-uslu-urdun-filistin-israil-temaslarini-aaya-degerlendirdi\/"},"modified":"2023-09-08T15:54:31","modified_gmt":"2023-09-08T15:54:31","slug":"ak-parti-antalya-milletvekili-uslu-urdun-filistin-israil-temaslarini-aaya-degerlendirdi","status":"publish","type":"post","link":"https:\/\/kraios.app\/news\/siyaset\/2023\/09\/08\/ak-parti-antalya-milletvekili-uslu-urdun-filistin-israil-temaslarini-aaya-degerlendirdi\/","title":{"rendered":"AK Parti Antalya Milletvekili Uslu, \u00dcrd\u00fcn, Filistin, \u0130srail temaslar\u0131n\u0131 AA&#8217;ya de\u011ferlendirdi"},"content":{"rendered":"<p><\/p>\n<div>\n<p>Akdeniz Parlamenterler Asamblesi (AKDEN\u0130Z-PA) T\u00fcrk Grubu Ba\u015fkan\u0131 ve AK Parti Antalya Milletvekili Atay Uslu, \u00dcrd\u00fcn, Filistin ve \u0130srail&#8217;e yapt\u0131\u011f\u0131 ziyaretlerde T\u00fcrkiye&#8217;nin Filistin davas\u0131na verdi\u011fi deste\u011fi ve Mescid-i Aksa konusundaki g\u00f6r\u00fc\u015flerini muhataplar\u0131na ilettiklerini s\u00f6yledi.<\/p>\n<p>AKDEN\u0130Z-PA&#8217;n\u0131n d\u00fczenledi\u011fi Orta Do\u011fu Y\u00fcksek Seviyeli G\u00f6rev toplant\u0131lar\u0131 kapsam\u0131nda Filistin&#8217;e gelen Uslu, Mescid-i Aksa&#8217;daki cuma namaz\u0131n\u0131n ard\u0131ndan AA muhabirine konu\u015ftu.<\/p>\n<p>AKDEN\u0130Z-PA Orta Do\u011fu heyetinde 10 \u00fclkeden 16 temsilcinin yer ald\u0131\u011f\u0131n\u0131 belirten Atay, \u00dcrd\u00fcn&#8217;\u00fcn ba\u015fkenti Amman&#8217;da ilgili bakanlarla &#8220;Filistin meselesi, Kud\u00fcs, b\u00f6lgede istikrar\u0131n sa\u011flanmas\u0131, ekonomik ili\u015fkilerin geli\u015ftirilmesi, \u00dcrd\u00fcn&#8217;deki 1,4 milyon Suriyeli s\u0131\u011f\u0131nmac\u0131n\u0131n durumu ve bunlar\u0131n g\u00f6n\u00fcll\u00fc geri d\u00f6n\u00fc\u015f\u00fc&#8221; konular\u0131n\u0131 ele ald\u0131klar\u0131n\u0131 kaydetti.<\/p>\n<p>Atay, \u00dcrd\u00fcnl\u00fc yetkililerin, Esed rejimiyle resmi g\u00f6r\u00fc\u015fmeler yapmalar\u0131na ra\u011fmen son 2 y\u0131lda g\u00fcvenli ve g\u00f6n\u00fcll\u00fc \u00fclkesine geri d\u00f6nen Suriyeli say\u0131s\u0131n\u0131n 2 bin oldu\u011funu aktard\u0131\u011f\u0131na dikkati \u00e7ekerek, &#8220;T\u00fcrkiye bug\u00fcne kadar olu\u015fturdu\u011fu g\u00fcvenli b\u00f6lgeyle 600 bine yak\u0131n Suriyelinin g\u00fcvenli, onurlu ve g\u00f6n\u00fcll\u00fc bir \u015fekilde \u00fclkelerine d\u00f6n\u00fc\u015f\u00fcn\u00fc ger\u00e7ekle\u015ftirdi. Bu s\u00fcrecin d\u00fcnyaya \u00f6rnek \u015fekilde y\u00fcr\u00fct\u00fcld\u00fc\u011f\u00fcn\u00fc bir kez daha \u00dcrd\u00fcn&#8217;de g\u00f6rd\u00fck.&#8221; dedi.<\/p>\n<h3>&#8220;T\u00fcrkiye&#8217;nin Filistin davas\u0131na deste\u011fi tam&#8221;<\/h3>\n<p>Filistin&#8217;de Ba\u015fbakan Muhammed I\u015ftiyye ve Filistin Ulusal Meclis Ba\u015fkan\u0131 Ruhi Fettuh ile g\u00f6r\u00fc\u015ft\u00fcklerini aktaran Atay, \u015funlar\u0131 kaydetti:<\/p>\n<p>&#8220;T\u00fcrkiye&#8217;nin Filistin davas\u0131na deste\u011fi tam. Bizler de parlamenterler olarak Filistin halk\u0131n\u0131n ve Filistin davas\u0131n\u0131n yan\u0131nday\u0131z. G\u00f6r\u00fc\u015fmelerimizde bunu bir kez daha ifade ettik ve dedik ki; Kud\u00fcs&#8217;\u00fcn \u00f6zg\u00fcrle\u015ftirilmesi, Mescid-i Aksa&#8217;n\u0131n \u00f6zg\u00fcrle\u015ftirilmesi, 1967 s\u0131n\u0131rlar\u0131nda Do\u011fu Kud\u00fcs&#8217;\u00fcn ba\u015fkent kabul edildi\u011fi Filistin&#8217;in kabul edilmesi ve tan\u0131nmas\u0131 konusundaki fikrimizi g\u00f6r\u00fc\u015f\u00fcm\u00fcz\u00fc muhataplar\u0131m\u0131za bir kez daha ifade ettik. Bu hem h\u00fck\u00fcmetimizin hem devletimizin hem T\u00fcrk milletinin g\u00f6r\u00fc\u015f\u00fcyd\u00fc.&#8221;<\/p>\n<p>Atay, \u0130srail&#8217;de de Meclis Ba\u015fkan\u0131 Amir Ohana ve di\u011fer parlamenterlerle g\u00f6r\u00fc\u015fmelerinde &#8220;Filistin davas\u0131 ve Mescid-i Aksa konusundaki g\u00f6r\u00fc\u015flerini payla\u015ft\u0131klar\u0131n\u0131&#8221; aktard\u0131.<\/p>\n<h3>&#8220;Cumhurba\u015fkan\u0131m\u0131z\u0131n oynad\u0131\u011f\u0131 rol\u00fc bir kez daha g\u00f6rd\u00fck&#8221;<\/h3>\n<p>T\u00fcrkiye&#8217;nin rol modelli\u011fi ve liderli\u011finin herkes taraf\u0131ndan kabul edildi\u011fini dile getiren Atay, &#8220;Cumhurba\u015fkan\u0131m\u0131z\u0131n oynad\u0131\u011f\u0131 rol\u00fc bir kez daha g\u00f6rd\u00fck. Sahaya \u00e7\u0131kt\u0131\u011f\u0131m\u0131zda halkta ayn\u0131 duygular\u0131n oldu\u011fu, T\u00fcrkiye Cumhuriyeti&#8217;nin asl\u0131nda b\u00f6lgede bir lider oldu\u011fu, Tayyip Erdo\u011fan&#8217;\u0131n bir liderlik \u00fcstlendi\u011fini hissettik.&#8221; ifadesini kulland\u0131.<\/p>\n<p>T\u00fcrkiye&#8217;nin Rusya ve Ukrayna aras\u0131nda arabuluculuk etti\u011fi Karadeniz Tah\u0131l Koridoruna ili\u015fkin Cumhurba\u015fkan\u0131 Recep Tayyip Erdo\u011fan-Rusya Devlet Ba\u015fkan\u0131 Vladimir Putin g\u00f6r\u00fc\u015fmesinin de AKDEN\u0130Z-PA heyetindeki muhataplar\u0131 taraf\u0131ndan yak\u0131ndan izlendi\u011fini vurgulayan Atay, s\u00f6zlerini \u015f\u00f6yle tamamlad\u0131:<\/p>\n<p>&#8220;T\u00fcrkiye sadece Orta Do\u011fu&#8217;da de\u011fil, Kafkaslarda ve Avrupa&#8217;da da farkl\u0131 bir rolde ve herkes de bu rol\u00fc kabul etmi\u015f durumda.&#8221; <\/p>\n<p>                            <span class=\"detay-foto-editor\">&#13;<br \/>\n                                <a href=\"https:\/\/www.aa.com.tr\/tr\/p\/abonelik-talep-formu\/1001\" target=\"_blank\" style=\"font-size:12px; color:#444; text-decoration:none;\" rel=\"noopener\">&#13;<br \/>\n                                    Anadolu Ajans\u0131 web sitesinde, AA Haber Ak\u0131\u015f Sistemi (HAS) \u00fczerinden abonelere sunulan haberler, \u00f6zetlenerek yay\u0131mlanmaktad\u0131r. <b style=\"color:#1897F7\">Abonelik i\u00e7in l\u00fctfen ileti\u015fime ge\u00e7iniz.<\/b>&#13;<br \/>\n                                <\/a>&#13;<br \/>\n                            <\/span>\n                        <\/div>\n<p><script>\n\t  window.fbAsyncInit = function() {\n\t\tFB.init({\n\t\t  appId: '1855843514662870',\n\t\t  status : true, \/\/ check login status\n\t\t  cookie : true, \/\/ enable cookies to allow the server to access the session\n\t\t  xfbml  : true  \/\/ parse XFBML\n\t\t});\n\t  };<\/p>\n<p>\t  (function() {\n\t\tvar e = document.createElement('script');\n\t\te.src=\"https:\/\/connect.facebook.net\/tr_TR\/all.js\";\n\t\te.async = true;\n\t\tdocument.getElementById('fb-root').appendChild(e);\n\t  }());\n    <\/script><\/p>\n","protected":false},"excerpt":{"rendered":"<p>Akdeniz Parlamenterler Asamblesi (AKDEN\u0130Z-PA) T\u00fcrk Grubu Ba\u015fkan\u0131 ve AK Parti Antalya Milletvekili Atay Uslu, \u00dcrd\u00fcn, Filistin ve \u0130srail&#8217;e yapt\u0131\u011f\u0131 ziyaretlerde T\u00fcrkiye&#8217;nin Filistin davas\u0131na verdi\u011fi deste\u011fi ve Mescid-i Aksa konusundaki g\u00f6r\u00fc\u015flerini muhataplar\u0131na ilettiklerini s\u00f6yledi. AKDEN\u0130Z-PA&#8217;n\u0131n d\u00fczenledi\u011fi Orta Do\u011fu Y\u00fcksek Seviyeli G\u00f6rev toplant\u0131lar\u0131 kapsam\u0131nda Filistin&#8217;e gelen Uslu, Mescid-i Aksa&#8217;daki cuma namaz\u0131n\u0131n ard\u0131ndan AA muhabirine konu\u015ftu. AKDEN\u0130Z-PA Orta [&hellip;]<\/p>\n","protected":false},"author":1,"featured_media":13961,"comment_status":"","ping_status":"","sticky":false,"template":"","format":"standard","meta":[],"categories":[47],"tags":[],"_links":{"self":[{"href":"https:\/\/kraios.app\/news\/wp-json\/wp\/v2\/posts\/13960"}],"collection":[{"href":"https:\/\/kraios.app\/news\/wp-json\/wp\/v2\/posts"}],"about":[{"href":"https:\/\/kraios.app\/news\/wp-json\/wp\/v2\/types\/post"}],"author":[{"embeddable":true,"href":"https:\/\/kraios.app\/news\/wp-json\/wp\/v2\/users\/1"}],"replies":[{"embeddable":true,"href":"https:\/\/kraios.app\/news\/wp-json\/wp\/v2\/comments?post=13960"}],"version-history":[{"count":0,"href":"https:\/\/kraios.app\/news\/wp-json\/wp\/v2\/posts\/13960\/revisions"}],"wp:featuredmedia":[{"embeddable":true,"href":"https:\/\/kraios.app\/news\/wp-json\/wp\/v2\/media\/13961"}],"wp:attachment":[{"href":"https:\/\/kraios.app\/news\/wp-json\/wp\/v2\/media?parent=13960"}],"wp:term":[{"taxonomy":"category","embeddable":true,"href":"https:\/\/kraios.app\/news\/wp-json\/wp\/v2\/categories?post=13960"},{"taxonomy":"post_tag","embeddable":true,"href":"https:\/\/kraios.app\/news\/wp-json\/wp\/v2\/tags?post=13960"}],"curies":[{"name":"wp","href":"https:\/\/api.w.org\/{rel}","templated":true}]}}